{"id":30947,"date":"2023-04-14T08:10:17","date_gmt":"2023-04-14T11:10:17","guid":{"rendered":"http:\/\/dsrmedios.com.ar\/diario\/?p=30947"},"modified":"2023-04-14T08:10:20","modified_gmt":"2023-04-14T11:10:20","slug":"wado-no-le-cierra-la-puerta-a-su-candidatura-pero-aclara-que-no-tiene-interes-personal","status":"publish","type":"post","link":"http:\/\/dsrmedios.com.ar\/diario\/archivos\/30947","title":{"rendered":"<strong>Wado no le cierra la puerta a su candidatura, pero aclara que \u201cno tiene inter\u00e9s personal\u201d<\/strong>"},"content":{"rendered":"\n<figure class=\"wp-block-table\"><table><tbody><tr><td>El ministro del Interior, Wado de Pedro, brind\u00f3 declaraciones a la prensa en el marco de la movilizaci\u00f3n denominada &#8220;Democracia o Mafia Judicial&#8221;, en apoyo a la vicepresidenta Cristina Kirchner donde, consultado por la prensa, se refiri\u00f3 a las pr\u00f3ximas elecciones.<br><br>&#8220;El Presidente de la Naci\u00f3n muchas veces manifest\u00f3 el deseo de presentarse, con lo cual ser\u00eda muy l\u00f3gico que si tiene ganas, se pueda presentar. Y yo voy a hacer lo que Cristina, los gobernadores, los intendentes, la militancia, lo que todo el espacio pol\u00edtico analice que es m\u00e1s conveniente\u201d, expres\u00f3.<br><br>En este marco, el funcionario plante\u00f3: \u201cPuedo estar pegando carteles o puedo ser candidato, no tengo ning\u00fan inter\u00e9s personal, solamente el inter\u00e9s colectivo de un proceso de desarrollo para la Argentina se pueda se pueda realizar&#8221;.<br><br>Dirigentes de un amplio espectro de organizaciones pol\u00edticas, sociales y sindicales realizaron hoy una marcha hacia los Tribunales bajo el lema &#8220;democracia o mafia judicial&#8221; y en rechazo a la &#8220;proscripci\u00f3n&#8221; de la vicepresidenta Cristina Fern\u00e1ndez de Kirchner.<br><br>De acuerdo con lo previsto, la convocatoria tuvo lugar a partir de las 16 en la Plaza Lavalle, frente al Palacio de Tribunales de la calle Talcahuano al 500, sede de la Corte Suprema de Justicia.<br><br>Quien cerr\u00f3 el acto es el gobernador Axel Kicillof, quien apunt\u00f3 contra la Justicia por ser c\u00f3mplice de los golpes militares y las proscripciones a lo largo de la historia. Wado estuvo detr\u00e1s del Gobernador, en la primera fila sobre el escenario.<\/td><\/tr><\/tbody><\/table><\/figure>\n\n\n\n<p>Fuente: Latecla<\/p>\n","protected":false},"excerpt":{"rendered":"<div class=\"mh-excerpt\"><p>El ministro del Interior, Wado de Pedro, brind\u00f3 declaraciones a la prensa en el marco de la movilizaci\u00f3n denominada &#8220;Democracia o Mafia Judicial&#8221;, en apoyo a la vicepresidenta Cristina Kirchner donde, consultado por la prensa, se refiri\u00f3 a las pr\u00f3ximas elecciones. &#8220;El Presidente de la Naci\u00f3n muchas veces manifest\u00f3 el deseo de presentarse, con lo cual ser\u00eda muy l\u00f3gico que si tiene ganas, se pueda presentar. Y yo voy a hacer lo que Cristina, los gobernadores, los intendentes, la militancia, lo que todo el espacio pol\u00edtico analice que es m\u00e1s conveniente\u201d, expres\u00f3. En este marco, el funcionario plante\u00f3: \u201cPuedo estar <a class=\"mh-excerpt-more\" href=\"http:\/\/dsrmedios.com.ar\/diario\/archivos\/30947\" title=\"Wado no le cierra la puerta a su candidatura, pero aclara que \u201cno tiene inter\u00e9s personal\u201d\">[Leer m\u00e1s]<\/a><\/p>\n<\/div>","protected":false},"author":6,"featured_media":30948,"comment_status":"open","ping_status":"closed","sticky":false,"template":"","format":"standard","meta":{"_jetpack_newsletter_access":""},"categories":[6],"tags":[],"jetpack_featured_media_url":"http:\/\/dsrmedios.com.ar\/diario\/wp-content\/uploads\/2023\/04\/descarga-11.jpg","jetpack_sharing_enabled":true,"jetpack_shortlink":"https:\/\/wp.me\/p9fihK-839","_links":{"self":[{"href":"http:\/\/dsrmedios.com.ar\/diario\/wp-json\/wp\/v2\/posts\/30947"}],"collection":[{"href":"http:\/\/dsrmedios.com.ar\/diario\/wp-json\/wp\/v2\/posts"}],"about":[{"href":"http:\/\/dsrmedios.com.ar\/diario\/wp-json\/wp\/v2\/types\/post"}],"author":[{"embeddable":true,"href":"http:\/\/dsrmedios.com.ar\/diario\/wp-json\/wp\/v2\/users\/6"}],"replies":[{"embeddable":true,"href":"http:\/\/dsrmedios.com.ar\/diario\/wp-json\/wp\/v2\/comments?post=30947"}],"version-history":[{"count":1,"href":"http:\/\/dsrmedios.com.ar\/diario\/wp-json\/wp\/v2\/posts\/30947\/revisions"}],"predecessor-version":[{"id":30949,"href":"http:\/\/dsrmedios.com.ar\/diario\/wp-json\/wp\/v2\/posts\/30947\/revisions\/30949"}],"wp:featuredmedia":[{"embeddable":true,"href":"http:\/\/dsrmedios.com.ar\/diario\/wp-json\/wp\/v2\/media\/30948"}],"wp:attachment":[{"href":"http:\/\/dsrmedios.com.ar\/diario\/wp-json\/wp\/v2\/media?parent=30947"}],"wp:term":[{"taxonomy":"category","embeddable":true,"href":"http:\/\/dsrmedios.com.ar\/diario\/wp-json\/wp\/v2\/categories?post=30947"},{"taxonomy":"post_tag","embeddable":true,"href":"http:\/\/dsrmedios.com.ar\/diario\/wp-json\/wp\/v2\/tags?post=30947"}],"curies":[{"name":"wp","href":"https:\/\/api.w.org\/{rel}","templated":true}]}}