{"id":30942,"date":"2023-04-14T08:07:46","date_gmt":"2023-04-14T11:07:46","guid":{"rendered":"http:\/\/dsrmedios.com.ar\/diario\/?p=30942"},"modified":"2023-04-14T08:07:48","modified_gmt":"2023-04-14T11:07:48","slug":"alza-de-precios-un-combo-explosivo-para-el-reparto-de-fondos","status":"publish","type":"post","link":"http:\/\/dsrmedios.com.ar\/diario\/archivos\/30942","title":{"rendered":"<strong>Alza de precios, un combo explosivo para el reparto de fondos<\/strong>"},"content":{"rendered":"\n<figure class=\"wp-block-table\"><table><tbody><tr><td>En marzo de este a\u00f1o llegaron al territorio bonaerense $178.338.988,2 millones en concepto de coparticipaci\u00f3n nacional y el a\u00f1o pasado en el mismo mes la transferencia fue de $87.265.376,1 millones.<br><br>Esa diferencia de $91.073.612,1 millones implic\u00f3 que los recursos federales crecieran un 104,36% en la comparaci\u00f3n interanual, cuando en febrero la comparativa de suba de precios registr\u00f3 un incremento de 102,5% (*).&nbsp;<br><br>Mientras tanto, a la espera del nuevo \u00edndice de precios que dar\u00e1 a conocer el Instituto Nacional de Estad\u00edstica y Censos (Indec), la mayor\u00eda de las estimaciones realizadas por consultoras coinciden en que la inflaci\u00f3n de marzo ser\u00e1 la m\u00e1s alta de los \u00faltimos seis meses. Las proyecciones anticipan que se ubicar\u00e1 entre 6,9% y 7,4%.&nbsp;<br><br>En este contexto, el economista Miguel Ponce se mostr\u00f3 esc\u00e9ptico: \u201cLamentablemente marzo va a estar arriba de febrero, creo que va a estar arriba de 7%, algunos colegas hablan de 7.5 %, por lo cual tenemos que marzo ha estado arriba de febrero, febrero arriba de enero y enero arriba de diciembre. Por lo cual el cuadro de situaci\u00f3n se agrava , pero adem\u00e1s, estamos hablando de \u00edndice general de precios, pero lo peor no es el \u00edndice general y la inflaci\u00f3n, lo peor es que los consumos populares est\u00e1n , todos, por encima de ese \u00edndice popular, es decir, estamos con una inflaci\u00f3n de alimentos y de bebidas no alcoh\u00f3licas, que por supuesto est\u00e1 por arriba, y ya se consolida, algo que ya hab\u00edamos hablado con La Tecla en su momento, estamos en un inflaci\u00f3n anualizada de tres d\u00edgitos ,por eso hablamos de 120 % para este a\u00f1o, de piso, por lo tanto la situaci\u00f3n es grave en &nbsp;t\u00e9rminos generales, por el \u00edndice inflacionario pero es m\u00e1s grave para los sectores populares\u201d.<br><br>Seg\u00fan publica la agencia Bloomberg las Proyecciones de inflaci\u00f3n marzo 2023 son:<br><br><strong>Ecolatina (IPC Ecolatina): 7,4%.<br>REM: 7%.<br>EcoGo: 7,2%.<br>Empiria: 6,9%.<br>IPC CABA: 7,1%.<br>Orlando Ferreres&amp;Asociados (IPC-OJF GBA): 7,1%.<br>Equilibra: 7%.<br>C&amp;TAsesores Econ\u00f3micos: 7%<\/strong><br><br>*La informaci\u00f3n que suministra la Direcci\u00f3n Nacional de Asuntos Provinciales del Ministerio de Econom\u00eda de la Naci\u00f3n, toma en cuenta los fondos que son depositados por parte del gobierno Federal en las arcas bonaerenses.<br><br>Los recursos transferidos a las administraciones provinciales surgen desde tributos tales como el IVA, el Fondo Compensador, el impuesto al Combustible y el gravamen a las ganancias. Se excluye para este informe cualquier dinero que llegue por fuera de la coparticipaci\u00f3n nacional de impuestos.<\/td><\/tr><\/tbody><\/table><\/figure>\n\n\n\n<p>Fuente: La tecla<\/p>\n","protected":false},"excerpt":{"rendered":"<div class=\"mh-excerpt\"><p>En marzo de este a\u00f1o llegaron al territorio bonaerense $178.338.988,2 millones en concepto de coparticipaci\u00f3n nacional y el a\u00f1o pasado en el mismo mes la transferencia fue de $87.265.376,1 millones. Esa diferencia de $91.073.612,1 millones implic\u00f3 que los recursos federales crecieran un 104,36% en la comparaci\u00f3n interanual, cuando en febrero la comparativa de suba de precios registr\u00f3 un incremento de 102,5% (*).&nbsp; Mientras tanto, a la espera del nuevo \u00edndice de precios que dar\u00e1 a conocer el Instituto Nacional de Estad\u00edstica y Censos (Indec), la mayor\u00eda de las estimaciones realizadas por consultoras coinciden en que la inflaci\u00f3n de marzo ser\u00e1 <a class=\"mh-excerpt-more\" href=\"http:\/\/dsrmedios.com.ar\/diario\/archivos\/30942\" title=\"Alza de precios, un combo explosivo para el reparto de fondos\">[Leer m\u00e1s]<\/a><\/p>\n<\/div>","protected":false},"author":6,"featured_media":30943,"comment_status":"open","ping_status":"closed","sticky":false,"template":"","format":"standard","meta":{"_jetpack_newsletter_access":""},"categories":[6],"tags":[],"jetpack_featured_media_url":"http:\/\/dsrmedios.com.ar\/diario\/wp-content\/uploads\/2023\/04\/161600_3.jpg","jetpack_sharing_enabled":true,"jetpack_shortlink":"https:\/\/wp.me\/p9fihK-834","_links":{"self":[{"href":"http:\/\/dsrmedios.com.ar\/diario\/wp-json\/wp\/v2\/posts\/30942"}],"collection":[{"href":"http:\/\/dsrmedios.com.ar\/diario\/wp-json\/wp\/v2\/posts"}],"about":[{"href":"http:\/\/dsrmedios.com.ar\/diario\/wp-json\/wp\/v2\/types\/post"}],"author":[{"embeddable":true,"href":"http:\/\/dsrmedios.com.ar\/diario\/wp-json\/wp\/v2\/users\/6"}],"replies":[{"embeddable":true,"href":"http:\/\/dsrmedios.com.ar\/diario\/wp-json\/wp\/v2\/comments?post=30942"}],"version-history":[{"count":1,"href":"http:\/\/dsrmedios.com.ar\/diario\/wp-json\/wp\/v2\/posts\/30942\/revisions"}],"predecessor-version":[{"id":30944,"href":"http:\/\/dsrmedios.com.ar\/diario\/wp-json\/wp\/v2\/posts\/30942\/revisions\/30944"}],"wp:featuredmedia":[{"embeddable":true,"href":"http:\/\/dsrmedios.com.ar\/diario\/wp-json\/wp\/v2\/media\/30943"}],"wp:attachment":[{"href":"http:\/\/dsrmedios.com.ar\/diario\/wp-json\/wp\/v2\/media?parent=30942"}],"wp:term":[{"taxonomy":"category","embeddable":true,"href":"http:\/\/dsrmedios.com.ar\/diario\/wp-json\/wp\/v2\/categories?post=30942"},{"taxonomy":"post_tag","embeddable":true,"href":"http:\/\/dsrmedios.com.ar\/diario\/wp-json\/wp\/v2\/tags?post=30942"}],"curies":[{"name":"wp","href":"https:\/\/api.w.org\/{rel}","templated":true}]}}