{"id":30939,"date":"2023-04-14T08:06:23","date_gmt":"2023-04-14T11:06:23","guid":{"rendered":"http:\/\/dsrmedios.com.ar\/diario\/?p=30939"},"modified":"2023-04-14T08:06:26","modified_gmt":"2023-04-14T11:06:26","slug":"excelente-y-convocante-charla-con-eduardo-sotelo-en-carhue","status":"publish","type":"post","link":"http:\/\/dsrmedios.com.ar\/diario\/archivos\/30939","title":{"rendered":"<strong>Excelente y convocante charla con Eduardo Sotelo en Carhu\u00e9<\/strong>"},"content":{"rendered":"\n<h2>Impulsado por Todos Somos Parte y desarrollado junto a la Municipalidad de Adolfo Alsina a trav\u00e9s de las \u00e1reas de Inclusi\u00f3n, G\u00e9nero y Diversidad, y Cultura y Educaci\u00f3n se present\u00f3 Eduardo Sotelo en Casa de la Cultura de Carhu\u00e9.<\/h2>\n\n\n\n<h2>&nbsp;<\/h2>\n\n\n\n<h2>M\u00e1s de 150 asistentes entre profesionales de la educaci\u00f3n, de la salud, de educaci\u00f3n f\u00edsica, acompa\u00f1antes terap\u00e9uticos, estudiantes de carreras afines, familiares de personas con desaf\u00edos en el desarrollo y p\u00fablico en general de Carhu\u00e9, Villa Maza, Rivera, Pig\u00fc\u00e9 y Coronel Su\u00e1rez participaron activamente de la Charla-Taller charla sobre&nbsp;\u201cInclusi\u00f3n y Escuela,&nbsp;por una escuela con m\u00e1s puentes y menos barreras para incluir a las infancias con autismo\u201d.<\/h2>\n\n\n\n<h3>&nbsp;<\/h3>\n\n\n\n<h2>El evento, que moviliz\u00f3 a los presentes atravesando temas como la equidad, inclusi\u00f3n, derechos y atenci\u00f3n a las diferencias, y estrategias de Educaci\u00f3n de Calidad para ni\u00f1os y ni\u00f1as fue abordado por Sotelo empleando recursos y videos de su propia experiencia; jerarquiz\u00f3 el rol docente y el valor de la did\u00e1ctica y destac\u00f3 la importancia de trabajar en equipo familias, docentes y profesionales de la salud.<\/h2>\n\n\n\n<h2>&nbsp;<\/h2>\n\n\n\n<h2>La Secretaria de Cultura de Adolfo Alsina, Gisele Caussanel, fue la encargada de abrir la jornada que se llev\u00f3 a cabo en el marco del Mes del Autismo. Luego inici\u00f3 la charla \u2013 taller, de dos horas de duraci\u00f3n en las que logr\u00f3 completa atenci\u00f3n de los presentes, Eduardo Sotelo: un profesor de Educaci\u00f3n F\u00edsica muy comprometido con las infancias con desaf\u00edos en el desarrollo en ni\u00f1os y adolescentes. El d\u00eda previo a su actividad en Carhu\u00e9, Eduardo Sotelo, hab\u00eda presentado en el Senado de la Naci\u00f3n el proyecto de Ley de Capacitaci\u00f3n para Docentes sobre Discapacidad.<\/h2>\n\n\n\n<h2>&nbsp;<\/h2>\n\n\n\n<h2>La charla se transmiti\u00f3 en vivo por Facebook de la Municipalidad y puede verse a trav\u00e9s del siguiente link:&nbsp;<a href=\"https:\/\/adolfoalsina.us15.list-manage.com\/track\/click?u=5353644e475fca32bed1d20f8&amp;id=497498d9bd&amp;e=e41d8bec1e\" target=\"_blank\" rel=\"noreferrer noopener\">https:\/\/www.facebook.com\/municipalidadadolfoalsina<\/a><\/h2>\n\n\n\n<h2>&nbsp;<\/h2>\n\n\n\n<h2>Estuvieron presentes: Paola Freites, Secretaria de Desarrollo Humano; Gisele Caussanel, Secretaria de Cultura y Educaci\u00f3n;&nbsp; Ezequiel Figueroa, Director de Deportes; Marcelo Lanzilotta, Director del Hospital de Carhu\u00e9; Tamara Guere\u00f1o, Secretaria de Prducci\u00f3n; Mar\u00eda Julia Poir\u00e9, Directora de Comunicaci\u00f3n; Claudia Fhur, Directora de Casa del Ni\u00f1o de Carhu\u00e9, y los Concejales Alba Jungblut &nbsp;y Yamila Pathauer.<\/h2>\n","protected":false},"excerpt":{"rendered":"<div class=\"mh-excerpt\"><p>Impulsado por Todos Somos Parte y desarrollado junto a la Municipalidad de Adolfo Alsina a trav\u00e9s de las \u00e1reas de Inclusi\u00f3n, G\u00e9nero y Diversidad, y Cultura y Educaci\u00f3n se present\u00f3 Eduardo Sotelo en Casa de la Cultura de Carhu\u00e9. &nbsp; M\u00e1s de 150 asistentes entre profesionales de la educaci\u00f3n, de la salud, de educaci\u00f3n f\u00edsica, acompa\u00f1antes terap\u00e9uticos, estudiantes de carreras afines, familiares de personas con desaf\u00edos en el desarrollo y p\u00fablico en general de Carhu\u00e9, Villa Maza, Rivera, Pig\u00fc\u00e9 y Coronel Su\u00e1rez participaron activamente de la Charla-Taller charla sobre&nbsp;\u201cInclusi\u00f3n y Escuela,&nbsp;por una escuela con m\u00e1s puentes y menos barreras para <a class=\"mh-excerpt-more\" href=\"http:\/\/dsrmedios.com.ar\/diario\/archivos\/30939\" title=\"Excelente y convocante charla con Eduardo Sotelo en Carhu\u00e9\">[Leer m\u00e1s]<\/a><\/p>\n<\/div>","protected":false},"author":6,"featured_media":30940,"comment_status":"open","ping_status":"closed","sticky":false,"template":"","format":"standard","meta":{"_jetpack_newsletter_access":""},"categories":[31,5],"tags":[],"jetpack_featured_media_url":"http:\/\/dsrmedios.com.ar\/diario\/wp-content\/uploads\/2023\/04\/1-140-scaled.jpg","jetpack_sharing_enabled":true,"jetpack_shortlink":"https:\/\/wp.me\/p9fihK-831","_links":{"self":[{"href":"http:\/\/dsrmedios.com.ar\/diario\/wp-json\/wp\/v2\/posts\/30939"}],"collection":[{"href":"http:\/\/dsrmedios.com.ar\/diario\/wp-json\/wp\/v2\/posts"}],"about":[{"href":"http:\/\/dsrmedios.com.ar\/diario\/wp-json\/wp\/v2\/types\/post"}],"author":[{"embeddable":true,"href":"http:\/\/dsrmedios.com.ar\/diario\/wp-json\/wp\/v2\/users\/6"}],"replies":[{"embeddable":true,"href":"http:\/\/dsrmedios.com.ar\/diario\/wp-json\/wp\/v2\/comments?post=30939"}],"version-history":[{"count":1,"href":"http:\/\/dsrmedios.com.ar\/diario\/wp-json\/wp\/v2\/posts\/30939\/revisions"}],"predecessor-version":[{"id":30941,"href":"http:\/\/dsrmedios.com.ar\/diario\/wp-json\/wp\/v2\/posts\/30939\/revisions\/30941"}],"wp:featuredmedia":[{"embeddable":true,"href":"http:\/\/dsrmedios.com.ar\/diario\/wp-json\/wp\/v2\/media\/30940"}],"wp:attachment":[{"href":"http:\/\/dsrmedios.com.ar\/diario\/wp-json\/wp\/v2\/media?parent=30939"}],"wp:term":[{"taxonomy":"category","embeddable":true,"href":"http:\/\/dsrmedios.com.ar\/diario\/wp-json\/wp\/v2\/categories?post=30939"},{"taxonomy":"post_tag","embeddable":true,"href":"http:\/\/dsrmedios.com.ar\/diario\/wp-json\/wp\/v2\/tags?post=30939"}],"curies":[{"name":"wp","href":"https:\/\/api.w.org\/{rel}","templated":true}]}}