{"id":30929,"date":"2023-04-14T07:35:22","date_gmt":"2023-04-14T10:35:22","guid":{"rendered":"http:\/\/dsrmedios.com.ar\/diario\/?p=30929"},"modified":"2023-04-14T07:35:24","modified_gmt":"2023-04-14T10:35:24","slug":"patricia-bullrich-deja-la-presidencia-del-pro-ha-sido-un-gran-privilegio","status":"publish","type":"post","link":"http:\/\/dsrmedios.com.ar\/diario\/archivos\/30929","title":{"rendered":"Patricia Bullrich deja la presidencia del Pro:\u00a0&#8220;Ha sido un gran privilegio&#8221;"},"content":{"rendered":"\n<p>En pleno contexto de lanzamiento de cara a las Elecciones,&nbsp;<strong>Patricia Bullrich<\/strong>&nbsp;anunci\u00f3 que pidi\u00f3 licencia de la presidencia del Pro. La ex ministra de Seguridad acudi\u00f3 a su cuenta de Twitter para informar que priorizar\u00e1&nbsp;su carrera electoral en los pr\u00f3ximos meses.<\/p>\n\n\n\n<p>&#8220;Estando cerca del inicio de un proceso electoral y siendo consecuente con los valores de la verdad y la transparencia,\u00a0<strong>ped\u00ed licencia a la Presidencia del PRO<\/strong>&#8220;, escribi\u00f3 quien ser\u00eda una de las precandidatas\u00a0a presidente de Juntos por el Cambio, junto con\u00a0<strong>Horacio Rodr\u00edguez Larreta<\/strong>.<\/p>\n\n\n\n<p>Adem\u00e1s, en dicha publicaci\u00f3n, complet\u00f3: &#8220;<strong>Ha sido un gran privilegio liderar el partido estos a\u00f1os<\/strong>&#8220;. Tras el anuncio a trav\u00e9s de sus canales de comunicaci\u00f3n, la dirigente comenzar\u00eda con su campa\u00f1a para quedar al frente de la alianza creada por&nbsp;<strong>Mauricio Macri<\/strong>&nbsp;tras las PASO.<\/p>\n\n\n\n<p>Cabe recordar que la fecha l\u00edmite para presentar la candidatura es el 24 de junio. Por otro lado, las Elecciones PASO tendr\u00e1n lugar el domingo 13 de agosto mientras que las Elecciones General ser\u00e1n el 22 de octubre. En caso de que sea necesario un ballotage, se realizar\u00e1 el 19 de noviembre.<\/p>\n\n\n\n<p>Fuente: Cadena26<\/p>\n","protected":false},"excerpt":{"rendered":"<div class=\"mh-excerpt\"><p>En pleno contexto de lanzamiento de cara a las Elecciones,&nbsp;Patricia Bullrich&nbsp;anunci\u00f3 que pidi\u00f3 licencia de la presidencia del Pro. La ex ministra de Seguridad acudi\u00f3 a su cuenta de Twitter para informar que priorizar\u00e1&nbsp;su carrera electoral en los pr\u00f3ximos meses. &#8220;Estando cerca del inicio de un proceso electoral y siendo consecuente con los valores de la verdad y la transparencia,\u00a0ped\u00ed licencia a la Presidencia del PRO&#8220;, escribi\u00f3 quien ser\u00eda una de las precandidatas\u00a0a presidente de Juntos por el Cambio, junto con\u00a0Horacio Rodr\u00edguez Larreta. Adem\u00e1s, en dicha publicaci\u00f3n, complet\u00f3: &#8220;Ha sido un gran privilegio liderar el partido estos a\u00f1os&#8220;. Tras el <a class=\"mh-excerpt-more\" href=\"http:\/\/dsrmedios.com.ar\/diario\/archivos\/30929\" title=\"Patricia Bullrich deja la presidencia del Pro:\u00a0&#8220;Ha sido un gran privilegio&#8221;\">[Leer m\u00e1s]<\/a><\/p>\n<\/div>","protected":false},"author":6,"featured_media":30930,"comment_status":"open","ping_status":"closed","sticky":false,"template":"","format":"standard","meta":{"_jetpack_newsletter_access":""},"categories":[6],"tags":[],"jetpack_featured_media_url":"http:\/\/dsrmedios.com.ar\/diario\/wp-content\/uploads\/2023\/04\/patriciabulrich.png","jetpack_sharing_enabled":true,"jetpack_shortlink":"https:\/\/wp.me\/p9fihK-82R","_links":{"self":[{"href":"http:\/\/dsrmedios.com.ar\/diario\/wp-json\/wp\/v2\/posts\/30929"}],"collection":[{"href":"http:\/\/dsrmedios.com.ar\/diario\/wp-json\/wp\/v2\/posts"}],"about":[{"href":"http:\/\/dsrmedios.com.ar\/diario\/wp-json\/wp\/v2\/types\/post"}],"author":[{"embeddable":true,"href":"http:\/\/dsrmedios.com.ar\/diario\/wp-json\/wp\/v2\/users\/6"}],"replies":[{"embeddable":true,"href":"http:\/\/dsrmedios.com.ar\/diario\/wp-json\/wp\/v2\/comments?post=30929"}],"version-history":[{"count":1,"href":"http:\/\/dsrmedios.com.ar\/diario\/wp-json\/wp\/v2\/posts\/30929\/revisions"}],"predecessor-version":[{"id":30931,"href":"http:\/\/dsrmedios.com.ar\/diario\/wp-json\/wp\/v2\/posts\/30929\/revisions\/30931"}],"wp:featuredmedia":[{"embeddable":true,"href":"http:\/\/dsrmedios.com.ar\/diario\/wp-json\/wp\/v2\/media\/30930"}],"wp:attachment":[{"href":"http:\/\/dsrmedios.com.ar\/diario\/wp-json\/wp\/v2\/media?parent=30929"}],"wp:term":[{"taxonomy":"category","embeddable":true,"href":"http:\/\/dsrmedios.com.ar\/diario\/wp-json\/wp\/v2\/categories?post=30929"},{"taxonomy":"post_tag","embeddable":true,"href":"http:\/\/dsrmedios.com.ar\/diario\/wp-json\/wp\/v2\/tags?post=30929"}],"curies":[{"name":"wp","href":"https:\/\/api.w.org\/{rel}","templated":true}]}}