{"id":30924,"date":"2023-04-14T07:32:08","date_gmt":"2023-04-14T10:32:08","guid":{"rendered":"http:\/\/dsrmedios.com.ar\/diario\/?p=30924"},"modified":"2023-04-14T07:32:10","modified_gmt":"2023-04-14T10:32:10","slug":"olavarria-juntos-blindo-a-funcionario-municipal-apuntado-por-el-escandalo-en-desarollo-social","status":"publish","type":"post","link":"http:\/\/dsrmedios.com.ar\/diario\/archivos\/30924","title":{"rendered":"Olavarr\u00eda: Juntos blind\u00f3 a funcionario municipal apuntado por el esc\u00e1ndalo en Desarollo Social"},"content":{"rendered":"\n<p>En una tensa sesi\u00f3n en el&nbsp;<strong>Concejo Deliberante<\/strong>&nbsp;de Olavarr\u00eda, el oficialismo resisti\u00f3 como pudo los embates del Frente de Todos y blind\u00f3 a&nbsp;<strong>Diego Robbiani<\/strong>, titular de Desarrollo Social municipal, de las acusaciones por&nbsp;<a href=\"https:\/\/infocielo.com\/olavarria\/olavarria-escandalo-las-ayudas-alimentarias-sacude-al-municipio-n758943\" target=\"_blank\" rel=\"noreferrer noopener\">presuntos casos de corrupci\u00f3n<\/a>&nbsp;que habr\u00edan ocurrido bajo la \u00f3rbita de su secretar\u00eda.<\/p>\n\n\n\n<p>La reuni\u00f3n especial solicitada por la oposici\u00f3n tuvo lugar a casi un mes de desatado el esc\u00e1ndalo por presuntas irregularidades en el uso de tarjetas alimentarias, vales de mercader\u00eda y pasajes que golpean de lleno a la gesti\u00f3n del intendente&nbsp;<strong>Ezequiel Galli<\/strong>&nbsp;(PRO).<\/p>\n\n\n\n<p><\/p>\n\n\n\n<p>El destape de posibles \u201cusos indebidos\u201d de fondos p\u00fablicos destinados a personas en condici\u00f3n de vulnerabilidad apuntan, desde hace semanas, al accionar de la subsecretar\u00eda de Desarrollo Social, a cargo de la renunciada, Silvana Rosales, aunque&nbsp;<a href=\"https:\/\/infocielo.com\/olavarria\/olavarria-el-pro-pone-panos-frios-y-el-fdt-va-fondo-el-escandalo-desarrollo-social-n760277\" target=\"_blank\" rel=\"noreferrer noopener\">se llegaba al debate con diferentes posturas<\/a>&nbsp;sobre las responsabilidades y el modo de actuar de las m\u00e1ximas autoridades pol\u00edticas del Municipio.<\/p>\n\n\n\n<h2>\u201cCon la comida no\u201d: la advertencia del Frente de Todos<\/h2>\n\n\n\n<p>La reuni\u00f3n, que fue seguidamente fervorosamente por diferentes actores pol\u00edticos y comunitarios desde las gradas, dio inicio con una pormenorizada exposici\u00f3n de la titular del Frente de Todos, Mercedes Land\u00edvar.<\/p>\n\n\n\n<p>De entrada envi\u00f3 el primer dato de peso. El Frente de Todos&nbsp;<strong>decidi\u00f3 ampliar la denuncia penal<\/strong>&nbsp;que hab\u00eda radicado d\u00edas atr\u00e1s luego de tomar conocimiento de \u201cnuevos hechos de suma gravedad\u201d.<\/p>\n\n\n\n<figure class=\"wp-block-image\"><img decoding=\"async\" src=\"https:\/\/media.infocielo.com\/p\/ee74f9ed88046e23f25224691441ba00\/adjuntos\/299\/imagenes\/001\/624\/0001624516\/887x0\/smart\/la-sesion-olavarria-que-fue-seguidamente-fervorosamente-diferentes-actores-politicos-y-comunitarios-las-gradas.jpg\" alt=\"La sesi\u00f3n en Olavarr\u00eda  que fue seguidamente fervorosamente por diferentes actores pol\u00edticos y comunitarios desde las gradas\"\/><\/figure>\n\n\n\n<p>La sesi\u00f3n en Olavarr\u00eda que fue seguidamente fervorosamente por diferentes actores pol\u00edticos y comunitarios desde las gradas<\/p>\n\n\n\n<p>Antes de aportar esos nuevos elementos, la edil busc\u00f3 contextualizar los alcances de la sesi\u00f3n especial y acus\u00f3 a Juntos de intentar \u201cdesnaturalizar o desdibujar el sentido\u201d de la reuni\u00f3n y de dilatar la convocatoria (veintitr\u00e9s d\u00edas despu\u00e9s del pedido) para colocarla el mismo d\u00eda de la sesi\u00f3n ordinaria.<\/p>\n\n\n\n<p><strong>\u201cEl tema era de extrema urgencia y gravedad institucional. Ameritaba tratarlo de una manera inmediata y no sucedido. Se dijo que lo llev\u00e1bamos a que sea un circo. Lo configuro en una indiferencia, ninguneo. En la soberbia de yo con la mayor\u00eda hago lo que quiero. No existe el consenso y el di\u00e1logo. Eso que se pregonan no existe\u201d&nbsp;<\/strong>lament\u00f3.<\/p>\n\n\n\n<p>Est\u00e1 en juego el alimento y la comida de la gente. Aun as\u00ed no se conmovieron dijo<\/p>\n\n\n\n<p>En otro tramo de su intervenci\u00f3n, cuestion\u00f3 las ideas y vueltas del Municipio en torno a la denuncia penal, instancia que el gobierno de Ezequiel Galli formaliz\u00f3 48 horas antes de la sesi\u00f3n: \u201cSi hay un delito de acci\u00f3n p\u00fablica debemos presentarnos a la justicia.<strong>&nbsp;Hay indicios, irregularidades, mal uso, movimientos de tarjeta que no se hab\u00edan entregado, uso de vales \u00bfQu\u00e9 m\u00e1s quer\u00edan para hacer la denuncia?<\/strong>&nbsp;Robbiani dijo p\u00fablicamente que no iba a hacer la denuncia, por eso la hicimos nosotros\u201d explic\u00f3 Mercedes Land\u00edvar.<\/p>\n\n\n\n<p>Seguidamente, volvi\u00f3 a referirse a los nuevos hechos encontrados por el Frente de Todos en base a las denuncias de vecinos y de trabajadores municipales.<\/p>\n\n\n\n<p>Advirti\u00f3 que funcionarios locales ten\u00edan \u201ctarjetas guardadas en un escritorio, supuestamente para comprarse cosas para beneficio personal y preguntando todos los meses a tus propios empleados los saldos\u201d<\/p>\n\n\n\n<p>\u201cEs absolutamente discrecional el programa. Mentira que se termin\u00f3 con el asistencialismo, al contrario.&nbsp;<strong>A uno le depositan una cosa, a otro otra. Cuando quiera le doy el alta o la baja\u201d<\/strong>&nbsp;dijo en referencia al Programa Alimentario Municipal (PAM).<\/p>\n\n\n\n<p>Incluso denunci\u00f3 que el municipio tom\u00f3 la decisi\u00f3n de seriar las tarjetas alimentarias:&nbsp;<strong>\u201cPersonas que ten\u00edan saldo a favor de repente se encontraron con que ese saldo no estaba m\u00e1s. Lo tenemos acreditato. Seguramente para poner las cosas en orden pero como le vas a sacar la plata a las personas de la cuenta\u201d<\/strong>&nbsp;sostuvo.<\/p>\n\n\n\n<p>Sobre la entrega de vales de alimentos frescos, destinados a personas que padecen enfermedades o a instituciones que ayudan a sectores vulnerables, asegur\u00f3: \u201cRetiraban carne, verduras, l\u00e1cteos y no se las daban a una persona. Vayan a los proveedores y pregunten que retiraban.&nbsp;<strong>Ojal\u00e1 las instituciones y los vecinos pudieran consumir palta, r\u00facula, espinaca, peceto, lomo\u201d<\/strong>&nbsp;continu\u00f3.<\/p>\n\n\n\n<figure class=\"wp-block-image\"><img decoding=\"async\" src=\"https:\/\/media.infocielo.com\/p\/03ed0135dc952b159e5951eca5071d97\/adjuntos\/299\/imagenes\/001\/624\/0001624513\/887x0\/smart\/con-la-comida-no-la-advertencia-del-frente-todos-olavarria.jpg\" alt=\"\u201cCon la comida no\u201d: la advertencia del Frente de Todos de Olavarr\u00eda\"\/><\/figure>\n\n\n\n<p>\u201cCon la comida no\u201d: la advertencia del Frente de Todos de Olavarr\u00eda<\/p>\n\n\n\n<p>\u201cLo mismo sucedi\u00f3 con los pasajes. \u00bfSaben para que se entregan? Para trasladarse por una cuesti\u00f3n de salud, no para irse de paseo\u201d lanz\u00f3 Land\u00edvar<\/p>\n\n\n\n<p>Adem\u00e1s hizo otra grave denuncia referida a la entrega de becas a j\u00f3venes del programa comunitario municipal Callejeadas: \u201c<strong>Se pagan en efectivo, otra de las irregularidades en el \u00e1rea de Desarrollo Social. En efectivo, en el a\u00f1o 2023. Averig\u00fcemos que pas\u00f3 con el total de esas becas porque hay una parte de esas becas que parecer\u00eda ser que no se entregaban\u201d<\/strong>&nbsp;insinu\u00f3.<\/p>\n\n\n\n<p>Mercedes Landivar tambi\u00e9n se refiri\u00f3 a otro de los expedientes en cuesti\u00f3n: el pedido de una&nbsp;<strong>auditor\u00eda externa al Tribunal de Cuentas de la Provincia<\/strong>: \u201cSomos respetuosos de los tiempos. No se est\u00e1 haciendo, se va a hacer con la Rendici\u00f3n de Cuentas \u2013 en respuesta a las afirmaciones previas del PRO sobre una intervenci\u00f3n en curso del organismo-. Y si existe, muestren el n\u00famero de expediente. Que lo digan y desistimos del proyecto pero den el n\u00famero de expediente\u201d lanz\u00f3.<\/p>\n\n\n\n<p>A modo de cierre, explic\u00f3:<strong>&nbsp;\u201cEstamos frente a la posible comisi\u00f3n de varios delitos penales. Dan verg\u00fcenza ajena, tristeza, indignaci\u00f3n. Tiene que ser el l\u00edmite. No se puede con la comida. Con la comida no. No se puede joder con esto\u201d&nbsp;<\/strong>concluy\u00f3.<\/p>\n\n\n\n<p>Desde Foro Olavarr\u00eda (Frente Renovador)&nbsp;<strong>In\u00e9s Creimer<\/strong>&nbsp;carg\u00f3 contra la idea de gesti\u00f3n transparente que pregona el gobierno municipal:&nbsp;<strong>\u201cLa bandera de transparencia tan levantada por el Municipio dista mucho de ser real\u201d&nbsp;<\/strong>advirti\u00f3.<\/p>\n\n\n\n<p>Durante su exposici\u00f3n, no dej\u00f3 pasar la oportunidad de recordar otros temas pol\u00e9micos de la actual gesti\u00f3n municipal, las cuales \u201cvan construyendo en la sociedad olavarriense un manto de duda, una gran desconfianza en los hechos y las acciones del gobierno municipal. Esta situaci\u00f3n se suma a la venta ilegal de terrenos y a lo acontecido con las viviendas TUVI\u201d, enumer\u00f3.<\/p>\n\n\n\n<figure class=\"wp-block-image\"><img decoding=\"async\" src=\"https:\/\/media.infocielo.com\/p\/74b2734cebc78c1e47fccb256e060845\/adjuntos\/299\/imagenes\/001\/624\/0001624514\/887x0\/smart\/desde-foro-olavarria-frente-renovador-ines-creimer-cargo-contra-la-idea-gestion-transparente-que-pregona-el-gobierno-ezequiel-galli.jpg\" alt=\"Desde Foro Olavarr\u00eda (Frente Renovador) In\u00e9s Creimer carg\u00f3 contra la idea de gesti\u00f3n transparente que pregona el gobierno de Ezequiel Galli\"\/><\/figure>\n\n\n\n<p>Desde Foro Olavarr\u00eda (Frente Renovador) In\u00e9s Creimer carg\u00f3 contra la idea de gesti\u00f3n transparente que pregona el gobierno de Ezequiel Galli<\/p>\n\n\n\n<p>Por \u00faltimo, el concejal del Frente de Todos Juan S\u00e1nchez, agreg\u00f3: \u201cSon actos de corrupci\u00f3n. No hay que tenerle miedo a la palabra\u201d sostuvo y se refiri\u00f3 a una curiosa situaci\u00f3n derivada de un comunicado que el bloque de Juntos envi\u00f3 a los medios antes de la intervenci\u00f3n de sus ediles en la sesi\u00f3n.<\/p>\n\n\n\n<p>Tras leer algunos de los p\u00e1rrafos de la gacetilla en cuesti\u00f3n sentenci\u00f3:&nbsp;<strong>\u201cNo debe haber nada m\u00e1s indignante que quedarse con lo que est\u00e1 destinado a las personas con m\u00e1s necesidades. Se comieron sus verduras, las mejores y se comieron sus asados. Y despu\u00e9s los premian\u201d.<\/strong><\/p>\n\n\n\n<p>\u201cDuele much\u00edsimo este silencio estruendoso. El que calla otorga y lo de hoy es una pu\u00f1ada al coraz\u00f3n de los que hemos militado por mejorar la calidad de vida de los m\u00e1s necesitados\u201d<\/p>\n\n\n\n<figure class=\"wp-block-image\"><img decoding=\"async\" src=\"https:\/\/media.infocielo.com\/p\/8e573adeb310a3eabd8469a9e8eb5ddf\/adjuntos\/299\/imagenes\/001\/624\/0001624515\/887x0\/smart\/juan-sanchez-son-actos-corrupcion.jpg\" alt=\"Juan S\u00e1nchez: \u201cSon actos de corrupci\u00f3n\"\/><\/figure>\n\n\n\n<p>Juan S\u00e1nchez: \u201cSon actos de corrupci\u00f3n&#8221;.<\/p>\n\n\n\n<h2>La respuesta del PRO: \u201cEl Municipio actu\u00f3 como correspond\u00eda y en tiempo y forma&#8221;<\/h2>\n\n\n\n<p>En medio de los murmullos, el presidente del bloque de Juntos, Mart\u00edn Endere tom\u00f3 la palabra y asegur\u00f3 que \u201cde ninguna manera hay silencio del bloque\u201d.<\/p>\n\n\n\n<p>En esa l\u00ednea defendi\u00f3 las acciones y los momentos elegidos por las autoridades ante temas \u201csensibles que golpean de lleno a la gesti\u00f3n municipal y a cada uno de los que estamos ac\u00e1\u201d.<\/p>\n\n\n\n<p><strong>\u201cDan por hecho que no hablamos con los empleados y es falaz y tambi\u00e9n nos revuelve el est\u00f3mago. Estamos tratando un tema sensible en un momento sensible no solo de Olavarr\u00eda sino del pa\u00eds\u201d&nbsp;<\/strong>sostuvo.<\/p>\n\n\n\n<p>Durante su explicaci\u00f3n, afirm\u00f3 que muchas de las cosas vertidas por la oposici\u00f3n son \u201cerr\u00f3neas\u201d. \u201cAc\u00e1 nadie niega la existencia de posibles irregularidades. El 23 de marzo se define el apartamiento de la funcionaria posiblemente implicada y el \u00e1rea de Legales realiza el sumario administrativo correspondiente\u201d record\u00f3.<\/p>\n\n\n\n<p>En ese recorrido, consider\u00f3 que la denuncia penal \u201cse desprende del sumario administrativo es realizada en persona por el secretario de Desarrollo Humano. No es una ampliaci\u00f3n de ninguna denuncia sino que es una denuncia particular\u201d.<\/p>\n\n\n\n<p>Seguidamente, su par de bancada&nbsp;<strong>Guillermina Amespil<\/strong>&nbsp;sostuvo que las acciones se tomaron en \u201cmenos de diez d\u00edas h\u00e1biles\u201d si se tienen en cuenta los \u00faltimos feriados.<\/p>\n\n\n\n<figure class=\"wp-block-image\"><img decoding=\"async\" src=\"https:\/\/media.infocielo.com\/p\/9e9120b0d8a9ed2fe228d7cea8936f2e\/adjuntos\/299\/imagenes\/001\/624\/0001624518\/887x0\/smart\/la-respuesta-del-pro-el-municipio-actuo-como-correspondia-y-tiempo-y-forma.jpg\" alt=\"La respuesta del PRO: \u201cEl Municipio actu\u00f3 como correspond\u00eda y en tiempo y forma\"\/><\/figure>\n\n\n\n<p>La respuesta del PRO: \u201cEl Municipio actu\u00f3 como correspond\u00eda y en tiempo y forma&#8221;<\/p>\n\n\n\n<p>Adem\u00e1s insisti\u00f3 en que el Tribunal de Cuentas ya tom\u00f3 cartas en el asunto desde el 22 de marzo donde&nbsp;<strong>\u201csolicitan informaci\u00f3n tarjetas Cabal y esto se desconoci\u00f3\u201d<\/strong>&nbsp;dijo<\/p>\n\n\n\n<h2>\u201cEl hambre y la pobreza no saben de d\u00edas h\u00e1biles\u201d<\/h2>\n\n\n\n<p>Por su parte, la concejala de Ahora Olavarr\u00eda,&nbsp;<strong>Celeste Arouxet&nbsp;<\/strong>(precandidata a intendente de Javier Milei) replic\u00f3: \u201cel hambre y la pobreza no saben de d\u00edas h\u00e1biles hay que tenerlo claro para hablar de los dem\u00e1s\u201d.<\/p>\n\n\n\n<p>Afirm\u00f3 que lo ocurrido en Desarrollo Social \u201cme da dolor impotencia, asco y repugnancia. Se metieron con los que menos tienen, se pasaron de la raya\u201d sostuvo .<\/p>\n\n\n\n<figure class=\"wp-block-image\"><img decoding=\"async\" src=\"https:\/\/media.infocielo.com\/p\/13329d048095e4d5b44224d4ae7378c8\/adjuntos\/299\/imagenes\/001\/624\/0001624519\/887x0\/smart\/celeste-arouxet-el-hambre-y-la-pobreza-no-saben-dias-habiles.jpg\" alt=\"Celeste Arouxet: \u201cEl hambre y la pobreza no saben de d\u00edas h\u00e1biles\u201d \"\/><\/figure>\n\n\n\n<p>Celeste Arouxet: \u201cEl hambre y la pobreza no saben de d\u00edas h\u00e1biles\u201d<\/p>\n\n\n\n<p><strong>\u201cD\u00e9jense de jugar con la pobreza, hablan de populismo y est\u00e1n haciendo m\u00e1s populismo que otro gobierno, es el peor gobierno de la historia de Olavarr\u00eda\u201d&nbsp;<\/strong>cerr\u00f3 al pedir la renuncia del funcionario Diego Robbiani.<\/p>\n\n\n\n<h2>La moci\u00f3n de la UCR que dispar\u00f3 pol\u00e9mica en el HCD<\/h2>\n\n\n\n<p>Finalmente y cuando daba inicio la votaci\u00f3n de los expedientes, el bloque de la UCR &#8211; forma parte del interbloque Juntos- sorprendi\u00f3 con algunas de sus posturas.<\/p>\n\n\n\n<p>Primero aprob\u00f3 el proyecto que pide informaci\u00f3n sobre los sumarios administrativos en el \u00e1rea de Desarrollo Social en conjunto con la oposici\u00f3n. Pero luego sus dos concejales rechazaron la solicitud de una auditor\u00eda general a la Secretar\u00eda de Desarrollo Humano y Calidad de Vida por parte del Tribunal de Cuentas.<\/p>\n\n\n\n<p>Y a la hora de votar el pedido de citaci\u00f3n al secretario de Desarrollo Social, Diego Robbiani para dar explicaciones del caso en el marco de una sesi\u00f3n, introdujeron una<strong>&nbsp;sorpresiva moci\u00f3n.<\/strong><\/p>\n\n\n\n<figure class=\"wp-block-image\"><img decoding=\"async\" src=\"https:\/\/media.infocielo.com\/p\/35a6285a65c02d6e4a7595ff0a7a8db9\/adjuntos\/299\/imagenes\/001\/624\/0001624517\/887x0\/smart\/uno-los-carteles-colocados-el-recinto-que-hacen-rederencia-al-escandalo-las-tarjetas-alimentarias.jpg\" alt=\"Uno de los carteles colocados en el recinto que hacen rederencia al esc\u00e1ndalo con las tarjetas alimentarias\"\/><\/figure>\n\n\n\n<p>Uno de los carteles colocados en el recinto que hacen rederencia al esc\u00e1ndalo con las tarjetas alimentarias<\/p>\n\n\n\n<p>L<strong>a concejala Bel\u00e9n Vergel (UCR) pidi\u00f3 que el pedido de citaci\u00f3n sea tratado en el \u00e1mbito de la comisi\u00f3n de Hacienda y no en el recinto. La propuesta fue avalada por el PRO y enardeci\u00f3 al Frente de Todos.<\/strong><\/p>\n\n\n\n<p><strong>\u201cEl bloque UCR que siempre dicen que tiene decisi\u00f3n propia, hoy una vez m\u00e1s ratifica que son lo mismo y son c\u00f3mplices de lo que est\u00e1 sucediendo. Le cubrieron la espalda al doctor Robbiani&#8221;<\/strong>\u00a0sentenciaron desde el FdT.<\/p>\n\n\n\n<p>Fuente: Infocielo<\/p>\n","protected":false},"excerpt":{"rendered":"<div class=\"mh-excerpt\"><p>En una tensa sesi\u00f3n en el&nbsp;Concejo Deliberante&nbsp;de Olavarr\u00eda, el oficialismo resisti\u00f3 como pudo los embates del Frente de Todos y blind\u00f3 a&nbsp;Diego Robbiani, titular de Desarrollo Social municipal, de las acusaciones por&nbsp;presuntos casos de corrupci\u00f3n&nbsp;que habr\u00edan ocurrido bajo la \u00f3rbita de su secretar\u00eda. La reuni\u00f3n especial solicitada por la oposici\u00f3n tuvo lugar a casi un mes de desatado el esc\u00e1ndalo por presuntas irregularidades en el uso de tarjetas alimentarias, vales de mercader\u00eda y pasajes que golpean de lleno a la gesti\u00f3n del intendente&nbsp;Ezequiel Galli&nbsp;(PRO). El destape de posibles \u201cusos indebidos\u201d de fondos p\u00fablicos destinados a personas en condici\u00f3n de vulnerabilidad <a class=\"mh-excerpt-more\" href=\"http:\/\/dsrmedios.com.ar\/diario\/archivos\/30924\" title=\"Olavarr\u00eda: Juntos blind\u00f3 a funcionario municipal apuntado por el esc\u00e1ndalo en Desarollo Social\">[Leer m\u00e1s]<\/a><\/p>\n<\/div>","protected":false},"author":6,"featured_media":30925,"comment_status":"open","ping_status":"closed","sticky":false,"template":"","format":"standard","meta":{"_jetpack_newsletter_access":""},"categories":[8],"tags":[],"jetpack_featured_media_url":"http:\/\/dsrmedios.com.ar\/diario\/wp-content\/uploads\/2023\/04\/juntosolajpg.webp","jetpack_sharing_enabled":true,"jetpack_shortlink":"https:\/\/wp.me\/p9fihK-82M","_links":{"self":[{"href":"http:\/\/dsrmedios.com.ar\/diario\/wp-json\/wp\/v2\/posts\/30924"}],"collection":[{"href":"http:\/\/dsrmedios.com.ar\/diario\/wp-json\/wp\/v2\/posts"}],"about":[{"href":"http:\/\/dsrmedios.com.ar\/diario\/wp-json\/wp\/v2\/types\/post"}],"author":[{"embeddable":true,"href":"http:\/\/dsrmedios.com.ar\/diario\/wp-json\/wp\/v2\/users\/6"}],"replies":[{"embeddable":true,"href":"http:\/\/dsrmedios.com.ar\/diario\/wp-json\/wp\/v2\/comments?post=30924"}],"version-history":[{"count":1,"href":"http:\/\/dsrmedios.com.ar\/diario\/wp-json\/wp\/v2\/posts\/30924\/revisions"}],"predecessor-version":[{"id":30926,"href":"http:\/\/dsrmedios.com.ar\/diario\/wp-json\/wp\/v2\/posts\/30924\/revisions\/30926"}],"wp:featuredmedia":[{"embeddable":true,"href":"http:\/\/dsrmedios.com.ar\/diario\/wp-json\/wp\/v2\/media\/30925"}],"wp:attachment":[{"href":"http:\/\/dsrmedios.com.ar\/diario\/wp-json\/wp\/v2\/media?parent=30924"}],"wp:term":[{"taxonomy":"category","embeddable":true,"href":"http:\/\/dsrmedios.com.ar\/diario\/wp-json\/wp\/v2\/categories?post=30924"},{"taxonomy":"post_tag","embeddable":true,"href":"http:\/\/dsrmedios.com.ar\/diario\/wp-json\/wp\/v2\/tags?post=30924"}],"curies":[{"name":"wp","href":"https:\/\/api.w.org\/{rel}","templated":true}]}}