{"id":30918,"date":"2023-04-14T07:27:45","date_gmt":"2023-04-14T10:27:45","guid":{"rendered":"http:\/\/dsrmedios.com.ar\/diario\/?p=30918"},"modified":"2023-04-14T07:27:49","modified_gmt":"2023-04-14T10:27:49","slug":"llamativo-faltazo-de-intendentes-al-acto-por-cfk","status":"publish","type":"post","link":"http:\/\/dsrmedios.com.ar\/diario\/archivos\/30918","title":{"rendered":"Llamativo faltazo de intendentes al acto por CFK"},"content":{"rendered":"\n<p>Pese a la fuerte convocatoria que realiz\u00f3 el gobernador&nbsp;<strong>Axel Kicillof&nbsp;<\/strong>y gran parte de su gabinete a movilizar hoy en pedido de romper la proscripci\u00f3n de&nbsp;<strong>Cristina Kirchner<\/strong>&nbsp;y con fuertes denuncias contra la Corte Suprema y el &#8216;partido judicial&#8217;, pocos&nbsp;<strong>intendentes<\/strong>&nbsp;se subieron al escenario central.<\/p>\n\n\n\n<p>Entre el pu\u00f1ado de mandatarios locales pod\u00eda contarse a Pablo Zurro -uno de los principales impulsores de la\u00a0<a rel=\"noreferrer noopener\" href=\"https:\/\/infocielo.com\/cristina-kirchner\/en-vivo-el-kirchrenismo-marcha-romper-la-proscripcion-cristina-kirchner-n760389\" target=\"_blank\">movilizaci\u00f3n<\/a>,\u00a0<strong>Fernando Espinoza<\/strong>,\u00a0<strong>Mario Secco<\/strong>,\u00a0<strong>Fabi\u00e1n Cagliardi<\/strong>,\u00a0<strong>Jorge Ferraresi<\/strong>,\u00a0<strong>Marisa Fassi<\/strong>,<strong>\u00a0Gustavo Barrera<\/strong>\u00a0y<strong>\u00a0Julio C\u00e9sar Marini<\/strong>. Entre la muchedumbre de funcionarios, alg\u00fan nombre m\u00e1s puede escaparse, pero no cambia la ecuaci\u00f3n:\u00a0<strong>menos de una decena entre m\u00e1s de 70 intendencias bonaerenses<\/strong>.<\/p>\n\n\n\n<p>La escasa convocatoria llam\u00f3 la atenci\u00f3n incluso de los propios. As\u00ed reconoci\u00f3 a INFOCIELO uno de las presentes en el escenario, qui\u00e9n se lament\u00f3 por la falta de volumen pol\u00edtico y de apoyo que mostraron los jefes comunales del Frente de Todos.<\/p>\n\n\n\n<figure class=\"wp-block-image\"><img decoding=\"async\" src=\"https:\/\/media.infocielo.com\/p\/b84cf2eef675bf350c41c184ac7289ba\/adjuntos\/299\/imagenes\/001\/624\/0001624709\/887x0\/smart\/img-20230413-wa0039jpg.jpg\" alt=\"\"\/><\/figure>\n\n\n\n<p>El propio<strong>&nbsp;M\u00e1ximo Kirchner<\/strong>, l\u00edder de La C\u00e1mpora, peg\u00f3 el faltazo. Se mostr\u00f3, en cambio, en la sexta secci\u00f3n electoral, en un encuentro realizado en Monte Hermoso con referentes seccionales del Frente de Todos. Varios intendentes de la zona optaron por ir al encuentro con el Diputado Nacional que acercarse a la capital nacional.<\/p>\n\n\n\n<p>Bajo la convocatoria &#8220;Democracia o Mafia Judicial&#8221;, el ala kirchnerista del Frente de Todos reclam\u00f3 frente al edificio de Tribunales en la Capital Federal por la persecuci\u00f3n judicial contra Cristina Kirchner, y reclam\u00f3 que se rompa su prescripci\u00f3n para que sea candidata en 2023. El propio gobernador Axel Kicillof fue el principal orador en el cierre del evento, con fuertes definiciones sobre el accionar de la Corte Suprema y el &#8216;partido judicial&#8217;, c\u00f3mo lo denomin\u00f3.<\/p>\n\n\n\n<p>Para varios intendentes, sin embargo, es como si no hubiese existido tal evento. A trav\u00e9s de sus voceros, prefirieron mostrar la continuidad de su agenda con reuniones o inauguraciones en sus distritos, centrados en su propia realidad de cara a las elecciones. Ni siquiera se hicieron eco de lo que ocurr\u00eda en la Plaza Lavalle a trav\u00e9s de &#8220;retweets&#8221; o compartiendo las publicaciones como suelen hacerlo. De esa manera, la densidad pol\u00edtica de la movilizaci\u00f3n a Plaza Lavalle se vio afectada.<\/p>\n\n\n\n<p>Fuente: INFOCIELO<\/p>\n","protected":false},"excerpt":{"rendered":"<div class=\"mh-excerpt\"><p>Pese a la fuerte convocatoria que realiz\u00f3 el gobernador&nbsp;Axel Kicillof&nbsp;y gran parte de su gabinete a movilizar hoy en pedido de romper la proscripci\u00f3n de&nbsp;Cristina Kirchner&nbsp;y con fuertes denuncias contra la Corte Suprema y el &#8216;partido judicial&#8217;, pocos&nbsp;intendentes&nbsp;se subieron al escenario central. Entre el pu\u00f1ado de mandatarios locales pod\u00eda contarse a Pablo Zurro -uno de los principales impulsores de la\u00a0movilizaci\u00f3n,\u00a0Fernando Espinoza,\u00a0Mario Secco,\u00a0Fabi\u00e1n Cagliardi,\u00a0Jorge Ferraresi,\u00a0Marisa Fassi,\u00a0Gustavo Barrera\u00a0y\u00a0Julio C\u00e9sar Marini. Entre la muchedumbre de funcionarios, alg\u00fan nombre m\u00e1s puede escaparse, pero no cambia la ecuaci\u00f3n:\u00a0menos de una decena entre m\u00e1s de 70 intendencias bonaerenses. La escasa convocatoria llam\u00f3 la atenci\u00f3n incluso de <a class=\"mh-excerpt-more\" href=\"http:\/\/dsrmedios.com.ar\/diario\/archivos\/30918\" title=\"Llamativo faltazo de intendentes al acto por CFK\">[Leer m\u00e1s]<\/a><\/p>\n<\/div>","protected":false},"author":6,"featured_media":30919,"comment_status":"open","ping_status":"closed","sticky":false,"template":"","format":"standard","meta":{"_jetpack_newsletter_access":""},"categories":[6],"tags":[],"jetpack_featured_media_url":"http:\/\/dsrmedios.com.ar\/diario\/wp-content\/uploads\/2023\/04\/whatsapp-image-2023-04-13-at-175054jpeg.webp","jetpack_sharing_enabled":true,"jetpack_shortlink":"https:\/\/wp.me\/p9fihK-82G","_links":{"self":[{"href":"http:\/\/dsrmedios.com.ar\/diario\/wp-json\/wp\/v2\/posts\/30918"}],"collection":[{"href":"http:\/\/dsrmedios.com.ar\/diario\/wp-json\/wp\/v2\/posts"}],"about":[{"href":"http:\/\/dsrmedios.com.ar\/diario\/wp-json\/wp\/v2\/types\/post"}],"author":[{"embeddable":true,"href":"http:\/\/dsrmedios.com.ar\/diario\/wp-json\/wp\/v2\/users\/6"}],"replies":[{"embeddable":true,"href":"http:\/\/dsrmedios.com.ar\/diario\/wp-json\/wp\/v2\/comments?post=30918"}],"version-history":[{"count":1,"href":"http:\/\/dsrmedios.com.ar\/diario\/wp-json\/wp\/v2\/posts\/30918\/revisions"}],"predecessor-version":[{"id":30920,"href":"http:\/\/dsrmedios.com.ar\/diario\/wp-json\/wp\/v2\/posts\/30918\/revisions\/30920"}],"wp:featuredmedia":[{"embeddable":true,"href":"http:\/\/dsrmedios.com.ar\/diario\/wp-json\/wp\/v2\/media\/30919"}],"wp:attachment":[{"href":"http:\/\/dsrmedios.com.ar\/diario\/wp-json\/wp\/v2\/media?parent=30918"}],"wp:term":[{"taxonomy":"category","embeddable":true,"href":"http:\/\/dsrmedios.com.ar\/diario\/wp-json\/wp\/v2\/categories?post=30918"},{"taxonomy":"post_tag","embeddable":true,"href":"http:\/\/dsrmedios.com.ar\/diario\/wp-json\/wp\/v2\/tags?post=30918"}],"curies":[{"name":"wp","href":"https:\/\/api.w.org\/{rel}","templated":true}]}}