{"id":30885,"date":"2023-04-14T07:00:31","date_gmt":"2023-04-14T10:00:31","guid":{"rendered":"http:\/\/dsrmedios.com.ar\/diario\/?p=30885"},"modified":"2023-04-14T07:00:35","modified_gmt":"2023-04-14T10:00:35","slug":"cristina-kirchner-se-reunio-con-familiares-de-lucio-dupuy-mucha-emocion","status":"publish","type":"post","link":"http:\/\/dsrmedios.com.ar\/diario\/archivos\/30885","title":{"rendered":"Cristina Kirchner se reuni\u00f3 con familiares de Lucio Dupuy: &#8220;Mucha emoci\u00f3n&#8221;"},"content":{"rendered":"\n<p>La vicepresidenta&nbsp;<strong>Cristina Kirchner<\/strong>&nbsp;se reuni\u00f3 este jueves con familiares de&nbsp;<strong>Lucio Dupuy<\/strong>, el ni\u00f1o de cinco a\u00f1os asesinado a golpes en La Pampa por su madre y la pareja de la mujer, y por el que se le dio nombre a la nueva ley que busca prevenir la violencia y los abusos en la infancia.<\/p>\n\n\n\n<p>&#8220;Hoy en el Senado con los abuelos y las t\u00edas de Lucio Dupuy. Su amor y compromiso lograron la sanci\u00f3n de la ley que lleva su nombre. Mucha emoci\u00f3n&#8221;, expres\u00f3 la vicepresidenta a trav\u00e9s de una publicaci\u00f3n en sus redes sociales que acompa\u00f1\u00f3 con una fotograf\u00eda del encuentro en su despacho.<\/p>\n\n\n\n<figure class=\"wp-block-image size-full\"><a href=\"http:\/\/dsrmedios.com.ar\/diario\/wp-content\/uploads\/2023\/04\/sesion-senado-ley-lucio-g20230413-1546621.jpg\"><img decoding=\"async\" loading=\"lazy\" width=\"950\" height=\"534\" src=\"http:\/\/dsrmedios.com.ar\/diario\/wp-content\/uploads\/2023\/04\/sesion-senado-ley-lucio-g20230413-1546621.jpg\" alt=\"\" class=\"wp-image-30886\" srcset=\"http:\/\/dsrmedios.com.ar\/diario\/wp-content\/uploads\/2023\/04\/sesion-senado-ley-lucio-g20230413-1546621.jpg 950w, http:\/\/dsrmedios.com.ar\/diario\/wp-content\/uploads\/2023\/04\/sesion-senado-ley-lucio-g20230413-1546621-300x169.jpg 300w, http:\/\/dsrmedios.com.ar\/diario\/wp-content\/uploads\/2023\/04\/sesion-senado-ley-lucio-g20230413-1546621-768x432.jpg 768w, http:\/\/dsrmedios.com.ar\/diario\/wp-content\/uploads\/2023\/04\/sesion-senado-ley-lucio-g20230413-1546621-678x381.jpg 678w\" sizes=\"(max-width: 950px) 100vw, 950px\" \/><\/a><\/figure>\n\n\n\n<p>El Senado aprob\u00f3 hoy por unanimidad, y convirti\u00f3 en ley, el proyecto que busca prevenir las violencias y abusos y que fue impulsado tras el caso de Lucio, el ni\u00f1o de cinco a\u00f1os asesinado en La Pampa en noviembre de 2021 en un caso por el que fueron condenadas su madre y su pareja.<\/p>\n\n\n\n<p>La llamada ley Lucio establece capacitaciones continuas y obligatorias, campa\u00f1as de concientizaci\u00f3n y mayor presupuesto.<\/p>\n\n\n\n<p>El proyecto crea el Plan Federal de Capacitaci\u00f3n de car\u00e1cter continuo, permanente y obligatorio en Derechos de Ni\u00f1os, Ni\u00f1as y Adolescentes (NNyA) y est\u00e1 dirigido a todas las personas que se desempe\u00f1en en la funci\u00f3n p\u00fablica en todos sus niveles y jerarqu\u00edas en los poderes Ejecutivo, Legislativo y Judicial.<\/p>\n\n\n\n<p>La capacitaci\u00f3n prevista puede extenderse a administraciones provinciales y municipales y organizaciones sociales, deportivas, recreativas y culturales.<\/p>\n\n\n\n<p>Fuente: Minutouno<\/p>\n","protected":false},"excerpt":{"rendered":"<div class=\"mh-excerpt\"><p>La vicepresidenta&nbsp;Cristina Kirchner&nbsp;se reuni\u00f3 este jueves con familiares de&nbsp;Lucio Dupuy, el ni\u00f1o de cinco a\u00f1os asesinado a golpes en La Pampa por su madre y la pareja de la mujer, y por el que se le dio nombre a la nueva ley que busca prevenir la violencia y los abusos en la infancia. &#8220;Hoy en el Senado con los abuelos y las t\u00edas de Lucio Dupuy. Su amor y compromiso lograron la sanci\u00f3n de la ley que lleva su nombre. Mucha emoci\u00f3n&#8221;, expres\u00f3 la vicepresidenta a trav\u00e9s de una publicaci\u00f3n en sus redes sociales que acompa\u00f1\u00f3 con una fotograf\u00eda del <a class=\"mh-excerpt-more\" href=\"http:\/\/dsrmedios.com.ar\/diario\/archivos\/30885\" title=\"Cristina Kirchner se reuni\u00f3 con familiares de Lucio Dupuy: &#8220;Mucha emoci\u00f3n&#8221;\">[Leer m\u00e1s]<\/a><\/p>\n<\/div>","protected":false},"author":6,"featured_media":30887,"comment_status":"open","ping_status":"closed","sticky":false,"template":"","format":"standard","meta":{"_jetpack_newsletter_access":""},"categories":[6],"tags":[],"jetpack_featured_media_url":"http:\/\/dsrmedios.com.ar\/diario\/wp-content\/uploads\/2023\/04\/sesion-senado-ley-lucio-g20230413-1546621-1.jpg","jetpack_sharing_enabled":true,"jetpack_shortlink":"https:\/\/wp.me\/p9fihK-829","_links":{"self":[{"href":"http:\/\/dsrmedios.com.ar\/diario\/wp-json\/wp\/v2\/posts\/30885"}],"collection":[{"href":"http:\/\/dsrmedios.com.ar\/diario\/wp-json\/wp\/v2\/posts"}],"about":[{"href":"http:\/\/dsrmedios.com.ar\/diario\/wp-json\/wp\/v2\/types\/post"}],"author":[{"embeddable":true,"href":"http:\/\/dsrmedios.com.ar\/diario\/wp-json\/wp\/v2\/users\/6"}],"replies":[{"embeddable":true,"href":"http:\/\/dsrmedios.com.ar\/diario\/wp-json\/wp\/v2\/comments?post=30885"}],"version-history":[{"count":1,"href":"http:\/\/dsrmedios.com.ar\/diario\/wp-json\/wp\/v2\/posts\/30885\/revisions"}],"predecessor-version":[{"id":30888,"href":"http:\/\/dsrmedios.com.ar\/diario\/wp-json\/wp\/v2\/posts\/30885\/revisions\/30888"}],"wp:featuredmedia":[{"embeddable":true,"href":"http:\/\/dsrmedios.com.ar\/diario\/wp-json\/wp\/v2\/media\/30887"}],"wp:attachment":[{"href":"http:\/\/dsrmedios.com.ar\/diario\/wp-json\/wp\/v2\/media?parent=30885"}],"wp:term":[{"taxonomy":"category","embeddable":true,"href":"http:\/\/dsrmedios.com.ar\/diario\/wp-json\/wp\/v2\/categories?post=30885"},{"taxonomy":"post_tag","embeddable":true,"href":"http:\/\/dsrmedios.com.ar\/diario\/wp-json\/wp\/v2\/tags?post=30885"}],"curies":[{"name":"wp","href":"https:\/\/api.w.org\/{rel}","templated":true}]}}