{"id":30870,"date":"2023-04-13T12:44:32","date_gmt":"2023-04-13T15:44:32","guid":{"rendered":"http:\/\/dsrmedios.com.ar\/diario\/?p=30870"},"modified":"2023-04-13T12:44:35","modified_gmt":"2023-04-13T15:44:35","slug":"de-cuanto-sera-el-aumento-de-la-luz-autorizado-por-la-provincia","status":"publish","type":"post","link":"http:\/\/dsrmedios.com.ar\/diario\/archivos\/30870","title":{"rendered":"<strong>De cu\u00e1nto ser\u00e1 el aumento de la luz autorizado por la Provincia<\/strong>"},"content":{"rendered":"\n<figure class=\"wp-block-table\"><table><tbody><tr><td>El Gobierno bonaerense autoriz\u00f3 un nuevo aumento tarifario de energ\u00eda el\u00e9ctrica, basado en el costo de distribuci\u00f3n en todos los distritos.<br><br>Si bien en total para junio el ajuste ser\u00e1 de 261%, se estima que el impacto en la factura ser\u00e1 considerablemente menor y rondar\u00eda los 850 pesos.<br><br>Seg\u00fan lo estipulado, la medida llegar\u00e1 a todos los municipios, aunque no impactar\u00e1 de la misma manera, dependiendo de las categor\u00edas (1, 2 o 3).<br><br>Adem\u00e1s, explicaron que la suba no rige para la tarifa final sino en uno de sus componentes, el precio de distribuci\u00f3n, a cargo de las empresas Edelap, Edea, Eden Edes.<br><br>Dicho aumento ser\u00e1 aplicado en el Valor Agregado de Distribuci\u00f3n (VAD), que depende de la compa\u00f1\u00eda que opera en cada regi\u00f3n y ronda el 30% del total de la factura que paga el usuario.&nbsp;<br><br>A pesar de que depende del consumo de cada usuario y de la distribuidora, desde el Gobierno nacional estimaron que, contabilizando los dos ajustes, las tarifas trepar\u00edan en torno a los $850 por mes. Aunque es probable que afecte en mayor proporci\u00f3n al segmento no subsidiado.<br><br>En concreto, el ajuste desde abril ser\u00e1 del 108% en la distribuci\u00f3n, mientras que habr\u00e1 otro del 74% desde el 1\u00b0 de junio. Adem\u00e1s, se ajustan tambi\u00e9n los valores de los cargos correspondientes al Agregado Tarifario (AT), utilizando el mismo porcentaje ya indicado\u201d,&nbsp;<br>No obstante, el ajuste que ya hab\u00eda sido adelantado en febrero por las autoridades nacionales, impactar\u00e1 de manera diferente en cada usuario, dependiendo en la categor\u00eda a la que pertenezca.<br><br>As\u00ed, para el nivel 3 la suba ser\u00e1 mayor que para el segmento nivel 2 (menores ingresos), cuyo ajuste ser\u00e1 del 90% este mes y 60% en abril.<br><br>La resoluci\u00f3n aclara que tanto el nivel 2 y el R\u00e9gimen de Tarifa Social pagar\u00e1n menos debido que reciben un subsidio de la Provincia a trav\u00e9s del Oceba, que se ejecuta a trav\u00e9s del Fondo Provincial de Compensaciones Tarifarias (FPCT) y que tiene como prop\u00f3sito compensar las diferencias de costos propios de distribuci\u00f3n reconocidos entre los distintos concesionarios provinciales y municipales.<br><br>Cabe aclarar que el aumento porcentual de las facturas var\u00eda seg\u00fan el consumo y el punto del pa\u00eds d\u00f3nde se est\u00e9, con un costo fijado por la Naci\u00f3n, y es el mismo para todo el territorio.&nbsp;<br>Otros \u00edtems, en tanto, tienen que ver principalmente con el costo de distribuci\u00f3n (VAD) y que dependen de las provincias o incluso de los municipios.<br><br>El ministerio de Infraestructura bonaerense, conducido por Leonardo Nardini, decidi\u00f3 postergar la pr\u00f3xima revisi\u00f3n tarifaria integral (RTI), que deb\u00eda comenzar a operar en mayo del a\u00f1o pasado, al continuar vigente la declaraci\u00f3n de la emergencia y la transici\u00f3n energ\u00e9tica impulsada por el Gobierno nacional.<\/td><\/tr><\/tbody><\/table><\/figure>\n\n\n\n<p>Fuente: Latecla<\/p>\n","protected":false},"excerpt":{"rendered":"<div class=\"mh-excerpt\"><p>El Gobierno bonaerense autoriz\u00f3 un nuevo aumento tarifario de energ\u00eda el\u00e9ctrica, basado en el costo de distribuci\u00f3n en todos los distritos. Si bien en total para junio el ajuste ser\u00e1 de 261%, se estima que el impacto en la factura ser\u00e1 considerablemente menor y rondar\u00eda los 850 pesos. Seg\u00fan lo estipulado, la medida llegar\u00e1 a todos los municipios, aunque no impactar\u00e1 de la misma manera, dependiendo de las categor\u00edas (1, 2 o 3). Adem\u00e1s, explicaron que la suba no rige para la tarifa final sino en uno de sus componentes, el precio de distribuci\u00f3n, a cargo de las empresas Edelap, <a class=\"mh-excerpt-more\" href=\"http:\/\/dsrmedios.com.ar\/diario\/archivos\/30870\" title=\"De cu\u00e1nto ser\u00e1 el aumento de la luz autorizado por la Provincia\">[Leer m\u00e1s]<\/a><\/p>\n<\/div>","protected":false},"author":6,"featured_media":3915,"comment_status":"open","ping_status":"closed","sticky":false,"template":"","format":"standard","meta":{"_jetpack_newsletter_access":""},"categories":[6],"tags":[],"jetpack_featured_media_url":"http:\/\/dsrmedios.com.ar\/diario\/wp-content\/uploads\/2018\/01\/luz_3-1.jpg","jetpack_sharing_enabled":true,"jetpack_shortlink":"https:\/\/wp.me\/p9fihK-81U","_links":{"self":[{"href":"http:\/\/dsrmedios.com.ar\/diario\/wp-json\/wp\/v2\/posts\/30870"}],"collection":[{"href":"http:\/\/dsrmedios.com.ar\/diario\/wp-json\/wp\/v2\/posts"}],"about":[{"href":"http:\/\/dsrmedios.com.ar\/diario\/wp-json\/wp\/v2\/types\/post"}],"author":[{"embeddable":true,"href":"http:\/\/dsrmedios.com.ar\/diario\/wp-json\/wp\/v2\/users\/6"}],"replies":[{"embeddable":true,"href":"http:\/\/dsrmedios.com.ar\/diario\/wp-json\/wp\/v2\/comments?post=30870"}],"version-history":[{"count":1,"href":"http:\/\/dsrmedios.com.ar\/diario\/wp-json\/wp\/v2\/posts\/30870\/revisions"}],"predecessor-version":[{"id":30871,"href":"http:\/\/dsrmedios.com.ar\/diario\/wp-json\/wp\/v2\/posts\/30870\/revisions\/30871"}],"wp:featuredmedia":[{"embeddable":true,"href":"http:\/\/dsrmedios.com.ar\/diario\/wp-json\/wp\/v2\/media\/3915"}],"wp:attachment":[{"href":"http:\/\/dsrmedios.com.ar\/diario\/wp-json\/wp\/v2\/media?parent=30870"}],"wp:term":[{"taxonomy":"category","embeddable":true,"href":"http:\/\/dsrmedios.com.ar\/diario\/wp-json\/wp\/v2\/categories?post=30870"},{"taxonomy":"post_tag","embeddable":true,"href":"http:\/\/dsrmedios.com.ar\/diario\/wp-json\/wp\/v2\/tags?post=30870"}],"curies":[{"name":"wp","href":"https:\/\/api.w.org\/{rel}","templated":true}]}}