{"id":30854,"date":"2023-04-13T12:31:59","date_gmt":"2023-04-13T15:31:59","guid":{"rendered":"http:\/\/dsrmedios.com.ar\/diario\/?p=30854"},"modified":"2023-04-13T12:32:02","modified_gmt":"2023-04-13T15:32:02","slug":"luis-delia-acuso-a-la-campora-de-ir-contra-las-paso","status":"publish","type":"post","link":"http:\/\/dsrmedios.com.ar\/diario\/archivos\/30854","title":{"rendered":"Luis D&#8217;El\u00eda acus\u00f3 a La C\u00e1mpora de ir contra las PASO"},"content":{"rendered":"\n<p>El dirigente piquetero&nbsp;<strong>Luis D&#8217;El\u00eda<\/strong>&nbsp;se reuni\u00f3 con el presidente&nbsp;<strong>Alberto Fern\u00e1ndez<\/strong>&nbsp;en Olivos, donde evaluaron la situaci\u00f3n del Frente de Todos y, en especial, la&nbsp;<a href=\"https:\/\/infocielo.com\/pj-bonaerense\/enojo-alberto-marcha-y-suma-fija-las-claves-del-conclave-del-pj-bonaerense-n759509\" target=\"_blank\" rel=\"noreferrer noopener\">presi\u00f3n que la organizaci\u00f3n ultra K,<strong>&nbsp;La C\u00e1mpora<\/strong>, ejerce sobre el mandatario nacional<\/a>. As\u00ed lo explic\u00f3 el propio D&#8217;El\u00eda a trav\u00e9s de sus redes sociales, donde se explay\u00f3 sobre todos los temas conversados y una curiosa propuesta que le hizo al presidente: que se postule como vice de&nbsp;<a href=\"https:\/\/infocielo.com\/daniel-scioli\/daniel-scioli-aseguro-que-no-hay-rencores-sergio-massa-y-avanza-el-dialogo-diferentes-sectores-n760353\" target=\"_blank\" rel=\"noreferrer noopener\"><strong>Daniel Scioli<\/strong><\/a>.<\/p>\n\n\n\n<p><strong>\u201cHay una nueva avanzada de La C\u00e1mpora y de Cristina contra las PASO. No quieren que haya PASO y eso es un grosero error pol\u00edtico. No haber hecho las PASO nos hizo perder 3 millones de votos al Frente de Todos, error garrafal. Listas \u00fanicas quieren, a patadas en el culo, hechas de arriba para abajo; poniendo amigas, amiguitas, amiguitos. Se\u00f1alando y discriminando con el dedo\u201d,<\/strong>\u00a0se\u00f1al\u00f3 D&#8217;El\u00eda sobre la organizaci\u00f3n del titular del PJ bonaerense,\u00a0<strong><a rel=\"noreferrer noopener\" href=\"https:\/\/infocielo.com\/maximo-kirchner-a2745\" target=\"_blank\">M\u00e1ximo Kirchner<\/a><\/strong>.<\/p>\n\n\n\n<p>El dirigente social, que se caracteriza por dar sus opiniones sin tapujos, fue directo contra la organizaci\u00f3n K y reivindic\u00f3 las PASO para no ir &#8220;con listas hechas a patadas en el culo&#8221; (sic), pero no qued\u00f3 ah\u00ed sino que devel\u00f3 las supuestas advertencias de La C\u00e1mpora al presidente y asegur\u00f3 que&nbsp;<strong>\u201cle dicen que si hay PASO, Axel Kicillof no va a ir en la lista de Alberto&#8221;.<\/strong><\/p>\n\n\n\n<figure class=\"wp-block-image\"><img decoding=\"async\" src=\"https:\/\/media.infocielo.com\/p\/28c8d0bafca0cc37cfd0fa9079216f05\/adjuntos\/299\/imagenes\/001\/294\/0001294443\/887x0\/smart\/el-dirigente-luis-delia-una-movilizacion-callejera.jpg\" alt=\"El dirigente piquetero, Luis D'El&iacute;a, filtr&oacute; lo conversado con Alberto y carg&oacute; duro contra la organizaci&oacute;n ultra K. La propuesta que le hizo al presidente.\"\/><\/figure>\n\n\n\n<p>El dirigente piquetero, Luis D&#8217;El\u00eda, filtr\u00f3 lo conversado con Alberto y carg\u00f3 duro contra la organizaci\u00f3n ultra K. La propuesta que le hizo al presidente.<\/p>\n\n\n\n<p>Acto seguido, le habl\u00f3 de modo directo a Kicillof, a quien trat\u00f3 de &#8220;desagardecido&#8221; y dispar\u00f3:<strong>&nbsp;&#8220;Te cansaste de hacer obra p\u00fablica en la Provincia, recibiste centenares de millones de pesos para hacer cosas, te han llenado de obras p\u00fablicas, de viviendas, de iniciativas y vos ahora dec\u00eds que eso lo hiciste vos solo, que no te lo dio la Naci\u00f3n&#8221;,&nbsp;<\/strong>marc\u00f3 aunque el gobernador en varias oportunidades, incluso en la apertura de sesiones, agradeci\u00f3 al Gobierno nacional por ello.<\/p>\n\n\n\n<p>&#8220;Todo lo que hiciste, te lo dio Alberto Fern\u00e1ndez. Basta de tirarle tiros al piso del bote, por favor. Sos un gran pibe y te merec\u00e9s reelegir como gobernador. Yo te voy a votar como gobernador, pero sal\u00ed de esa estrategia, es horrible\u201d, agreg\u00f3.<\/p>\n\n\n\n<p>Luego, en el marco del relato sobre la hora y media que dur\u00f3 la reuni\u00f3n, D&#8217;El\u00eda cont\u00f3 que le propuso a Fern\u00e1ndez que haga lo mismo que hizo Cristina Kirchner en 2019 y &#8220;con generosidad, con amplitud&#8221;, que se presente a estas elecciones como vicepresidente del embajador en Brasil.<\/p>\n\n\n\n<p>Fuente: Infocielo<\/p>\n","protected":false},"excerpt":{"rendered":"<div class=\"mh-excerpt\"><p>El dirigente piquetero&nbsp;Luis D&#8217;El\u00eda&nbsp;se reuni\u00f3 con el presidente&nbsp;Alberto Fern\u00e1ndez&nbsp;en Olivos, donde evaluaron la situaci\u00f3n del Frente de Todos y, en especial, la&nbsp;presi\u00f3n que la organizaci\u00f3n ultra K,&nbsp;La C\u00e1mpora, ejerce sobre el mandatario nacional. As\u00ed lo explic\u00f3 el propio D&#8217;El\u00eda a trav\u00e9s de sus redes sociales, donde se explay\u00f3 sobre todos los temas conversados y una curiosa propuesta que le hizo al presidente: que se postule como vice de&nbsp;Daniel Scioli. \u201cHay una nueva avanzada de La C\u00e1mpora y de Cristina contra las PASO. No quieren que haya PASO y eso es un grosero error pol\u00edtico. No haber hecho las PASO nos <a class=\"mh-excerpt-more\" href=\"http:\/\/dsrmedios.com.ar\/diario\/archivos\/30854\" title=\"Luis D&#8217;El\u00eda acus\u00f3 a La C\u00e1mpora de ir contra las PASO\">[Leer m\u00e1s]<\/a><\/p>\n<\/div>","protected":false},"author":6,"featured_media":30855,"comment_status":"open","ping_status":"closed","sticky":false,"template":"","format":"standard","meta":{"_jetpack_newsletter_access":""},"categories":[6],"tags":[],"jetpack_featured_media_url":"http:\/\/dsrmedios.com.ar\/diario\/wp-content\/uploads\/2023\/04\/descarga-8.jpg","jetpack_sharing_enabled":true,"jetpack_shortlink":"https:\/\/wp.me\/p9fihK-81E","_links":{"self":[{"href":"http:\/\/dsrmedios.com.ar\/diario\/wp-json\/wp\/v2\/posts\/30854"}],"collection":[{"href":"http:\/\/dsrmedios.com.ar\/diario\/wp-json\/wp\/v2\/posts"}],"about":[{"href":"http:\/\/dsrmedios.com.ar\/diario\/wp-json\/wp\/v2\/types\/post"}],"author":[{"embeddable":true,"href":"http:\/\/dsrmedios.com.ar\/diario\/wp-json\/wp\/v2\/users\/6"}],"replies":[{"embeddable":true,"href":"http:\/\/dsrmedios.com.ar\/diario\/wp-json\/wp\/v2\/comments?post=30854"}],"version-history":[{"count":1,"href":"http:\/\/dsrmedios.com.ar\/diario\/wp-json\/wp\/v2\/posts\/30854\/revisions"}],"predecessor-version":[{"id":30856,"href":"http:\/\/dsrmedios.com.ar\/diario\/wp-json\/wp\/v2\/posts\/30854\/revisions\/30856"}],"wp:featuredmedia":[{"embeddable":true,"href":"http:\/\/dsrmedios.com.ar\/diario\/wp-json\/wp\/v2\/media\/30855"}],"wp:attachment":[{"href":"http:\/\/dsrmedios.com.ar\/diario\/wp-json\/wp\/v2\/media?parent=30854"}],"wp:term":[{"taxonomy":"category","embeddable":true,"href":"http:\/\/dsrmedios.com.ar\/diario\/wp-json\/wp\/v2\/categories?post=30854"},{"taxonomy":"post_tag","embeddable":true,"href":"http:\/\/dsrmedios.com.ar\/diario\/wp-json\/wp\/v2\/tags?post=30854"}],"curies":[{"name":"wp","href":"https:\/\/api.w.org\/{rel}","templated":true}]}}