{"id":30849,"date":"2023-04-13T12:27:57","date_gmt":"2023-04-13T15:27:57","guid":{"rendered":"http:\/\/dsrmedios.com.ar\/diario\/?p=30849"},"modified":"2023-04-13T12:28:00","modified_gmt":"2023-04-13T15:28:00","slug":"alberto-fernandez-y-una-advertencia-para-georgieva-no-podemos-dejar-que-el-fmi-nos-asfixie","status":"publish","type":"post","link":"http:\/\/dsrmedios.com.ar\/diario\/archivos\/30849","title":{"rendered":"Alberto Fern\u00e1ndez y una advertencia para Georgieva: &#8220;No podemos dejar que el FMI nos asfixie&#8221;"},"content":{"rendered":"\n<p>El presidente<a href=\"https:\/\/infocielo.com\/alberto-fernandez\/alberto-fernandez-hara-entrega-la-vivienda-100-mil-su-gestion-n760257\" target=\"_blank\" rel=\"noreferrer noopener\">&nbsp;<strong>Alberto Fern\u00e1ndez<\/strong><\/a>&nbsp;inaugur\u00f3, junto al secretario de Industria,&nbsp;<strong>Jos\u00e9 Ignacio de Mendiguren<\/strong>, la exposici\u00f3n de dise\u00f1o e innovaci\u00f3n industrial &#8220;Sello del Buen Dise\u00f1o&#8221;, con la presencia de m\u00e1s 400 PyMEs de todo el pa\u00eds en el Centro Cultural Kirchner.<\/p>\n\n\n\n<p>&#8220;Cuando entro a una multinacional me impresiona mucho la tecnolog\u00eda que hay. Pero cuando entro a una pyme, y el due\u00f1o me presenta a Juancito, hijo de Pedro, que hace 30 a\u00f1os que trabaja ah\u00ed, uno se da cuenta que es un gran familia involucrada en un proyecto de desarrollo&#8221;, dijo el presidente.<\/p>\n\n\n\n<p>&#8220;<strong>El 75% del empleo en la Argentina lo dan las pymes, no las grandes empresas<\/strong>. Si queremos recuperar el trabajo debemos ayudar a las pymes.&nbsp;<strong>Estamos muy convencidos de que un pa\u00eds solo puede desarrollarse si la industria se desarrolla<\/strong>&#8220;, afirm\u00f3 Fern\u00e1ndez desde el CCK, valorizando su rol en la econom\u00eda.<\/p>\n\n\n\n<h2>\u00bfAdvertencia al FMI?<\/h2>\n\n\n\n<p>En otro pasaje de su discurso, Fern\u00e1ndez lanz\u00f3 un llamado de atenci\u00f3n al Fondo Monetario Internacional: &#8220;<strong>No vamos a renunciar a estas ideas. Ya se lo expliqu\u00e9 al FMI. No podemos dejar que el Fondo nos asfixie<\/strong>. Tenemos responsabilidad fiscal. No nos interesa andar emitiendo dinero a lo loco&#8221;.<\/p>\n\n\n\n<figure class=\"wp-block-image\"><img decoding=\"async\" src=\"https:\/\/media.infocielo.com\/p\/df9538f542a995a2a77fd583445ee32b\/adjuntos\/299\/imagenes\/001\/624\/0001624415\/887x0\/smart\/beto-cck-4png.png\" alt=\"\"\/><\/figure>\n\n\n\n<p>&#8220;<strong>Vamos a ser ingeniosos para que en este a\u00f1o tan dif\u00edcil sin sacarle a nadie lo que tiene derecho a tener. Sin quitarle a ninguna pyme el apoyo del Estado. Ni un paso atr\u00e1s<\/strong>&#8220;, destac\u00f3 el presidente.<\/p>\n\n\n\n<p>Y contextualiz\u00f3: &#8220;Hemos padecido la peor sequ\u00eda que la Argentina sufri\u00f3 desde 1929, para que tengan noci\u00f3n de lo que nos est\u00e1 pasando&#8221;.<\/p>\n\n\n\n<p>&#8220;Somos peronistas nosotros, a lo hecho, pecho. Vamos a seguir poniendo toda la garra.&nbsp;<strong>Vamos a poner a la Argentina definitivamente de pie para que camine de una vez y para siempre<\/strong>&#8220;.<\/p>\n\n\n\n<p>&#8220;<strong>Somos un pueblo lleno de talentos aunque nos quieran hacer creer que somos un pueblo de cuarta<\/strong>. Lo mejor que tenemos en Argentina es nuestra gente. Otros, que sigan creyendo que el Estado est\u00e1 de m\u00e1s&#8221;, cerr\u00f3 el jefe de Estado, en tono de campa\u00f1a.<\/p>\n\n\n\n<p>Fuente: Infocielo<\/p>\n","protected":false},"excerpt":{"rendered":"<div class=\"mh-excerpt\"><p>El presidente&nbsp;Alberto Fern\u00e1ndez&nbsp;inaugur\u00f3, junto al secretario de Industria,&nbsp;Jos\u00e9 Ignacio de Mendiguren, la exposici\u00f3n de dise\u00f1o e innovaci\u00f3n industrial &#8220;Sello del Buen Dise\u00f1o&#8221;, con la presencia de m\u00e1s 400 PyMEs de todo el pa\u00eds en el Centro Cultural Kirchner. &#8220;Cuando entro a una multinacional me impresiona mucho la tecnolog\u00eda que hay. Pero cuando entro a una pyme, y el due\u00f1o me presenta a Juancito, hijo de Pedro, que hace 30 a\u00f1os que trabaja ah\u00ed, uno se da cuenta que es un gran familia involucrada en un proyecto de desarrollo&#8221;, dijo el presidente. &#8220;El 75% del empleo en la Argentina lo dan <a class=\"mh-excerpt-more\" href=\"http:\/\/dsrmedios.com.ar\/diario\/archivos\/30849\" title=\"Alberto Fern\u00e1ndez y una advertencia para Georgieva: &#8220;No podemos dejar que el FMI nos asfixie&#8221;\">[Leer m\u00e1s]<\/a><\/p>\n<\/div>","protected":false},"author":6,"featured_media":14788,"comment_status":"open","ping_status":"closed","sticky":false,"template":"","format":"standard","meta":{"_jetpack_newsletter_access":""},"categories":[6],"tags":[],"jetpack_featured_media_url":"http:\/\/dsrmedios.com.ar\/diario\/wp-content\/uploads\/2019\/09\/alberto-fernandez.jpg","jetpack_sharing_enabled":true,"jetpack_shortlink":"https:\/\/wp.me\/p9fihK-81z","_links":{"self":[{"href":"http:\/\/dsrmedios.com.ar\/diario\/wp-json\/wp\/v2\/posts\/30849"}],"collection":[{"href":"http:\/\/dsrmedios.com.ar\/diario\/wp-json\/wp\/v2\/posts"}],"about":[{"href":"http:\/\/dsrmedios.com.ar\/diario\/wp-json\/wp\/v2\/types\/post"}],"author":[{"embeddable":true,"href":"http:\/\/dsrmedios.com.ar\/diario\/wp-json\/wp\/v2\/users\/6"}],"replies":[{"embeddable":true,"href":"http:\/\/dsrmedios.com.ar\/diario\/wp-json\/wp\/v2\/comments?post=30849"}],"version-history":[{"count":1,"href":"http:\/\/dsrmedios.com.ar\/diario\/wp-json\/wp\/v2\/posts\/30849\/revisions"}],"predecessor-version":[{"id":30850,"href":"http:\/\/dsrmedios.com.ar\/diario\/wp-json\/wp\/v2\/posts\/30849\/revisions\/30850"}],"wp:featuredmedia":[{"embeddable":true,"href":"http:\/\/dsrmedios.com.ar\/diario\/wp-json\/wp\/v2\/media\/14788"}],"wp:attachment":[{"href":"http:\/\/dsrmedios.com.ar\/diario\/wp-json\/wp\/v2\/media?parent=30849"}],"wp:term":[{"taxonomy":"category","embeddable":true,"href":"http:\/\/dsrmedios.com.ar\/diario\/wp-json\/wp\/v2\/categories?post=30849"},{"taxonomy":"post_tag","embeddable":true,"href":"http:\/\/dsrmedios.com.ar\/diario\/wp-json\/wp\/v2\/tags?post=30849"}],"curies":[{"name":"wp","href":"https:\/\/api.w.org\/{rel}","templated":true}]}}