{"id":30845,"date":"2023-04-13T12:23:35","date_gmt":"2023-04-13T15:23:35","guid":{"rendered":"http:\/\/dsrmedios.com.ar\/diario\/?p=30845"},"modified":"2023-04-13T12:23:38","modified_gmt":"2023-04-13T15:23:38","slug":"todo-listo-para-el-previaje-4-se-anunciara-en-los-proximos-dias","status":"publish","type":"post","link":"http:\/\/dsrmedios.com.ar\/diario\/archivos\/30845","title":{"rendered":"Todo listo para el PreViaje 4: se anunciar\u00e1 en los pr\u00f3ximos d\u00edas"},"content":{"rendered":"\n<p>El&nbsp;<strong>ministro de Turismo y Deportes de la Naci\u00f3n, Mat\u00edas Lammens,<\/strong>&nbsp;firm\u00f3 este mi\u00e9rcoles un acuerdo de tarifas m\u00e1ximas para servicios de alojamiento con las c\u00e1maras hoteleras y otro con precios de referencia para los paquetes tur\u00edsticos ofrecidos por las agencias de viajes, de cara a la cuarta edici\u00f3n del programa&nbsp;<strong>PreViaje<\/strong>, que se lanzar\u00e1 en los pr\u00f3ximos d\u00edas.<\/p>\n\n\n\n<p>El listado estar\u00e1 cargado en la web www.previaje.gob.ar a partir de la puesta en marcha de la cuarta etapa del programa del Ministerio de Turismo y Deportes de la Naci\u00f3n. La fiscalizaci\u00f3n estar\u00e1 a cargo de la Secretar\u00eda de Comercio y los alojamientos que incumplan ser\u00e1n sancionados.<\/p>\n\n\n\n<p>El subsecretario de Promoci\u00f3n Tur\u00edstica y Nuevos Productos del ministerio nacional, Lisandro Perez Losinno, y la jefa de la Unidad Gabinete de Asesores, Geraldine Oniszczuk, acompa\u00f1aron a Lammens en la reuni\u00f3n. De la misma participaron representantes del sector privado como Gustavo Hani (CAT); Rafael Miranda y Florencia Landivar (Fehgra); Andr\u00e9s Deya (Faevyt), Roberto Amengual (AHT) y Daniel Prieto (AHRCC).<\/p>\n\n\n\n<p>En sus tres primeras ediciones, la iniciativa benefici\u00f3 a seis millones de personas, con una inyecci\u00f3n cercana a los $200 mil millones para las econom\u00edas regionales.<\/p>\n\n\n\n<p>Fuente: Minutouno<\/p>\n","protected":false},"excerpt":{"rendered":"<div class=\"mh-excerpt\"><p>El&nbsp;ministro de Turismo y Deportes de la Naci\u00f3n, Mat\u00edas Lammens,&nbsp;firm\u00f3 este mi\u00e9rcoles un acuerdo de tarifas m\u00e1ximas para servicios de alojamiento con las c\u00e1maras hoteleras y otro con precios de referencia para los paquetes tur\u00edsticos ofrecidos por las agencias de viajes, de cara a la cuarta edici\u00f3n del programa&nbsp;PreViaje, que se lanzar\u00e1 en los pr\u00f3ximos d\u00edas. El listado estar\u00e1 cargado en la web www.previaje.gob.ar a partir de la puesta en marcha de la cuarta etapa del programa del Ministerio de Turismo y Deportes de la Naci\u00f3n. La fiscalizaci\u00f3n estar\u00e1 a cargo de la Secretar\u00eda de Comercio y los alojamientos que <a class=\"mh-excerpt-more\" href=\"http:\/\/dsrmedios.com.ar\/diario\/archivos\/30845\" title=\"Todo listo para el PreViaje 4: se anunciar\u00e1 en los pr\u00f3ximos d\u00edas\">[Leer m\u00e1s]<\/a><\/p>\n<\/div>","protected":false},"author":6,"featured_media":28024,"comment_status":"open","ping_status":"closed","sticky":false,"template":"","format":"standard","meta":{"_jetpack_newsletter_access":""},"categories":[6],"tags":[],"jetpack_featured_media_url":"http:\/\/dsrmedios.com.ar\/diario\/wp-content\/uploads\/2022\/04\/previaje3.jpg","jetpack_sharing_enabled":true,"jetpack_shortlink":"https:\/\/wp.me\/p9fihK-81v","_links":{"self":[{"href":"http:\/\/dsrmedios.com.ar\/diario\/wp-json\/wp\/v2\/posts\/30845"}],"collection":[{"href":"http:\/\/dsrmedios.com.ar\/diario\/wp-json\/wp\/v2\/posts"}],"about":[{"href":"http:\/\/dsrmedios.com.ar\/diario\/wp-json\/wp\/v2\/types\/post"}],"author":[{"embeddable":true,"href":"http:\/\/dsrmedios.com.ar\/diario\/wp-json\/wp\/v2\/users\/6"}],"replies":[{"embeddable":true,"href":"http:\/\/dsrmedios.com.ar\/diario\/wp-json\/wp\/v2\/comments?post=30845"}],"version-history":[{"count":1,"href":"http:\/\/dsrmedios.com.ar\/diario\/wp-json\/wp\/v2\/posts\/30845\/revisions"}],"predecessor-version":[{"id":30846,"href":"http:\/\/dsrmedios.com.ar\/diario\/wp-json\/wp\/v2\/posts\/30845\/revisions\/30846"}],"wp:featuredmedia":[{"embeddable":true,"href":"http:\/\/dsrmedios.com.ar\/diario\/wp-json\/wp\/v2\/media\/28024"}],"wp:attachment":[{"href":"http:\/\/dsrmedios.com.ar\/diario\/wp-json\/wp\/v2\/media?parent=30845"}],"wp:term":[{"taxonomy":"category","embeddable":true,"href":"http:\/\/dsrmedios.com.ar\/diario\/wp-json\/wp\/v2\/categories?post=30845"},{"taxonomy":"post_tag","embeddable":true,"href":"http:\/\/dsrmedios.com.ar\/diario\/wp-json\/wp\/v2\/tags?post=30845"}],"curies":[{"name":"wp","href":"https:\/\/api.w.org\/{rel}","templated":true}]}}