{"id":30792,"date":"2023-04-12T20:33:39","date_gmt":"2023-04-12T23:33:39","guid":{"rendered":"http:\/\/dsrmedios.com.ar\/diario\/?p=30792"},"modified":"2023-04-12T20:33:43","modified_gmt":"2023-04-12T23:33:43","slug":"patricia-bullrich-cada-vez-mas-cerca-de-javier-milei-quiere-un-cambio-de-regimen","status":"publish","type":"post","link":"http:\/\/dsrmedios.com.ar\/diario\/archivos\/30792","title":{"rendered":"Patricia Bullrich cada vez m\u00e1s cerca de Javier Milei: quiere &#8220;un cambio de r\u00e9gimen&#8221;"},"content":{"rendered":"\n<p>La<strong>&nbsp;titular del PRO y precandidata presidencial de Juntos por el Cambio (JxC), Patricia Bullrich, afirm\u00f3 este mi\u00e9rcoles que si llega a la Presidencia generar\u00e1 &#8220;un cambio de r\u00e9gimen&#8221; que &#8220;no sea tibio&#8221;&nbsp;<\/strong>y reiter\u00f3 que preferir\u00e1 &#8220;negociar&#8221; con el libertario Javier Milei antes que con otros sectores porque &#8220;contar con sus diputados va a ser positivo&#8221;.<\/p>\n\n\n\n<p>&#8220;Nuestro cambio no es un cambio a medias, es un cambio de r\u00e9gimen.<strong>&nbsp;No es un cambio tibio, es un cambio que debe ir a las ra\u00edces. Que sea un sistema capitalista de reglas<\/strong>&#8220;, indic\u00f3 Bullrich al participar de un encuentro organizado por la Sociedad Rural Argentina (SRA) en el predio del barrio porte\u00f1o de Palermo.<\/p>\n\n\n\n<p>La precandidata por parte del ala m\u00e1s dura del PRO se\u00f1al\u00f3 que durante la Presidencia de Mauricio Macri -de la cual form\u00f3 parte- se hizo &#8220;crecer al Estado&#8221;, aunque ahora se &#8220;dio vuelta la ecuaci\u00f3n&#8221;.<\/p>\n\n\n\n<p>&#8220;Mantuvimos los planes sociales de la misma manera y eso nos gener\u00f3 una situaci\u00f3n en la que estuvimos financiando ese d\u00e9ficit con una fuerte endeudamiento privado. Ahora vamos a cambiar las cosas&#8221;, afirm\u00f3 Patricia Bullrich.<\/p>\n\n\n\n<p>Para eso la presidenta del PRO pondr\u00e1 en marcha &#8220;un plan&#8221; para reducir &#8220;el d\u00e9ficit desde el principio&#8221; y as\u00ed generar &#8220;un cambio fuerte en las condiciones&#8221;.<\/p>\n\n\n\n<p>&#8220;Vamos a hacer todo para entrar a un plan de estabilizaci\u00f3n y trabajar en los precios relativos que est\u00e1n distorsionados&#8221;, explic\u00f3 la exministra de Seguridad de Mauricio Macri.<\/p>\n\n\n\n<p>Adem\u00e1s, la titular del PRO reiter\u00f3 sus coincidencias pol\u00edticas con el diputado y precandidato presidencial por La Libertad Avanza, Javier Milei, al decir que &#8220;prefiere&#8221; negociar con \u00e9l antes que con otros sectores.<\/p>\n\n\n\n<p>&#8220;<strong>Contar con esos diputados va a ser positivo. Prefiero negociar con los diputados de Milei que negociar con los que te vienen a pedir el canje, los de Santiago del Estero, los que ya conocemos<\/strong>&#8220;, se\u00f1al\u00f3.<\/p>\n\n\n\n<p>Bullrich tambi\u00e9n indic\u00f3 que en caso de llegar al Sill\u00f3n de Rivadavia buscar\u00e1 &#8220;una forma jur\u00eddica&#8221; para que el Banco Central sea &#8220;independiente&#8221;.<\/p>\n\n\n\n<p>&#8220;Tenemos que<strong>&nbsp;buscar una forma jur\u00eddica que, sin cambiar la Constituci\u00f3n, genere una ingenier\u00eda legal que permita que nunca m\u00e1s podamos tener un Banco Central que emita y genere papel sin valor en la Argentina<\/strong>&#8220;, detall\u00f3.<\/p>\n\n\n\n<p>A modo de ejemplo, cit\u00f3 el caso de la econom\u00eda de Per\u00fa, donde el Gobierno &#8220;prohibi\u00f3 la emisi\u00f3n de la moneda y el pr\u00e9stamo del tesoro&#8221;.<\/p>\n\n\n\n<p>Patricia Bullrich tambi\u00e9n resalt\u00f3 que pretende tener &#8220;un tipo de cambio \u00fanico&#8221; porque si no el pa\u00eds &#8220;nunca va a arrancar&#8221;.<\/p>\n\n\n\n<p>&#8220;<strong>Necesitamos el fin del cepo cambiario. No hay pa\u00eds que pueda vivir con esa cantidad de monedas, que hace que toda la producci\u00f3n se atasque<\/strong>. Estamos convencidos que el cepo hay que retirarlo de inmediato&#8221;, destac\u00f3.<\/p>\n\n\n\n<p>Sobre la actualidad social y econ\u00f3mica del pa\u00eds, Bullrich asegur\u00f3 que &#8220;hay gente con necesidades&#8221; pero que &#8220;debe entrar al mundo del trabajo&#8221; porque sino &#8220;generan un desorden total&#8221;.<\/p>\n\n\n\n<p>&#8220;<strong>La palabra fundamental de la Argentina que viene es el orden, el orden econ\u00f3mico, pol\u00edtico, en la seguridad y en la educaci\u00f3n<\/strong>&#8220;, apunt\u00f3.<\/p>\n\n\n\n<p>Fuente: Minutouno<\/p>\n","protected":false},"excerpt":{"rendered":"<div class=\"mh-excerpt\"><p>La&nbsp;titular del PRO y precandidata presidencial de Juntos por el Cambio (JxC), Patricia Bullrich, afirm\u00f3 este mi\u00e9rcoles que si llega a la Presidencia generar\u00e1 &#8220;un cambio de r\u00e9gimen&#8221; que &#8220;no sea tibio&#8221;&nbsp;y reiter\u00f3 que preferir\u00e1 &#8220;negociar&#8221; con el libertario Javier Milei antes que con otros sectores porque &#8220;contar con sus diputados va a ser positivo&#8221;. &#8220;Nuestro cambio no es un cambio a medias, es un cambio de r\u00e9gimen.&nbsp;No es un cambio tibio, es un cambio que debe ir a las ra\u00edces. Que sea un sistema capitalista de reglas&#8220;, indic\u00f3 Bullrich al participar de un encuentro organizado por la Sociedad Rural <a class=\"mh-excerpt-more\" href=\"http:\/\/dsrmedios.com.ar\/diario\/archivos\/30792\" title=\"Patricia Bullrich cada vez m\u00e1s cerca de Javier Milei: quiere &#8220;un cambio de r\u00e9gimen&#8221;\">[Leer m\u00e1s]<\/a><\/p>\n<\/div>","protected":false},"author":6,"featured_media":30793,"comment_status":"open","ping_status":"closed","sticky":false,"template":"","format":"standard","meta":{"_jetpack_newsletter_access":""},"categories":[6],"tags":[],"jetpack_featured_media_url":"http:\/\/dsrmedios.com.ar\/diario\/wp-content\/uploads\/2023\/04\/descarga-6.jpg","jetpack_sharing_enabled":true,"jetpack_shortlink":"https:\/\/wp.me\/p9fihK-80E","_links":{"self":[{"href":"http:\/\/dsrmedios.com.ar\/diario\/wp-json\/wp\/v2\/posts\/30792"}],"collection":[{"href":"http:\/\/dsrmedios.com.ar\/diario\/wp-json\/wp\/v2\/posts"}],"about":[{"href":"http:\/\/dsrmedios.com.ar\/diario\/wp-json\/wp\/v2\/types\/post"}],"author":[{"embeddable":true,"href":"http:\/\/dsrmedios.com.ar\/diario\/wp-json\/wp\/v2\/users\/6"}],"replies":[{"embeddable":true,"href":"http:\/\/dsrmedios.com.ar\/diario\/wp-json\/wp\/v2\/comments?post=30792"}],"version-history":[{"count":1,"href":"http:\/\/dsrmedios.com.ar\/diario\/wp-json\/wp\/v2\/posts\/30792\/revisions"}],"predecessor-version":[{"id":30794,"href":"http:\/\/dsrmedios.com.ar\/diario\/wp-json\/wp\/v2\/posts\/30792\/revisions\/30794"}],"wp:featuredmedia":[{"embeddable":true,"href":"http:\/\/dsrmedios.com.ar\/diario\/wp-json\/wp\/v2\/media\/30793"}],"wp:attachment":[{"href":"http:\/\/dsrmedios.com.ar\/diario\/wp-json\/wp\/v2\/media?parent=30792"}],"wp:term":[{"taxonomy":"category","embeddable":true,"href":"http:\/\/dsrmedios.com.ar\/diario\/wp-json\/wp\/v2\/categories?post=30792"},{"taxonomy":"post_tag","embeddable":true,"href":"http:\/\/dsrmedios.com.ar\/diario\/wp-json\/wp\/v2\/tags?post=30792"}],"curies":[{"name":"wp","href":"https:\/\/api.w.org\/{rel}","templated":true}]}}