{"id":30784,"date":"2023-04-12T20:23:40","date_gmt":"2023-04-12T23:23:40","guid":{"rendered":"http:\/\/dsrmedios.com.ar\/diario\/?p=30784"},"modified":"2023-04-12T20:23:44","modified_gmt":"2023-04-12T23:23:44","slug":"el-quiebre-en-el-pro-por-las-elecciones-portenas-dejara-a-larreta-sin-quorum-automatico-en-la-legislatura","status":"publish","type":"post","link":"http:\/\/dsrmedios.com.ar\/diario\/archivos\/30784","title":{"rendered":"El quiebre en el PRO por las elecciones porte\u00f1as dejar\u00e1 a Larreta sin qu\u00f3rum autom\u00e1tico en la Legislatura"},"content":{"rendered":"\n<p>La decisi\u00f3n de&nbsp;<strong>Horacio Rodr\u00edguez Larreta<\/strong>&nbsp;de&nbsp;<strong>desdoblar&nbsp;<\/strong>las&nbsp;<strong>elecciones&nbsp;<\/strong>en la ciudad de Buenos Aires no solo marc\u00f3 un ante y un despu\u00e9s en la interna con los sectores duros del PRO -referenciados en&nbsp;<strong>Mauricio Macri&nbsp;<\/strong>y<strong>&nbsp;Patricia Bullrich<\/strong>&#8211; sino que tambi\u00e9n tendr\u00e1 impacto de la gesti\u00f3n local: los&nbsp;<strong>tres legisladores&nbsp;<\/strong>que responden pol\u00edticamente a la ex ministra de Seguridad son fundamentales para&nbsp;<strong>garantizar el qu\u00f3rum&nbsp;<\/strong>en la Legislatura y ahora amenazan con&nbsp;<strong>romper la mayor\u00eda autom\u00e1tica&nbsp;<\/strong>oficialista.<\/p>\n\n\n\n<p>Este lunes, el jefe de Gobierno anunci\u00f3 que los porte\u00f1os&nbsp;<strong>votar\u00e1n el mismo d\u00eda<\/strong>&nbsp;para elegir a los&nbsp;<strong>candidatos nacionales&nbsp;<\/strong>(presidente y diputados) y&nbsp;<strong>locales<\/strong>&nbsp;(jefe de Gobierno, legisladores y comuneros): el 13 de agosto las PASO y el 22 de octubre las generales. Sin embargo, funcionar\u00e1n&nbsp;<strong>de forma concurrente dos sistemas diferentes<\/strong>. Por un lado, los cargos nacionales con las tradicionales<strong>&nbsp;boletas de papel<\/strong>&nbsp;y el resto con la<strong>&nbsp;boleta \u00fanica electr\u00f3nica.<\/strong><\/p>\n\n\n\n<p>Tanto Macri como Bullrich acusaron a Larreta de querer&nbsp;<strong>beneficiar al radical Mart\u00edn Lousteau<\/strong>, quien ser\u00e1 candidato a jefe de Gobierno, ya que al haber boletas diferentes se anular\u00e1 el \u201cefecto arrastre\u201d de la f\u00f3rmula nacional. Esto ocurre porque el l\u00edder de Evoluci\u00f3n no ten\u00eda un candidato presidencial fuerte a la cual \u201ccolgar\u201d su boleta.<\/p>\n\n\n\n<p>Por su parte, el jefe de Gobierno asegura p\u00fablicamente que s\u00f3lo se limit\u00f3 a&nbsp;<strong>cumplir con la ley electoral<\/strong>. Pero la movida admite otras lecturas pol\u00edticas, principalmente que fue un&nbsp;<strong>gesto de independencia&nbsp;<\/strong>ante el ex presidente para evitar que condicione su eventual gesti\u00f3n.<\/p>\n\n\n\n<p>En ese marco, desde el bullrichismo ya dejaron trascender que ante la \u201c<strong>unilateralidad<\/strong>\u201d de la decisi\u00f3n que tom\u00f3 Larreta los sectores identificados con los \u201chalcones\u201d har\u00e1n lo propio en la Legislatura.<\/p>\n\n\n\n<p><img decoding=\"async\" loading=\"lazy\" alt=\"Patricia Bullrich junto a Jorge Macri y Juan Pablo Arenaza\" height=\"1080\" width=\"1920\" class=\"\" src=\"https:\/\/cloudfront-us-east-1.images.arcpublishing.com\/infobae\/XSPNYGIJIJGLXJ2FZ6RQJT5TSU.jpg\" srcset=\"https:\/\/www.infobae.com\/new-resizer\/0XzZVdOrzNbNRYn0yyVkKU4RtZ8=\/420x236\/filters:format(webp):quality(85)\/cloudfront-us-east-1.images.arcpublishing.com\/infobae\/XSPNYGIJIJGLXJ2FZ6RQJT5TSU.jpg 420w,https:\/\/www.infobae.com\/new-resizer\/xqi5IpFYnVEchee1An71dH8EHL0=\/768x432\/filters:format(webp):quality(85)\/cloudfront-us-east-1.images.arcpublishing.com\/infobae\/XSPNYGIJIJGLXJ2FZ6RQJT5TSU.jpg 768w,https:\/\/www.infobae.com\/new-resizer\/YMA5lVia18MOqAy7rkOzAxMFfzI=\/992x558\/filters:format(webp):quality(85)\/cloudfront-us-east-1.images.arcpublishing.com\/infobae\/XSPNYGIJIJGLXJ2FZ6RQJT5TSU.jpg 992w,https:\/\/www.infobae.com\/new-resizer\/6gBdSCNqRYvMe3RmG_pmMicKyTc=\/1200x675\/filters:format(webp):quality(85)\/cloudfront-us-east-1.images.arcpublishing.com\/infobae\/XSPNYGIJIJGLXJ2FZ6RQJT5TSU.jpg 1200w,https:\/\/www.infobae.com\/new-resizer\/8BSZvRQHUPK0CsVNtJfECz0FLzs=\/1440x810\/filters:format(webp):quality(85)\/cloudfront-us-east-1.images.arcpublishing.com\/infobae\/XSPNYGIJIJGLXJ2FZ6RQJT5TSU.jpg 1440w\">Patricia Bullrich junto a Jorge Macri y Juan Pablo Arenaza<\/p>\n\n\n\n<p>El oficialismo de&nbsp;<strong>Vamos Juntos&nbsp;<\/strong>tiene hoy 20 bancas a las que suma 8 de&nbsp;<strong>Evoluci\u00f3n<\/strong>, 2 de&nbsp;<strong>Republicanos Unidos<\/strong>&nbsp;y 2 del&nbsp;<strong>Socialismo<\/strong>. Suma 32 votos y se&nbsp;<strong>necesitan 31 para el qu\u00f3rum<\/strong>. Sin embargo, en las filas del bloque mayoritario hay varios legisladores que no responden al jefe de Gobierno, entre ellos los&nbsp;<strong>bullrichistas&nbsp;<\/strong>Juan Pablo Arenaza, Carolina Estebarena y Mar\u00eda Luisa Estevarena; Dar\u00edo Nieto, cercano al ex presidente&nbsp;<strong>Macri<\/strong>; y Daniel Del Sol, Paola Michielotto, Mercedes de las Casas, referenciados en el jefe del bloque de diputados nacionales del PRO,&nbsp;<strong>Cristian Ritondo<\/strong>&nbsp;(Mar\u00eda Eugenia Vidal, su jefa pol\u00edtica, tambi\u00e9n cuestion\u00f3 a Larreta por el desdoblamiento).<\/p>\n\n\n\n<p>Seg\u00fan pudo saber&nbsp;<strong>Infobae<\/strong>, los legisladores de Bullrich son los m\u00e1s enf\u00e1ticos y ya adelantaron que \u201c<strong>de ahora en m\u00e1s la negociaci\u00f3n ser\u00e1 ley por ley<\/strong>\u201d. A su vez, ya hubo charlas informales con macristas y ritondistas que por el momento no se plasmaron en un posicionamiento com\u00fan.<\/p>\n\n\n\n<p>\u201c<strong>A partir de ahora entramos en otra din\u00e1mica. Ellos pierden el qu\u00f3rum autom\u00e1tico<\/strong>\u201d, explicaron cerca de la presidenta del PRO.<\/p>\n\n\n\n<p>Los mismos legisladores ya hab\u00edan mantenido<strong>&nbsp;tensas negociaciones<\/strong>&nbsp;con el Ejecutivo porte\u00f1o cuando se debati\u00f3 el&nbsp;<strong>Presupuesto 2023<\/strong>. De hecho, forzaron algunas rebajas impositivas y se abstuvieron de votar asignaciones de fondos para programas sociales.<\/p>\n\n\n\n<p><img decoding=\"async\" loading=\"lazy\" alt=\"Juan Pablo Arenaza, Carolina Estebarena y Mar\u00eda Luisa Estevarena\" height=\"1310\" width=\"1920\" class=\"\" src=\"https:\/\/cloudfront-us-east-1.images.arcpublishing.com\/infobae\/VBJN5WIUKZCSTE2OMMCFCVHMBU.jpg\" srcset=\"https:\/\/www.infobae.com\/new-resizer\/XW9yIHokZvFVsklwF1vzAF7dy1c=\/420x280\/filters:format(webp):quality(85)\/cloudfront-us-east-1.images.arcpublishing.com\/infobae\/VBJN5WIUKZCSTE2OMMCFCVHMBU.jpg 420w,https:\/\/www.infobae.com\/new-resizer\/lw7FIfhYLYE0i9c17ls-TuIWh8E=\/768x512\/filters:format(webp):quality(85)\/cloudfront-us-east-1.images.arcpublishing.com\/infobae\/VBJN5WIUKZCSTE2OMMCFCVHMBU.jpg 768w,https:\/\/www.infobae.com\/new-resizer\/QfY9I7yykvLXTTt3yjSg7E1Lf7w=\/992x661\/filters:format(webp):quality(85)\/cloudfront-us-east-1.images.arcpublishing.com\/infobae\/VBJN5WIUKZCSTE2OMMCFCVHMBU.jpg 992w,https:\/\/www.infobae.com\/new-resizer\/JfoqUbXWg5V4LYW_QvG68xku87g=\/1200x800\/filters:format(webp):quality(85)\/cloudfront-us-east-1.images.arcpublishing.com\/infobae\/VBJN5WIUKZCSTE2OMMCFCVHMBU.jpg 1200w,https:\/\/www.infobae.com\/new-resizer\/wxZWaseJdZwwzvuzHvctFCIHZ3s=\/1440x960\/filters:format(webp):quality(85)\/cloudfront-us-east-1.images.arcpublishing.com\/infobae\/VBJN5WIUKZCSTE2OMMCFCVHMBU.jpg 1440w\">Juan Pablo Arenaza, Carolina Estebarena y Mar\u00eda Luisa Estevarena<\/p>\n\n\n\n<p>Si bien reconocieron que durante los a\u00f1os electorales no hay tanto movimiento en la Legislatura, advirtieron que para la&nbsp;<strong>ampliaci\u00f3n presupuestaria&nbsp;<\/strong>que se deber\u00eda votar en&nbsp;<strong>mayo&nbsp;<\/strong>todos los votos de Vamos Juntos ser\u00e1n esenciales.<\/p>\n\n\n\n<p>Ante la consulta de&nbsp;<strong>Infobae<\/strong>, desde el bloque oficialista minimizaron las tensiones e insistieron en que \u201c<strong>no hay grandes temas en carpeta donde se necesiten esos votos<\/strong>\u201d.<\/p>\n\n\n\n<p>\u201cNo tuvimos ninguna reuni\u00f3n de \u00faltimo momento de emergencia para resolver esto.&nbsp;<strong>Los bullrichistas van a jugar con eso, con que se van a escindir y no van a votar nada m\u00e1s<\/strong>. Pero la espuma ya baj\u00f3 un poco\u201d, se\u00f1alaron y aclararon que \u201c<strong>los ritondistas por ahora no est\u00e1n en esa sinton\u00eda\u201d.<\/strong><\/p>\n\n\n\n<p>En relaci\u00f3n a la futura ampliaci\u00f3n de presupuesto, que debe pasar por la Legislatura debido a que la inflaci\u00f3n obliga a readecuar las partidas por la inflaci\u00f3n, reconocieron que sin esos votos el tr\u00e1mite ser\u00e1 m\u00e1s complejo. \u201c<strong>Ser\u00e1 cuesti\u00f3n de negociar con el Frente de Todos<\/strong>\u201d, admitieron. Y concluyeron: \u201cHay tanto quilombo con las candidaturas que la Legislatura no es algo prioritario\u201d.<\/p>\n\n\n\n<p>Fuente: Infobae<\/p>\n","protected":false},"excerpt":{"rendered":"<div class=\"mh-excerpt\"><p>La decisi\u00f3n de&nbsp;Horacio Rodr\u00edguez Larreta&nbsp;de&nbsp;desdoblar&nbsp;las&nbsp;elecciones&nbsp;en la ciudad de Buenos Aires no solo marc\u00f3 un ante y un despu\u00e9s en la interna con los sectores duros del PRO -referenciados en&nbsp;Mauricio Macri&nbsp;y&nbsp;Patricia Bullrich&#8211; sino que tambi\u00e9n tendr\u00e1 impacto de la gesti\u00f3n local: los&nbsp;tres legisladores&nbsp;que responden pol\u00edticamente a la ex ministra de Seguridad son fundamentales para&nbsp;garantizar el qu\u00f3rum&nbsp;en la Legislatura y ahora amenazan con&nbsp;romper la mayor\u00eda autom\u00e1tica&nbsp;oficialista. Este lunes, el jefe de Gobierno anunci\u00f3 que los porte\u00f1os&nbsp;votar\u00e1n el mismo d\u00eda&nbsp;para elegir a los&nbsp;candidatos nacionales&nbsp;(presidente y diputados) y&nbsp;locales&nbsp;(jefe de Gobierno, legisladores y comuneros): el 13 de agosto las PASO y el 22 de octubre <a class=\"mh-excerpt-more\" href=\"http:\/\/dsrmedios.com.ar\/diario\/archivos\/30784\" title=\"El quiebre en el PRO por las elecciones porte\u00f1as dejar\u00e1 a Larreta sin qu\u00f3rum autom\u00e1tico en la Legislatura\">[Leer m\u00e1s]<\/a><\/p>\n<\/div>","protected":false},"author":6,"featured_media":30785,"comment_status":"open","ping_status":"closed","sticky":false,"template":"","format":"standard","meta":{"_jetpack_newsletter_access":""},"categories":[6],"tags":[],"jetpack_featured_media_url":"http:\/\/dsrmedios.com.ar\/diario\/wp-content\/uploads\/2023\/04\/YAYFLP22WFHRJAKETN2BMVU4W4.jpg","jetpack_sharing_enabled":true,"jetpack_shortlink":"https:\/\/wp.me\/p9fihK-80w","_links":{"self":[{"href":"http:\/\/dsrmedios.com.ar\/diario\/wp-json\/wp\/v2\/posts\/30784"}],"collection":[{"href":"http:\/\/dsrmedios.com.ar\/diario\/wp-json\/wp\/v2\/posts"}],"about":[{"href":"http:\/\/dsrmedios.com.ar\/diario\/wp-json\/wp\/v2\/types\/post"}],"author":[{"embeddable":true,"href":"http:\/\/dsrmedios.com.ar\/diario\/wp-json\/wp\/v2\/users\/6"}],"replies":[{"embeddable":true,"href":"http:\/\/dsrmedios.com.ar\/diario\/wp-json\/wp\/v2\/comments?post=30784"}],"version-history":[{"count":1,"href":"http:\/\/dsrmedios.com.ar\/diario\/wp-json\/wp\/v2\/posts\/30784\/revisions"}],"predecessor-version":[{"id":30786,"href":"http:\/\/dsrmedios.com.ar\/diario\/wp-json\/wp\/v2\/posts\/30784\/revisions\/30786"}],"wp:featuredmedia":[{"embeddable":true,"href":"http:\/\/dsrmedios.com.ar\/diario\/wp-json\/wp\/v2\/media\/30785"}],"wp:attachment":[{"href":"http:\/\/dsrmedios.com.ar\/diario\/wp-json\/wp\/v2\/media?parent=30784"}],"wp:term":[{"taxonomy":"category","embeddable":true,"href":"http:\/\/dsrmedios.com.ar\/diario\/wp-json\/wp\/v2\/categories?post=30784"},{"taxonomy":"post_tag","embeddable":true,"href":"http:\/\/dsrmedios.com.ar\/diario\/wp-json\/wp\/v2\/tags?post=30784"}],"curies":[{"name":"wp","href":"https:\/\/api.w.org\/{rel}","templated":true}]}}