{"id":30782,"date":"2023-04-12T19:49:06","date_gmt":"2023-04-12T22:49:06","guid":{"rendered":"http:\/\/dsrmedios.com.ar\/diario\/?p=30782"},"modified":"2023-04-12T19:49:09","modified_gmt":"2023-04-12T22:49:09","slug":"naftas-en-precios-justos-el-gobierno-y-las-petroleras-acordaron-subas-del-4-por-mes-hasta-julio","status":"publish","type":"post","link":"http:\/\/dsrmedios.com.ar\/diario\/archivos\/30782","title":{"rendered":"Naftas en Precios Justos: el Gobierno y las petroleras acordaron subas del 4% por mes hasta julio"},"content":{"rendered":"\n<p>El Gobierno nacional y las petroleras firmaron un nuevo acuerdo de Precios Justos y establecieron una pauta de aumento del 4% mensual en los precios de la nafta y el gasoil desde el 15 de abril hasta el 15 de agosto. Es decir, que el pr\u00f3ximo s\u00e1bado los precios tendr\u00e1n el primer incremento de la nueva etapa del convenio.<\/p>\n\n\n\n<p>El acuerdo, presentado por la secretaria de Energ\u00eda,<strong>&nbsp;Flavia Royon<\/strong>, y el secretario de Comercio,&nbsp;<strong>Mat\u00edas Tombolin<\/strong>i, busca proteger a los consumidores y fomentar la estabilidad en el mercado. Por el lado de las empresas, participaron&nbsp;<strong>YPF, PAE, Ra\u00edzen y Trafigura.<\/strong><\/p>\n\n\n\n<p>\u201cEntendemos que esto requiere esfuerzo de las empresas, el Estado ya est\u00e1 haciendo un esfuerzo de manera de contener los precios y anclar la expectativa inflacionaria para que esto no tenga un efecto en los precios y en el bolsillo de la gente\u201d, declar\u00f3 Roy\u00f3n.<\/p>\n\n\n\n<p>Fuente: Infobae<\/p>\n","protected":false},"excerpt":{"rendered":"<div class=\"mh-excerpt\"><p>El Gobierno nacional y las petroleras firmaron un nuevo acuerdo de Precios Justos y establecieron una pauta de aumento del 4% mensual en los precios de la nafta y el gasoil desde el 15 de abril hasta el 15 de agosto. Es decir, que el pr\u00f3ximo s\u00e1bado los precios tendr\u00e1n el primer incremento de la nueva etapa del convenio. El acuerdo, presentado por la secretaria de Energ\u00eda,&nbsp;Flavia Royon, y el secretario de Comercio,&nbsp;Mat\u00edas Tombolini, busca proteger a los consumidores y fomentar la estabilidad en el mercado. Por el lado de las empresas, participaron&nbsp;YPF, PAE, Ra\u00edzen y Trafigura. \u201cEntendemos que esto <a class=\"mh-excerpt-more\" href=\"http:\/\/dsrmedios.com.ar\/diario\/archivos\/30782\" title=\"Naftas en Precios Justos: el Gobierno y las petroleras acordaron subas del 4% por mes hasta julio\">[Leer m\u00e1s]<\/a><\/p>\n<\/div>","protected":false},"author":6,"featured_media":2131,"comment_status":"open","ping_status":"closed","sticky":false,"template":"","format":"standard","meta":{"_jetpack_newsletter_access":""},"categories":[6],"tags":[],"jetpack_featured_media_url":"http:\/\/dsrmedios.com.ar\/diario\/wp-content\/uploads\/2017\/11\/naftaaa.jpg","jetpack_sharing_enabled":true,"jetpack_shortlink":"https:\/\/wp.me\/p9fihK-80u","_links":{"self":[{"href":"http:\/\/dsrmedios.com.ar\/diario\/wp-json\/wp\/v2\/posts\/30782"}],"collection":[{"href":"http:\/\/dsrmedios.com.ar\/diario\/wp-json\/wp\/v2\/posts"}],"about":[{"href":"http:\/\/dsrmedios.com.ar\/diario\/wp-json\/wp\/v2\/types\/post"}],"author":[{"embeddable":true,"href":"http:\/\/dsrmedios.com.ar\/diario\/wp-json\/wp\/v2\/users\/6"}],"replies":[{"embeddable":true,"href":"http:\/\/dsrmedios.com.ar\/diario\/wp-json\/wp\/v2\/comments?post=30782"}],"version-history":[{"count":1,"href":"http:\/\/dsrmedios.com.ar\/diario\/wp-json\/wp\/v2\/posts\/30782\/revisions"}],"predecessor-version":[{"id":30783,"href":"http:\/\/dsrmedios.com.ar\/diario\/wp-json\/wp\/v2\/posts\/30782\/revisions\/30783"}],"wp:featuredmedia":[{"embeddable":true,"href":"http:\/\/dsrmedios.com.ar\/diario\/wp-json\/wp\/v2\/media\/2131"}],"wp:attachment":[{"href":"http:\/\/dsrmedios.com.ar\/diario\/wp-json\/wp\/v2\/media?parent=30782"}],"wp:term":[{"taxonomy":"category","embeddable":true,"href":"http:\/\/dsrmedios.com.ar\/diario\/wp-json\/wp\/v2\/categories?post=30782"},{"taxonomy":"post_tag","embeddable":true,"href":"http:\/\/dsrmedios.com.ar\/diario\/wp-json\/wp\/v2\/tags?post=30782"}],"curies":[{"name":"wp","href":"https:\/\/api.w.org\/{rel}","templated":true}]}}