{"id":30778,"date":"2023-04-12T19:40:58","date_gmt":"2023-04-12T22:40:58","guid":{"rendered":"http:\/\/dsrmedios.com.ar\/diario\/?p=30778"},"modified":"2023-04-12T19:41:02","modified_gmt":"2023-04-12T22:41:02","slug":"larreta-tambien-le-bajo-el-tono-a-la-interna-del-pro-no-hay-ninguna-posibilidad-de-que-haya-una-ruptura","status":"publish","type":"post","link":"http:\/\/dsrmedios.com.ar\/diario\/archivos\/30778","title":{"rendered":"Larreta tambi\u00e9n le baj\u00f3 el tono a la interna del PRO: \u201cNo hay ninguna posibilidad de que haya una ruptura\u201d"},"content":{"rendered":"\n<p>\u201cYo les garantizo ac\u00e1 que&nbsp;<strong>no hay ninguna posibilidad de que haya una ruptura en Juntos por el Cambio\u201d<\/strong>, asegur\u00f3&nbsp;<strong>Horacio Rodr\u00edguez Larreta<\/strong>, jefe de Gobierno porte\u00f1o, durante un discurso que dio en el evento que se realiz\u00f3 esta tarde en el predio de la Sociedad Rural Argentina (SRA). El alcalde busc\u00f3 bajarle el tono al conflicto interno que se desat\u00f3 en la coalici\u00f3n opositora por su decisi\u00f3n de convocar a elecciones concurrentes en la&nbsp;<strong>Ciudad de Buenos Aires<\/strong>, que provoc\u00f3 el enojo de&nbsp;<strong>Mauricio Macri<\/strong>&nbsp;y dividi\u00f3 al PRO.<\/p>\n\n\n\n<p>No obstante, Larreta mantuvo su idea respecto a la medida que tom\u00f3. \u201cLo que hice es cumplir con la ley.&nbsp;<strong>Lo hice, lo sostengo y me hago cargo<\/strong>. En la Ciudad vamos a votar con la&nbsp;<strong>Boleta \u00danica<\/strong>, es mi decisi\u00f3n y me hago cargo\u201d, enfatiz\u00f3. Fue ante un auditorio de alrededor de 500 productores agropecuarios y empresarios vinculados al sector del campo, en el sal\u00f3n principal del Pabell\u00f3n Rojo de la Sociedad Rural. El jefe de Gobierno fue el \u00faltimo orador de un evento en el que desfilaron un grupo de precandidatos a presidentes de la Naci\u00f3n de la oposici\u00f3n.<\/p>\n\n\n\n<p>Fue en el marco de la convocatoria denominada \u201cCompromiso por una nueva Argentina\u201d, que se realiz\u00f3 esta tarde en el predio de la Sociedad Rural Argentina (SRA). A lo largo de cuatro horas expusieron, durante 20 minutos cada uno,&nbsp;<strong>Patricia Bullrich, Horacio Rodr\u00edguez Larreta, Gerardo Morales y Miguel \u00c1ngel Pichetto<\/strong>&nbsp;-presidenciables de Juntos por el Cambio (JxC)-, as\u00ed como el precandidato a presidente libertario,<strong>&nbsp;Javier Milei,<\/strong>&nbsp;y el gobernador de C\u00f3rdoba,&nbsp;<strong>Juan Schiaretti<\/strong>. La iniciativa cobr\u00f3 especial relevancia por desarrollarse en una semana signada por la interna de JxC y el cruce entre Macri y Larreta por las elecciones porte\u00f1as.<\/p>\n\n\n\n<p><img decoding=\"async\" loading=\"lazy\" alt=\"Patricia Bullrich habl\u00f3 antes que el jefe de Gobierno de la Ciudad de Buenos Aires\" height=\"1277\" width=\"1920\" class=\"\" src=\"https:\/\/cloudfront-us-east-1.images.arcpublishing.com\/infobae\/7WE4ELJD7FHXFEWHYLTWN267HE.jpg\" srcset=\"https:\/\/www.infobae.com\/new-resizer\/s89NipmEJvNHhwKB3xnpcVee_mc=\/420x280\/filters:format(webp):quality(85)\/cloudfront-us-east-1.images.arcpublishing.com\/infobae\/7WE4ELJD7FHXFEWHYLTWN267HE.jpg 420w,https:\/\/www.infobae.com\/new-resizer\/5NDxF1gwmAU-WQI86FIBu5Ikso4=\/768x512\/filters:format(webp):quality(85)\/cloudfront-us-east-1.images.arcpublishing.com\/infobae\/7WE4ELJD7FHXFEWHYLTWN267HE.jpg 768w,https:\/\/www.infobae.com\/new-resizer\/1PpDxebxPTd1UCXeeJNNlMGWCHo=\/992x661\/filters:format(webp):quality(85)\/cloudfront-us-east-1.images.arcpublishing.com\/infobae\/7WE4ELJD7FHXFEWHYLTWN267HE.jpg 992w,https:\/\/www.infobae.com\/new-resizer\/DSc1z0UK3N7BV3-e-JjV_J4dfJY=\/1200x800\/filters:format(webp):quality(85)\/cloudfront-us-east-1.images.arcpublishing.com\/infobae\/7WE4ELJD7FHXFEWHYLTWN267HE.jpg 1200w,https:\/\/www.infobae.com\/new-resizer\/cezbNQqOcmSsigCF-SjxjXszBx4=\/1440x960\/filters:format(webp):quality(85)\/cloudfront-us-east-1.images.arcpublishing.com\/infobae\/7WE4ELJD7FHXFEWHYLTWN267HE.jpg 1440w\">Patricia Bullrich habl\u00f3 antes que el jefe de Gobierno de la Ciudad de Buenos Aires<\/p>\n\n\n\n<p>En el auditorio hab\u00eda expectativa por recibir a los candidatos. En la previa a la apertura, que fue a las 15, a lo largo del sal\u00f3n se formaban grupos de productores y terratenientes que conversaban por lo bajo, entre ellos, sobre pol\u00edtica, la interna de JxC, y la situaci\u00f3n econ\u00f3mica del pa\u00eds. Varios de los empresarios presentes se cruzaron de sal\u00f3n, porque ven\u00edan del almuerzo que hizo el Consejo Interamericano de Comercio y Producci\u00f3n (Cicyp) este mediod\u00eda, tambi\u00e9n en el predio de la SRA en Palermo.\u00a0<strong>El invitado estelar de ese evento fue Mauricio Macri.<\/strong><\/p>\n\n\n\n<p>El evento \u201c<strong>Compromisos para una nueva Argentina<\/strong>\u201d se organiz\u00f3 hace un mes, pero cobr\u00f3 especial significaci\u00f3n por la semana en la que se realiza. El&nbsp;<strong>recrudecimiento&nbsp;<\/strong>de la&nbsp;<strong>disputa<\/strong>&nbsp;interna en JxC aceler\u00f3 el clima electoral, especialmente en la oposici\u00f3n. La principal coalici\u00f3n opositora enfrenta semanas&nbsp;<strong>decisivas&nbsp;<\/strong>desde el punto de vista pol\u00edtico.<\/p>\n\n\n\n<p>M\u00e1s temprano, Macri le hab\u00eda&nbsp;<strong>bajado el tono<\/strong>&nbsp;a la pelea con Larreta. \u201c<strong>Ya est\u00e1, ahora hay que seguir trabajando<\/strong>\u201d, pidi\u00f3 el ex presidente ante los 200 empresarios que participaron de la comida del CICyP. Luego, casi en sinton\u00eda, Bullrich sigui\u00f3 en la misma l\u00ednea y aplac\u00f3 su tono. Al ser consultada por el conflicto en el PRO, la ex ministra de Seguridad fue taxativa:&nbsp;<strong>\u201cNo voy a volver a hablar sobre la decisi\u00f3n de Rodr\u00edguez Larreta\u201d.<\/strong><\/p>\n\n\n\n<p><img decoding=\"async\" loading=\"lazy\" alt=\"La presidenta del PRO eligi\u00f3 hablar del futuro y cerr\u00f3 la pol\u00e9mica por las elecciones en la Ciudad de Buenos Aires\" height=\"1277\" width=\"1920\" class=\"\" src=\"https:\/\/cloudfront-us-east-1.images.arcpublishing.com\/infobae\/FFYF6KAJN5FBJMFP34ZXZWUIQI.jpg\" srcset=\"https:\/\/www.infobae.com\/new-resizer\/PpZUz-y5YDFEzGc9zuTL6RqGVyQ=\/420x280\/filters:format(webp):quality(85)\/cloudfront-us-east-1.images.arcpublishing.com\/infobae\/FFYF6KAJN5FBJMFP34ZXZWUIQI.jpg 420w,https:\/\/www.infobae.com\/new-resizer\/xnBUF_WYgvua2QcCv1D05RVOCYA=\/768x512\/filters:format(webp):quality(85)\/cloudfront-us-east-1.images.arcpublishing.com\/infobae\/FFYF6KAJN5FBJMFP34ZXZWUIQI.jpg 768w,https:\/\/www.infobae.com\/new-resizer\/2iR9Y3d5d1aZF4p1L8mJJTS11oQ=\/992x661\/filters:format(webp):quality(85)\/cloudfront-us-east-1.images.arcpublishing.com\/infobae\/FFYF6KAJN5FBJMFP34ZXZWUIQI.jpg 992w,https:\/\/www.infobae.com\/new-resizer\/G1omB5VZM1G0WSKYTT5l6w3TpBE=\/1200x800\/filters:format(webp):quality(85)\/cloudfront-us-east-1.images.arcpublishing.com\/infobae\/FFYF6KAJN5FBJMFP34ZXZWUIQI.jpg 1200w,https:\/\/www.infobae.com\/new-resizer\/_65dfYoQqeNkPoeSbZl5wPmjigg=\/1440x960\/filters:format(webp):quality(85)\/cloudfront-us-east-1.images.arcpublishing.com\/infobae\/FFYF6KAJN5FBJMFP34ZXZWUIQI.jpg 1440w\">La presidenta del PRO eligi\u00f3 hablar del futuro y cerr\u00f3 la pol\u00e9mica por las elecciones en la Ciudad de Buenos Aires<\/p>\n\n\n\n<p>En relaci\u00f3n con la posibilidad de que se rompa JxC, Bullrich se desmarc\u00f3 de la pregunta y sostuvo: \u201cEl futuro de JxC es ser el futuro gobierno de Argentina\u201d. Fueron declaraciones que concedi\u00f3 a la prensa cuando termin\u00f3 su discurso. Durante su disertaci\u00f3n ante el auditorio, la presidenta del PRO se enfoc\u00f3 en sus propuestas econ\u00f3micas de gobierno y no se refiri\u00f3 a la interna partidaria. \u201cLa decisi\u00f3n, el car\u00e1cter y la firmeza son los elementos distintivos de la Argentina que viene para tomar las medidas que hay que tomar\u201d, sentenci\u00f3.<\/p>\n\n\n\n<p>Quien tambi\u00e9n puso pa\u00f1os fr\u00edos y exigi\u00f3 templanza fue Gerardo Morales, gobernador de Jujuy y precandidato a presidente de la Uni\u00f3n C\u00edvica Radical (UCR). \u201c<strong>Calma PRO, porque tenemos un gran desaf\u00edo por delante\u201d,&nbsp;<\/strong>pidi\u00f3 el juje\u00f1o en su discurso en La Rural. Y agreg\u00f3, con iron\u00eda:<strong>&nbsp;\u201cNos han copiado lo peor a nosotros (la UCR), que son las internas\u201d.<\/strong><\/p>\n\n\n\n<p><img decoding=\"async\" loading=\"lazy\" alt=\"Gerardo Morales le pidi\u00f3 templanza al PRO e ironiz\u00f3: &quot;Nos copiaron lo peor a los radicales, las internas&quot;. En la foto, junto a Nicol\u00e1s Pino, el presidente de la Sociedad Rural.\" height=\"1280\" width=\"1920\" class=\"\" src=\"https:\/\/cloudfront-us-east-1.images.arcpublishing.com\/infobae\/EL4HE7WWDJFKJKRUE72VOOKHTY.jpg\" srcset=\"https:\/\/www.infobae.com\/new-resizer\/2dg5OSaxcz__Ky7KBY3xJ4hqxok=\/420x280\/filters:format(webp):quality(85)\/cloudfront-us-east-1.images.arcpublishing.com\/infobae\/EL4HE7WWDJFKJKRUE72VOOKHTY.jpg 420w,https:\/\/www.infobae.com\/new-resizer\/C3aEkuOVX_gbxFE1O3MJyG1gRYs=\/768x512\/filters:format(webp):quality(85)\/cloudfront-us-east-1.images.arcpublishing.com\/infobae\/EL4HE7WWDJFKJKRUE72VOOKHTY.jpg 768w,https:\/\/www.infobae.com\/new-resizer\/2Pq7TxdX50p0O41l7vI6_32UrEI=\/992x661\/filters:format(webp):quality(85)\/cloudfront-us-east-1.images.arcpublishing.com\/infobae\/EL4HE7WWDJFKJKRUE72VOOKHTY.jpg 992w,https:\/\/www.infobae.com\/new-resizer\/bjE4b0Op9MRt5l-VOdzYvtYs7F4=\/1200x800\/filters:format(webp):quality(85)\/cloudfront-us-east-1.images.arcpublishing.com\/infobae\/EL4HE7WWDJFKJKRUE72VOOKHTY.jpg 1200w,https:\/\/www.infobae.com\/new-resizer\/80Ij2d0mivvaYduJOcf4-ecyhv0=\/1440x960\/filters:format(webp):quality(85)\/cloudfront-us-east-1.images.arcpublishing.com\/infobae\/EL4HE7WWDJFKJKRUE72VOOKHTY.jpg 1440w\">Gerardo Morales le pidi\u00f3 templanza al PRO e ironiz\u00f3: &#8220;Nos copiaron lo peor a los radicales, las internas&#8221;. En la foto, junto a Nicol\u00e1s Pino, el presidente de la Sociedad Rural.<\/p>\n\n\n\n<p>En la misma l\u00ednea se pronunci\u00f3 Pichetto, pata peronista de JxC. \u201c<strong>No voy a opinar&nbsp;<\/strong>del tema (sobre la pelea Macri-Larreta).&nbsp;<strong>El silencio tambi\u00e9n a veces es un aporte<\/strong>\u201d,reflexion\u00f3 el ex senador nacional. Luego, llam\u00f3 a que se ordene la situaci\u00f3n del PRO.\u201cEspero que podamos&nbsp;<strong>acordar y fijar reglas<\/strong>, porque le tenemos que dar&nbsp;<strong>certidumbre&nbsp;<\/strong>a la sociedad. Hay que encontrar un espacio para&nbsp;<strong>dirimir los conflictos<\/strong>&nbsp;de manera prudente y&nbsp;<strong>reservada<\/strong>\u201d. De este modo, los principales actores pol\u00edticos del frente opositor coincidieron en bajar los decibeles, tras el terremoto pol\u00edtico del fin de semana.<\/p>\n\n\n\n<p>A diferencia de los referentes de JxC, Milei fue a fondo con el tema y volvi\u00f3 a cuestionar a Rodr\u00edguez Larreta. Cuando finaliz\u00f3 su discurso, el economista dialog\u00f3 unos minutos con los medios acreditados en el evento y apunt\u00f3 contra el jefe de Gobierno. \u201cTratan de&nbsp;<strong>usar el sistema electoral<\/strong>&nbsp;para conseguir una&nbsp;<strong>ventaja<\/strong>. Larreta habl\u00f3 de institucionalidad pero&nbsp;<strong>lo \u00fanico que le importa es el poder<\/strong>&nbsp;por una cuesti\u00f3n de&nbsp;<strong>ego<\/strong>\u201d, sostuvo el libertario. En su discurso sobre el escenario, el diputado nacional expuso sus propuestas econ\u00f3micas y de gobierno. El auditorio lo escuch\u00f3 atentamente y lo aplaudi\u00f3 con algunas frases, aunque sin ovacionarlo.<\/p>\n\n\n\n<p><img decoding=\"async\" loading=\"lazy\" alt=\"Milei fue fiel a su estilo y cuestion\u00f3 sin eufemismos al jefe de gobierno porte\u00f1o, Horacio Rodr\u00edguez Larreta.\" height=\"1280\" width=\"1920\" class=\"\" src=\"https:\/\/cloudfront-us-east-1.images.arcpublishing.com\/infobae\/DJIKSH5QDRB75LXTNH5WMDY3MQ.jpg\" srcset=\"https:\/\/www.infobae.com\/new-resizer\/eMgSGb3jDpyhM3N_wXAJ0WKAN-w=\/420x280\/filters:format(webp):quality(85)\/cloudfront-us-east-1.images.arcpublishing.com\/infobae\/DJIKSH5QDRB75LXTNH5WMDY3MQ.jpg 420w,https:\/\/www.infobae.com\/new-resizer\/1jAeXQWvTW_i1veJ1dgcyXxiQJ4=\/768x512\/filters:format(webp):quality(85)\/cloudfront-us-east-1.images.arcpublishing.com\/infobae\/DJIKSH5QDRB75LXTNH5WMDY3MQ.jpg 768w,https:\/\/www.infobae.com\/new-resizer\/Jkl-fjkzxKS8GFvsqxHgFbq1qdw=\/992x661\/filters:format(webp):quality(85)\/cloudfront-us-east-1.images.arcpublishing.com\/infobae\/DJIKSH5QDRB75LXTNH5WMDY3MQ.jpg 992w,https:\/\/www.infobae.com\/new-resizer\/a6RTSJ4hLAsZiZoQ7khn5edOZcY=\/1200x800\/filters:format(webp):quality(85)\/cloudfront-us-east-1.images.arcpublishing.com\/infobae\/DJIKSH5QDRB75LXTNH5WMDY3MQ.jpg 1200w,https:\/\/www.infobae.com\/new-resizer\/SaU40bbVSbY6W22WPaPOpYTUxVs=\/1440x960\/filters:format(webp):quality(85)\/cloudfront-us-east-1.images.arcpublishing.com\/infobae\/DJIKSH5QDRB75LXTNH5WMDY3MQ.jpg 1440w\">Milei fue fiel a su estilo y cuestion\u00f3 sin eufemismos al jefe de gobierno porte\u00f1o, Horacio Rodr\u00edguez Larreta.<\/p>\n\n\n\n<p><strong>Schiaretti&nbsp;<\/strong>y&nbsp;<strong>Milei&nbsp;<\/strong>fueron los \u00fanicos expositores que no integran JxC. El cordob\u00e9s trabaja en un plan presidencial dentro de un frente peronista y de centro, junto al salte\u00f1o<strong>&nbsp;Juan Manuel Urtubey<\/strong>. \u201c<strong>Ser tolerante con el que piensa distinto es lo que nos da confianza<\/strong>\u201d, consider\u00f3 el \u201cGringo\u201d en su alocuci\u00f3n. Luego se refiri\u00f3 a su visi\u00f3n econ\u00f3mica del pa\u00eds y sostuvo que \u201csolucionar el d\u00e9ficit fiscal no significa hacer un ajuste salvaje. El gobierno kirchnerista est\u00e1 aplicando&nbsp;<strong>parche sobre parche<\/strong>\u201d. Si bien los organizadores invitaron a funcionarios del Gobierno nacional, como el presidente&nbsp;<strong>Alberto Fern\u00e1ndez<\/strong>, el ministro del Interior,&nbsp;<strong>Wado De Pedro<\/strong>&nbsp;y el ministro de Econom\u00eda,&nbsp;<strong>Sergio Massa<\/strong>, ninguno asisti\u00f3. Cabe recordar que el titular del palacio de Hacienda se encuentra en este momento en&nbsp;<strong>Estados Unidos<\/strong>, en el marco de una misi\u00f3n en el Fondo Monetario Internacional y otras entidades financieras de ese pa\u00eds.<\/p>\n\n\n\n<p>El encuentro de la Sociedad Rural estuvo convocado a las 15 y abri\u00f3 con las palabras de&nbsp;<strong>Nicol\u00e1s<\/strong>&nbsp;<strong>Pino<\/strong>, presidente de la SRA, que ofici\u00f3 de anfitri\u00f3n. \u201c<strong>Queremos saber hacia d\u00f3nde quieren llevar a nuestro sector y al pa\u00eds los precandidatos a presidente<\/strong>\u201d, dijo el titular de la entidad rural. \u201cNo recibimos nada a cambio de las retenciones que pagamos\u201d, lanz\u00f3 el productor agropecuario.<\/p>\n\n\n\n<p>La iniciativa se organiz\u00f3 hace un mes con el fin de que un grupo de productores nucleados en la&nbsp;<strong>Mesa de Enlace&nbsp;<\/strong>y empresarios vinculados al campo le entregaran a los candidatos un documento con los lineamientos de pol\u00edticas p\u00fablicas para el sector agropecuario. Cada uno de los dirigentes expuso por&nbsp;<strong>20 minutos<\/strong>&nbsp;su proyecto de gobierno y luego interactu\u00f3 cinco minutos m\u00e1s con la periodista&nbsp;<strong>Cecilia Boufflet<\/strong>, que fue la host. Por el formato que dispuso la organizaci\u00f3n, los candidatos&nbsp;<strong>no se cruzaron<\/strong>&nbsp;entre s\u00ed. Finalizaba un expositor, descend\u00eda del escenario por un costado y, a continuaci\u00f3n, sub\u00eda el siguiente por el extremo opuesto.<\/p>\n\n\n\n<p><img decoding=\"async\" loading=\"lazy\" alt=\"La modalidad del evento denominado \u201cCompromisos para una nueva Argentina\u201d en la Rural, hizo que los precandidatos presidenciales no interactuar\u00e1n entre s\u00ed. \" height=\"1277\" width=\"1920\" class=\"\" src=\"https:\/\/cloudfront-us-east-1.images.arcpublishing.com\/infobae\/R33IWNAW2VB7XOOQ6XYCOSNFTM.jpg\" srcset=\"https:\/\/www.infobae.com\/new-resizer\/Lv3buj9wSXJ4HPAhJyuRhp9L_Q4=\/420x280\/filters:format(webp):quality(85)\/cloudfront-us-east-1.images.arcpublishing.com\/infobae\/R33IWNAW2VB7XOOQ6XYCOSNFTM.jpg 420w,https:\/\/www.infobae.com\/new-resizer\/3Fq0KLjwYtORFJ3Vd7P2YPgCLfc=\/768x512\/filters:format(webp):quality(85)\/cloudfront-us-east-1.images.arcpublishing.com\/infobae\/R33IWNAW2VB7XOOQ6XYCOSNFTM.jpg 768w,https:\/\/www.infobae.com\/new-resizer\/Z-FQ5Vief1QMs0T7YkCYPiTaAtM=\/992x661\/filters:format(webp):quality(85)\/cloudfront-us-east-1.images.arcpublishing.com\/infobae\/R33IWNAW2VB7XOOQ6XYCOSNFTM.jpg 992w,https:\/\/www.infobae.com\/new-resizer\/iR2RVuv4tgRDPeVzwd9Me8kCAEo=\/1200x800\/filters:format(webp):quality(85)\/cloudfront-us-east-1.images.arcpublishing.com\/infobae\/R33IWNAW2VB7XOOQ6XYCOSNFTM.jpg 1200w,https:\/\/www.infobae.com\/new-resizer\/_AhjH2wR2_X-sLOFOWPI4PeGMlo=\/1440x960\/filters:format(webp):quality(85)\/cloudfront-us-east-1.images.arcpublishing.com\/infobae\/R33IWNAW2VB7XOOQ6XYCOSNFTM.jpg 1440w\">La modalidad del evento denominado \u201cCompromisos para una nueva Argentina\u201d en la Rural, hizo que los precandidatos presidenciales no interactuar\u00e1n entre s\u00ed.<\/p>\n\n\n\n<p>Bullrich fue la segunda oradora, luego de Javier Milei. Mientras que Rodr\u00edguez Larreta estuvo a cargo del cierre, a las 18:30. Cuando subi\u00f3 al escenario, el jefe de Gobierno ya conoc\u00eda las declaraciones que hab\u00eda proferido Macri al mediod\u00eda y Bullrich por la tarde. Si bien mantuvo los argumentos sobre su decisi\u00f3n, evit\u00f3 seguir la confrontaci\u00f3n.<\/p>\n\n\n\n<p>La presidenta del PRO lleg\u00f3 a La Rural a las 15, acompa\u00f1ada por Juan Pablo Arenza, legislador porte\u00f1o y su jefe de campa\u00f1a, Carlos Cort\u00e9s, jefe de prensa, y Cristian Larssen, asesor bullrichista y director de Radio y Televisi\u00f3n Argentina. En tanto que Rodr\u00edguez Larreta arrib\u00f3 a La Rural a las 18:30, junto a un reducido grupo de asesores de prensa. A diferencia de Bullrich, el jefe de Gobierno se retir\u00f3 sin hacer declaraciones a la prensa. De todos modos, cuando durante su disertaci\u00f3n la moderadora le consult\u00f3 por la interna, no esquiv\u00f3 la pregunta: \u201c<strong>Lleg\u00f3 el momento de las preguntas picantes<\/strong>\u201d, ironiz\u00f3 Larreta y asegur\u00f3 que la unidad de JxC no est\u00e1 en riesgo.<\/p>\n\n\n\n<p>A lo largo de la jornada, todos los candidatos se explayaron sobre su visi\u00f3n de pa\u00eds y propuestas de campa\u00f1a. Por el perfil del auditorio, todos se refirieron a medidas que alcanzan al campo. Entre los candidatos hubo consenso en la necesidad de&nbsp;<strong>eliminar&nbsp;<\/strong>las&nbsp;<strong>retenciones&nbsp;<\/strong>a las exportaciones agropecuarias y fomentar pol\u00edticas para incentivar la producci\u00f3n del sector. Tambi\u00e9n hubo coincidencias en cuanto a la idea de generar una&nbsp;<strong>unificaci\u00f3n&nbsp;<\/strong>del&nbsp;<strong>tipo de cambio&nbsp;<\/strong>y \u201cterminar con la brecha cambiaria\u201d. En ese punto, Milei insisti\u00f3 en su propuesta de dolarizar la econom\u00eda.<\/p>\n\n\n\n<p><img decoding=\"async\" loading=\"lazy\" alt=\"El jefe de gobierno porte\u00f1o, Horacio Rodr\u00edguez Larreta, se prest\u00f3 a consultas en el escenario y luego se retir\u00f3 sin hacer declaraciones al resto de la prensa que estaba en el lugar. \" height=\"1277\" width=\"1920\" class=\"\" src=\"https:\/\/cloudfront-us-east-1.images.arcpublishing.com\/infobae\/BJRDHW45TFF7TD3THN27Z3EQUA.jpg\" srcset=\"https:\/\/www.infobae.com\/new-resizer\/eASYzD0k6cBuuKRtDJfDthXuYpE=\/420x280\/filters:format(webp):quality(85)\/cloudfront-us-east-1.images.arcpublishing.com\/infobae\/BJRDHW45TFF7TD3THN27Z3EQUA.jpg 420w,https:\/\/www.infobae.com\/new-resizer\/VX-RWYfefhgf4xFdO4SzIDLheGA=\/768x512\/filters:format(webp):quality(85)\/cloudfront-us-east-1.images.arcpublishing.com\/infobae\/BJRDHW45TFF7TD3THN27Z3EQUA.jpg 768w,https:\/\/www.infobae.com\/new-resizer\/lv9zdljEwhrab4sTfz-6RYHoCMc=\/992x661\/filters:format(webp):quality(85)\/cloudfront-us-east-1.images.arcpublishing.com\/infobae\/BJRDHW45TFF7TD3THN27Z3EQUA.jpg 992w,https:\/\/www.infobae.com\/new-resizer\/KdX3dvxwzP7h84P-iOOsBbmwV8I=\/1200x800\/filters:format(webp):quality(85)\/cloudfront-us-east-1.images.arcpublishing.com\/infobae\/BJRDHW45TFF7TD3THN27Z3EQUA.jpg 1200w,https:\/\/www.infobae.com\/new-resizer\/10QXUCMDw7eYybg5lYB4a_xis-g=\/1440x960\/filters:format(webp):quality(85)\/cloudfront-us-east-1.images.arcpublishing.com\/infobae\/BJRDHW45TFF7TD3THN27Z3EQUA.jpg 1440w\">El jefe de gobierno porte\u00f1o, Horacio Rodr\u00edguez Larreta, se prest\u00f3 a consultas en el escenario y luego se retir\u00f3 sin hacer declaraciones al resto de la prensa que estaba en el lugar.<\/p>\n\n\n\n<p>\u201cSi tenemos super\u00e1vit, vamos a poder darle un hachazo a las retenciones\u201d, asegur\u00f3 Bullrich a su turno. Por su parte, Rodr\u00edguez Larreta habl\u00f3 de la necesidad de tener \u201cun&nbsp;<strong>acuerdo y apoyo pol\u00edtico<\/strong>&nbsp;y experiencia de&nbsp;<strong>gesti\u00f3n<\/strong>. Cuento con ustedes para llevar adelante esta recuperaci\u00f3n\u201d. Luego, reconoci\u00f3 como un<strong>&nbsp;\u201cerror\u201d<\/strong>&nbsp;sus declaraciones&nbsp;<strong>\u201cdesafortunadas\u201d<\/strong>&nbsp;del 2017, cuando en una entrevista hab\u00eda dicho que \u201c<strong>la soja no genera laburo<\/strong>, porque ten\u00e9s miles de hect\u00e1rias y laburan tres\u201d. El jefe de Gobierno aprovech\u00f3 el contexto para redimirse con el campo: \u201cHe viajado, aprend\u00ed y me doy cuenta que&nbsp;<strong>fue un error<\/strong>. Hay pol\u00edticos que en estos casos dicen que lo sacaron de contexto. Yo no hago eso,&nbsp;<strong>me equivoqu\u00e9<\/strong>, aprend\u00ed y pido disculpas\u201d, finaliz\u00f3 y todo el auditorio lo aplaudi\u00f3.<\/p>\n\n\n\n<p>Dentro de los dirigentes del sector agropecuario y empresarios presentes se encontraban personalidades como&nbsp;<strong>Elbio Laucirica, titular de&nbsp;<\/strong>Coninagro,&nbsp;<strong>Alfredo Gonz\u00e1lez, Gustavo Weiss,&nbsp;<\/strong>presidente de la Came, presidente de Camarco,&nbsp;<strong>Marcos Pereda<\/strong>&nbsp;de Cicyp. Y los ex presidentes de la SRA Luis Miguel Etchevehere, Hugo Biolcati, Enrique Crotto. Los empresarios&nbsp;<strong>Cristiano Rattazzi&nbsp;<\/strong>y&nbsp;<strong>Alejandro Bulgheroni<\/strong>, el titular de la Asociaci\u00f3n de Bancos Argentinos,&nbsp;<strong>Javier Bolzico<\/strong>.<\/p>\n\n\n\n<p><img decoding=\"async\" loading=\"lazy\" height=\"1277\" width=\"1920\" srcset=\"https:\/\/www.infobae.com\/new-resizer\/0S8G6lCRbkgVrcNupS07r9qTkR0=\/420x280\/filters:format(webp):quality(85)\/cloudfront-us-east-1.images.arcpublishing.com\/infobae\/LUEXKC4LHRH2XP7FIVIY3OZSCM.jpg 420w,https:\/\/www.infobae.com\/new-resizer\/2y3EbwNwAwyswzgqfrvwow3j20c=\/768x512\/filters:format(webp):quality(85)\/cloudfront-us-east-1.images.arcpublishing.com\/infobae\/LUEXKC4LHRH2XP7FIVIY3OZSCM.jpg 768w,https:\/\/www.infobae.com\/new-resizer\/eFOHT7dcI6o0tIe27Lnpu576Qz8=\/992x661\/filters:format(webp):quality(85)\/cloudfront-us-east-1.images.arcpublishing.com\/infobae\/LUEXKC4LHRH2XP7FIVIY3OZSCM.jpg 992w,https:\/\/www.infobae.com\/new-resizer\/w3wxnwdUrKbcRZC5CGzApYCQuaw=\/1200x800\/filters:format(webp):quality(85)\/cloudfront-us-east-1.images.arcpublishing.com\/infobae\/LUEXKC4LHRH2XP7FIVIY3OZSCM.jpg 1200w,https:\/\/www.infobae.com\/new-resizer\/8VTkTSRUhXJBKMYzo_Khv2AUoq0=\/1440x960\/filters:format(webp):quality(85)\/cloudfront-us-east-1.images.arcpublishing.com\/infobae\/LUEXKC4LHRH2XP7FIVIY3OZSCM.jpg 1440w\" class=\"\" src=\"https:\/\/cloudfront-us-east-1.images.arcpublishing.com\/infobae\/LUEXKC4LHRH2XP7FIVIY3OZSCM.jpg\" alt=\"Los ex presidentes de la Sociedad Rural, Hugo Biolcati y Luis Miguel Erchvere, situados en el auditorio que escuch\u00f3 a los precandidatos presidenciales de la oposici\u00f3n. \">Los ex presidentes de la Sociedad Rural, Hugo Biolcati y Luis Miguel Erchvere, situados en el auditorio que escuch\u00f3 a los precandidatos presidenciales de la oposici\u00f3n.<\/p>\n\n\n\n<p>Fuente: Infobae<\/p>\n","protected":false},"excerpt":{"rendered":"<div class=\"mh-excerpt\"><p>\u201cYo les garantizo ac\u00e1 que&nbsp;no hay ninguna posibilidad de que haya una ruptura en Juntos por el Cambio\u201d, asegur\u00f3&nbsp;Horacio Rodr\u00edguez Larreta, jefe de Gobierno porte\u00f1o, durante un discurso que dio en el evento que se realiz\u00f3 esta tarde en el predio de la Sociedad Rural Argentina (SRA). El alcalde busc\u00f3 bajarle el tono al conflicto interno que se desat\u00f3 en la coalici\u00f3n opositora por su decisi\u00f3n de convocar a elecciones concurrentes en la&nbsp;Ciudad de Buenos Aires, que provoc\u00f3 el enojo de&nbsp;Mauricio Macri&nbsp;y dividi\u00f3 al PRO. No obstante, Larreta mantuvo su idea respecto a la medida que tom\u00f3. \u201cLo que hice <a class=\"mh-excerpt-more\" href=\"http:\/\/dsrmedios.com.ar\/diario\/archivos\/30778\" title=\"Larreta tambi\u00e9n le baj\u00f3 el tono a la interna del PRO: \u201cNo hay ninguna posibilidad de que haya una ruptura\u201d\">[Leer m\u00e1s]<\/a><\/p>\n<\/div>","protected":false},"author":6,"featured_media":30592,"comment_status":"open","ping_status":"closed","sticky":false,"template":"","format":"standard","meta":{"_jetpack_newsletter_access":""},"categories":[6],"tags":[],"jetpack_featured_media_url":"http:\/\/dsrmedios.com.ar\/diario\/wp-content\/uploads\/2023\/04\/larreta.png","jetpack_sharing_enabled":true,"jetpack_shortlink":"https:\/\/wp.me\/p9fihK-80q","_links":{"self":[{"href":"http:\/\/dsrmedios.com.ar\/diario\/wp-json\/wp\/v2\/posts\/30778"}],"collection":[{"href":"http:\/\/dsrmedios.com.ar\/diario\/wp-json\/wp\/v2\/posts"}],"about":[{"href":"http:\/\/dsrmedios.com.ar\/diario\/wp-json\/wp\/v2\/types\/post"}],"author":[{"embeddable":true,"href":"http:\/\/dsrmedios.com.ar\/diario\/wp-json\/wp\/v2\/users\/6"}],"replies":[{"embeddable":true,"href":"http:\/\/dsrmedios.com.ar\/diario\/wp-json\/wp\/v2\/comments?post=30778"}],"version-history":[{"count":1,"href":"http:\/\/dsrmedios.com.ar\/diario\/wp-json\/wp\/v2\/posts\/30778\/revisions"}],"predecessor-version":[{"id":30779,"href":"http:\/\/dsrmedios.com.ar\/diario\/wp-json\/wp\/v2\/posts\/30778\/revisions\/30779"}],"wp:featuredmedia":[{"embeddable":true,"href":"http:\/\/dsrmedios.com.ar\/diario\/wp-json\/wp\/v2\/media\/30592"}],"wp:attachment":[{"href":"http:\/\/dsrmedios.com.ar\/diario\/wp-json\/wp\/v2\/media?parent=30778"}],"wp:term":[{"taxonomy":"category","embeddable":true,"href":"http:\/\/dsrmedios.com.ar\/diario\/wp-json\/wp\/v2\/categories?post=30778"},{"taxonomy":"post_tag","embeddable":true,"href":"http:\/\/dsrmedios.com.ar\/diario\/wp-json\/wp\/v2\/tags?post=30778"}],"curies":[{"name":"wp","href":"https:\/\/api.w.org\/{rel}","templated":true}]}}