{"id":30775,"date":"2023-04-12T19:38:24","date_gmt":"2023-04-12T22:38:24","guid":{"rendered":"http:\/\/dsrmedios.com.ar\/diario\/?p=30775"},"modified":"2023-04-12T19:38:28","modified_gmt":"2023-04-12T22:38:28","slug":"talleres-con-arcillas-locales-para-compartir-saberes-sobre-ceramica","status":"publish","type":"post","link":"http:\/\/dsrmedios.com.ar\/diario\/archivos\/30775","title":{"rendered":"<strong>Talleres con arcillas locales para compartir saberes sobre cer\u00e1mica<\/strong>"},"content":{"rendered":"\n<h2>La Secretar\u00eda de Cultura y Residencia Epecu\u00e9n convocan a continuar con los talleres &#8220;Recuerdos del futuro&#8221; con arcillas locales para compartir saberes sobre cer\u00e1mica, el &nbsp;jueves 13 de abril a partir de las 18 hs.<\/h2>\n\n\n\n<h2>&nbsp;<\/h2>\n\n\n\n<h2>El Domingo 23 se invita a todos a la quema de piezas en nuestro flamante horno comunitario a partir de las 16:00 hs en Casa de la Cultura de Carhu\u00e9.<\/h2>\n\n\n\n<h2>&nbsp;<\/h2>\n\n\n\n<h2>El encuentro es abierto y gratuito para toda la comunidad y est\u00e1 facilitado por Andrea Basmagi, Mar\u00eda Bressanello y Mar\u00eda Villanueva.<\/h2>\n\n\n\n<h2>&nbsp;<\/h2>\n\n\n\n<h2>Se pueden inscribir en&nbsp;<a href=\"mailto:residenciaepecuen@gmail.com\" target=\"_blank\" rel=\"noreferrer noopener\">residenciaepecuen@gmail.com<\/a>&nbsp;o al (2923) 648066 o en Casa de Cultura de Carhu\u00e9<\/h2>\n","protected":false},"excerpt":{"rendered":"<div class=\"mh-excerpt\"><p>La Secretar\u00eda de Cultura y Residencia Epecu\u00e9n convocan a continuar con los talleres &#8220;Recuerdos del futuro&#8221; con arcillas locales para compartir saberes sobre cer\u00e1mica, el &nbsp;jueves 13 de abril a partir de las 18 hs. &nbsp; El Domingo 23 se invita a todos a la quema de piezas en nuestro flamante horno comunitario a partir de las 16:00 hs en Casa de la Cultura de Carhu\u00e9. &nbsp; El encuentro es abierto y gratuito para toda la comunidad y est\u00e1 facilitado por Andrea Basmagi, Mar\u00eda Bressanello y Mar\u00eda Villanueva. &nbsp; Se pueden inscribir en&nbsp;residenciaepecuen@gmail.com&nbsp;o al (2923) 648066 o en Casa de <a class=\"mh-excerpt-more\" href=\"http:\/\/dsrmedios.com.ar\/diario\/archivos\/30775\" title=\"Talleres con arcillas locales para compartir saberes sobre cer\u00e1mica\">[Leer m\u00e1s]<\/a><\/p>\n<\/div>","protected":false},"author":6,"featured_media":30776,"comment_status":"open","ping_status":"closed","sticky":false,"template":"","format":"standard","meta":{"_jetpack_newsletter_access":""},"categories":[5],"tags":[],"jetpack_featured_media_url":"http:\/\/dsrmedios.com.ar\/diario\/wp-content\/uploads\/2023\/04\/WhatsApp-Image-2023-04-12-at-12.49.10.jpeg","jetpack_sharing_enabled":true,"jetpack_shortlink":"https:\/\/wp.me\/p9fihK-80n","_links":{"self":[{"href":"http:\/\/dsrmedios.com.ar\/diario\/wp-json\/wp\/v2\/posts\/30775"}],"collection":[{"href":"http:\/\/dsrmedios.com.ar\/diario\/wp-json\/wp\/v2\/posts"}],"about":[{"href":"http:\/\/dsrmedios.com.ar\/diario\/wp-json\/wp\/v2\/types\/post"}],"author":[{"embeddable":true,"href":"http:\/\/dsrmedios.com.ar\/diario\/wp-json\/wp\/v2\/users\/6"}],"replies":[{"embeddable":true,"href":"http:\/\/dsrmedios.com.ar\/diario\/wp-json\/wp\/v2\/comments?post=30775"}],"version-history":[{"count":1,"href":"http:\/\/dsrmedios.com.ar\/diario\/wp-json\/wp\/v2\/posts\/30775\/revisions"}],"predecessor-version":[{"id":30777,"href":"http:\/\/dsrmedios.com.ar\/diario\/wp-json\/wp\/v2\/posts\/30775\/revisions\/30777"}],"wp:featuredmedia":[{"embeddable":true,"href":"http:\/\/dsrmedios.com.ar\/diario\/wp-json\/wp\/v2\/media\/30776"}],"wp:attachment":[{"href":"http:\/\/dsrmedios.com.ar\/diario\/wp-json\/wp\/v2\/media?parent=30775"}],"wp:term":[{"taxonomy":"category","embeddable":true,"href":"http:\/\/dsrmedios.com.ar\/diario\/wp-json\/wp\/v2\/categories?post=30775"},{"taxonomy":"post_tag","embeddable":true,"href":"http:\/\/dsrmedios.com.ar\/diario\/wp-json\/wp\/v2\/tags?post=30775"}],"curies":[{"name":"wp","href":"https:\/\/api.w.org\/{rel}","templated":true}]}}