{"id":30762,"date":"2023-04-12T09:44:51","date_gmt":"2023-04-12T12:44:51","guid":{"rendered":"http:\/\/dsrmedios.com.ar\/diario\/?p=30762"},"modified":"2023-04-12T09:44:54","modified_gmt":"2023-04-12T12:44:54","slug":"maximo-kirchner-y-wado-de-pedro-no-iran-al-acto-para-pedir-por-la-candidatura-de-cfk","status":"publish","type":"post","link":"http:\/\/dsrmedios.com.ar\/diario\/archivos\/30762","title":{"rendered":"M\u00e1ximo Kirchner y \u201cWado\u201d de Pedro no ir\u00e1n al acto para pedir por la candidatura de CFK"},"content":{"rendered":"\n<p>Mientras intenta recuperarse de los coletazos del crimen del chofer en La Matanza, que irrumpi\u00f3 en medio de la fuerte crisis econ\u00f3mica, las organizaciones del kirchnerismo duro, incluida&nbsp;<strong>La C\u00e1mpora,<\/strong>&nbsp;ultiman detalles de la marcha programada para ma\u00f1ana frente a los Tribunales de Justicia para defender a Cristina Kirchner y pedir por su candidatura. Sin embargo, entre divisiones sobre la estrategia pol\u00edtica de cara a las PASO, los principales referentes de La C\u00e1mpora,&nbsp;<strong>M\u00e1ximo Kirchner<\/strong>&nbsp;y&nbsp;<strong>Eduardo \u201cWado\u201d de Pedro, no participar\u00e1n del acto.<\/strong>&nbsp;S\u00ed confirm\u00f3 el gobernador bonaerense,&nbsp;<strong>Axel Kicillof,&nbsp;<\/strong>que hasta el momento aparece como la figura de mayor peso de la jornada.<\/p>\n\n\n\n<p>Cerca del hijo de la Vicepresidenta adelantaron primero, sin brindar motivos, que no era seguro que se sumara a la movilizaci\u00f3n. Y luego se confirm\u00f3 que no estar\u00e1 por una agenda previamente establecida: hoy estar\u00e1 en Trelew y ma\u00f1ana en Monte Hermoso, en un acto de la sexta secci\u00f3n electoral del PJ bonaerense. Los organizadores, directamente, ya daban por sentado que no asistir\u00eda.&nbsp;<strong>\u201cYa nos avisaron\u201d,<\/strong>&nbsp;revelaron. En tanto, cerca de \u201cWado\u201d de Pedro informaron que el jueves estar\u00e1 en Catamarca para inaugurar una planta de Adidas junto al gobernador, Ra\u00fal Jalil, por lo cual&nbsp;<strong>tampoco formar\u00e1<\/strong>&nbsp;<strong>parte<\/strong>.<\/p>\n\n\n\n<p>Ambos hab\u00edan estado en la primera manifestaci\u00f3n de la saga, hace un mes y medio, en Avellaneda, titulado \u201cLuche y vuelve, Cristina 2023\u2033. Pero sus ausencias despiertan suspicacias en el espacio, donde perciben su renuencia al \u201coperativo clamor\u201d, que tendr\u00e1 su tercera edici\u00f3n ma\u00f1ana, en el centro porte\u00f1o. \u201cTodav\u00eda estamos viendo el tema del escenario, los oradores, porque todav\u00eda no tenemos los datos de los que vienen. Esto est\u00e1 atravesado por candidaturas posibles, por tensiones, que obviamente est\u00e1n. Pero cuando Cristina decida si es o no es candidata, se terminan todas las discusiones\u201d, dijo un referente K.<\/p>\n\n\n\n<p>Esta vez, la actividad estar\u00e1 centrada, principalmente, en las cr\u00edticas a la Justicia, y en particular a la&nbsp;<strong>Corte Suprema,<\/strong>&nbsp;que se re\u00fane en el cuarto piso del palacio de Tribunales. Pero la dirigencia no dejar\u00e1 de recordarle a Cristina Kirchner que siguen bregando por su candidatura, aunque sea como t\u00e1ctica para&nbsp;<strong>darle centralidad en la escena pol\u00edtica.<\/strong>&nbsp;Esto m\u00e1s all\u00e1 de que muchos creen que ya tom\u00f3 la decisi\u00f3n de no presentarse.<\/p>\n\n\n\n<p><img decoding=\"async\" loading=\"lazy\" alt=\"Jorge Capitanich, uno de los dirigentes que pide por la candidatura de CFK\" height=\"1280\" width=\"1920\" class=\"\" src=\"https:\/\/cloudfront-us-east-1.images.arcpublishing.com\/infobae\/LXJUMLSQNFD6XJHMYMBANFNSBY.jpg\" srcset=\"https:\/\/www.infobae.com\/new-resizer\/irrVM6_mYUR_QGRXa6sIzSSU5jU=\/420x280\/filters:format(webp):quality(85)\/cloudfront-us-east-1.images.arcpublishing.com\/infobae\/LXJUMLSQNFD6XJHMYMBANFNSBY.jpg 420w,https:\/\/www.infobae.com\/new-resizer\/3W-MIYDdUZy02mZ5Lhaksa29pJI=\/768x512\/filters:format(webp):quality(85)\/cloudfront-us-east-1.images.arcpublishing.com\/infobae\/LXJUMLSQNFD6XJHMYMBANFNSBY.jpg 768w,https:\/\/www.infobae.com\/new-resizer\/vxBjWFj58GK1GAAKPbD8Rbodp7g=\/992x661\/filters:format(webp):quality(85)\/cloudfront-us-east-1.images.arcpublishing.com\/infobae\/LXJUMLSQNFD6XJHMYMBANFNSBY.jpg 992w,https:\/\/www.infobae.com\/new-resizer\/D1AGiuXs5IIA6qeJw6XuZcDRdmk=\/1200x800\/filters:format(webp):quality(85)\/cloudfront-us-east-1.images.arcpublishing.com\/infobae\/LXJUMLSQNFD6XJHMYMBANFNSBY.jpg 1200w,https:\/\/www.infobae.com\/new-resizer\/iNB3K7dAQH2MkxB5dw6Ha694lU0=\/1440x960\/filters:format(webp):quality(85)\/cloudfront-us-east-1.images.arcpublishing.com\/infobae\/LXJUMLSQNFD6XJHMYMBANFNSBY.jpg 1440w\">Jorge Capitanich, uno de los dirigentes que pide por la candidatura de CFK<\/p>\n\n\n\n<p>La ausencia de ambos l\u00edderes camporistas evidencia, una vez m\u00e1s, la divisi\u00f3n que viene manifest\u00e1ndose desde hace meses en las entra\u00f1as kirchneristas. Mientras que un grupo empuja la estrategia&nbsp;<strong>\u201cCristina 2023\u2033<\/strong>&nbsp;con denuncias sobre la proscripci\u00f3n, el otro defiende la inocencia de su jefa pol\u00edtica, pero&nbsp;<strong>est\u00e1 en desacuerdo con el operativo clamor por su postulaci\u00f3n.<\/strong><\/p>\n\n\n\n<p>Los primeros se esmeran en mostrar un perfil muy alto -el lunes lanzaron la convocatoria formal a los Tribunales con una publicitada conferencia de prensa- y tienen base, mayormente, en la provincia de Buenos Aires, en las figuras de intendentes, legisladores nacionales y funcionarios bonaerenses, con Kicillof a la cabeza.<\/p>\n\n\n\n<p>Los segundos mantienen firmes y sostenidamente su postura cr\u00edtica, pero son discretos con los cuestionamientos. Habitan el Senado, donde manda Cristina Kirchner; el Instituto Patria; y la C\u00e1mara de Diputados, pero&nbsp;<strong>ninguno quiere aparecer en p\u00fablico negando su adhesi\u00f3n al plan<\/strong>. Explican que no quieren que se malinterprete su remisi\u00f3n como un mensaje de distanciamiento con el liderazgo de la jefa del espacio. Pero marcan matices sobre el sentido del pedido de una candidatura y reclaman al resto que se enfoque \u00fanicamente en la defensa de la Vicepresidenta. S\u00f3lo M\u00e1ximo Kirchner lo desliz\u00f3, aunque sutilmente, cuando dijo que \u201cno cre\u00eda\u201d que CFK fuera a jugar. Y, a diferencia de varios de sus compa\u00f1eros,<strong>&nbsp;nunca se lo pidi\u00f3 expl\u00edcitamente.<\/strong><\/p>\n\n\n\n<p>Conscientes de las diferencias y los faltazos de la c\u00fapula K, los partidos y agrupaciones de la \u201cmesa de Ensenada\u201d est\u00e1n decididas a marchar ma\u00f1ana desde las 15. Ir\u00e1n algunos funcionarios nacionales, como los titulares de AFIP,&nbsp;<strong>Carlos Castagneto<\/strong>&nbsp;(Kolina); y de Acumar,&nbsp;<strong>Mart\u00edn Sabbatella<\/strong>&nbsp;(Nuevo Encuentro); bonaerenses, como el ministro de Desarrollo Comunitario,&nbsp;<strong>Andr\u00e9s \u201cCuervo\u201d Larroque<\/strong>&nbsp;(La Patria es el Otro); y de Trabajo,&nbsp;<strong>Walter Correa;<\/strong>&nbsp;y referentes sindicales como H\u00e9ctor Amichetti (Gr\u00e1ficos); Sergio Palazzo (Bancarios), la diputada&nbsp;<strong>Vanesa Siley<\/strong>&nbsp;(Judiciales);&nbsp;<strong>Hugo Yasky<\/strong>&nbsp;(CTA de los Trabajadores);&nbsp;<strong>Roberto Baradel<\/strong>&nbsp;(Suteba); as\u00ed como representantes del Movimiento Nacional Alfonsinista y Unidad Ciudadana.<\/p>\n\n\n\n<p><img decoding=\"async\" loading=\"lazy\" height=\"1280\" width=\"1920\" srcset=\"https:\/\/www.infobae.com\/new-resizer\/0wBo36evRIH_FZD_-rzGi8cRiMY=\/420x280\/filters:format(webp):quality(85)\/cloudfront-us-east-1.images.arcpublishing.com\/infobae\/K233PI6YSBBWNFPXNSUP3FXCXM.jpg 420w,https:\/\/www.infobae.com\/new-resizer\/ZdYj_h6wpn-1faE0n0ECYpf25wQ=\/768x512\/filters:format(webp):quality(85)\/cloudfront-us-east-1.images.arcpublishing.com\/infobae\/K233PI6YSBBWNFPXNSUP3FXCXM.jpg 768w,https:\/\/www.infobae.com\/new-resizer\/sf1R96kGnULm18JCvvSPQ5MOeRw=\/992x661\/filters:format(webp):quality(85)\/cloudfront-us-east-1.images.arcpublishing.com\/infobae\/K233PI6YSBBWNFPXNSUP3FXCXM.jpg 992w,https:\/\/www.infobae.com\/new-resizer\/f3dVFY5Hq3czNuhYFpfC32cjuSs=\/1200x800\/filters:format(webp):quality(85)\/cloudfront-us-east-1.images.arcpublishing.com\/infobae\/K233PI6YSBBWNFPXNSUP3FXCXM.jpg 1200w,https:\/\/www.infobae.com\/new-resizer\/yAuqo0r9Q2zT3YKlsBYwXF7nXuI=\/1440x960\/filters:format(webp):quality(85)\/cloudfront-us-east-1.images.arcpublishing.com\/infobae\/K233PI6YSBBWNFPXNSUP3FXCXM.jpg 1440w\" class=\"\" src=\"https:\/\/cloudfront-us-east-1.images.arcpublishing.com\/infobae\/K233PI6YSBBWNFPXNSUP3FXCXM.jpg\" alt=\"Cristina Kirchner (T\u00e9lam)\">Cristina Kirchner (T\u00e9lam)<\/p>\n\n\n\n<p>De los intendentes probablemente est\u00e9n&nbsp;<strong>Jorge Ferraresi<\/strong>&nbsp;(Avellaneda), que fue anfitri\u00f3n del primer encuentro;&nbsp;<strong>Mario Secco<\/strong>&nbsp;(Ensenada), uno de los principales art\u00edfices del operativo, y&nbsp;<strong>Pablo Zurro<\/strong>&nbsp;(Pehuaj\u00f3). Secco y Castagneto fueron los dos \u00fanicos referentes de peso que viajaron a Chaco al acto de Jorge Capitanich por Cristina Kirchner y su propia candidatura, hace dos semanas. El resto decidi\u00f3 quedarse en Buenos Aires, la primera se\u00f1al de que perd\u00eda fuerza el operativo clamor. \u201cQuisimos dejarle la centralidad a Coqui\u201d, contraargumentan hoy.<\/p>\n\n\n\n<p>Ma\u00f1ana, cada organizaci\u00f3n tendr\u00e1 un punto espec\u00edfico para agruparse sobre&nbsp;<strong>la 9 de Julio.<\/strong>&nbsp;Y cerca de las 16 avanzar\u00e1n hacia la plaza Lavalle. El acto est\u00e1 previsto para las 17 e intentar\u00e1n que sea puntual. \u201cLa idea es que no se haga eterno como en Avellaneda. A las 19 va a estar cerrado\u201d, explicaron, recordando aquella jornada infernal de 40 grados al sol.<\/p>\n\n\n\n<p>Mientras tanto, las agrupaciones ya empezaron a discutir las fechas de los pr\u00f3ximos actos. Para ganar territorio con su reclamo en los meses que preceden al cierre de listas, plantearon realizar una actividad por el aniversario del triunfo de N\u00e9stor Kirchner,&nbsp;<strong>el 27 de abril<\/strong>&nbsp;de 2003; y una \u201cgran movilizaci\u00f3n\u201d el&nbsp;<strong>25 de mayo<\/strong>&nbsp;para recordarlo el d\u00eda de su fallecimiento.&nbsp;<strong>\u201cSer\u00eda la gran coronaci\u00f3n del laburo que estamos haciendo\u201d,<\/strong>&nbsp;dijo uno de los dirigentes que participan de los encuentros quincenales, que se transformaron en semanales, en un camping de Punta Lara.<\/p>\n\n\n\n<p><img decoding=\"async\" loading=\"lazy\" alt=\"Mario Secco particip\u00f3 en la Mesa Nacional del Frente de Todos en febrero y es uno de los armadores del operativo clamor por Cristina Kirchner (Gustavo Gavotti)\" height=\"1080\" width=\"1920\" class=\"\" src=\"https:\/\/cloudfront-us-east-1.images.arcpublishing.com\/infobae\/AUBSNPU5JJCRDJITRKG3BAJCSM.jpg\" srcset=\"https:\/\/www.infobae.com\/new-resizer\/gFtWIFpbOlWbGlbwRih75kLWw7k=\/420x236\/filters:format(webp):quality(85)\/cloudfront-us-east-1.images.arcpublishing.com\/infobae\/AUBSNPU5JJCRDJITRKG3BAJCSM.jpg 420w,https:\/\/www.infobae.com\/new-resizer\/n3_bBH7UxoJYQl06lO1bn1onTTg=\/768x432\/filters:format(webp):quality(85)\/cloudfront-us-east-1.images.arcpublishing.com\/infobae\/AUBSNPU5JJCRDJITRKG3BAJCSM.jpg 768w,https:\/\/www.infobae.com\/new-resizer\/Yios2_TsdDASW3Wvo0B7QzVE6_A=\/992x558\/filters:format(webp):quality(85)\/cloudfront-us-east-1.images.arcpublishing.com\/infobae\/AUBSNPU5JJCRDJITRKG3BAJCSM.jpg 992w,https:\/\/www.infobae.com\/new-resizer\/9Y_n3dZtKjGeIxxfZkUE1d6ksic=\/1200x675\/filters:format(webp):quality(85)\/cloudfront-us-east-1.images.arcpublishing.com\/infobae\/AUBSNPU5JJCRDJITRKG3BAJCSM.jpg 1200w,https:\/\/www.infobae.com\/new-resizer\/ZSMewW3Yw9eitNvq2nSnL4ZPIt4=\/1440x810\/filters:format(webp):quality(85)\/cloudfront-us-east-1.images.arcpublishing.com\/infobae\/AUBSNPU5JJCRDJITRKG3BAJCSM.jpg 1440w\">Mario Secco particip\u00f3 en la Mesa Nacional del Frente de Todos en febrero y es uno de los armadores del operativo clamor por Cristina Kirchner (Gustavo Gavotti)<\/p>\n\n\n\n<p>Todav\u00eda tienen pendiente confirmar y fijar fecha para el segundo acto del operativo \u201cfederal\u201d por CFK en La Rioja (el primero fue en Chaco). Inicialmente apuntaban al s\u00e1bado 16 de abril, pero se decidi\u00f3 postergarlo cuando se baj\u00f3 la orden de marchar a Tribunales el jueves 13.&nbsp;<strong>Y ahora est\u00e1 en duda si se har\u00e1<\/strong>. \u201cQuedaba muy pegado, hab\u00eda que pasarlo\u201d, explicaron los organizadores de los m\u00edtines, atentos al calendario pol\u00edtico propio.<\/p>\n\n\n\n<p>Mientras el kirchnerismo le pide que se presente, Cristina Kirchner posterga su respuesta. Y del otro lado de la grieta del FDT, en la Casa Rosada, Alberto Fern\u00e1ndez estira el enigma sobre el rol que adoptar\u00e1 en el a\u00f1o electoral. Sin otras definiciones, se retrasa, tambi\u00e9n, la convocatoria al\u00a0<strong>Consejo Nacional del PJ,<\/strong>\u00a0la pr\u00f3xima instancia de debate del fracturado oficialismo despu\u00e9s de la conflictiva \u201cmesa pol\u00edtica\u201d del 16 de marzo. Sostienen que se realizar\u00e1 hacia el fin de abril, pero la definici\u00f3n de un momento claro no llega, en medio del desacuerdo en el Frente de Todos por las PASO, entre otros temas, por los nombres para encabezar, y por la cantidad de listas en la provincia de Buenos Aires.<\/p>\n\n\n\n<p>Fuente: Infobae<\/p>\n","protected":false},"excerpt":{"rendered":"<div class=\"mh-excerpt\"><p>Mientras intenta recuperarse de los coletazos del crimen del chofer en La Matanza, que irrumpi\u00f3 en medio de la fuerte crisis econ\u00f3mica, las organizaciones del kirchnerismo duro, incluida&nbsp;La C\u00e1mpora,&nbsp;ultiman detalles de la marcha programada para ma\u00f1ana frente a los Tribunales de Justicia para defender a Cristina Kirchner y pedir por su candidatura. Sin embargo, entre divisiones sobre la estrategia pol\u00edtica de cara a las PASO, los principales referentes de La C\u00e1mpora,&nbsp;M\u00e1ximo Kirchner&nbsp;y&nbsp;Eduardo \u201cWado\u201d de Pedro, no participar\u00e1n del acto.&nbsp;S\u00ed confirm\u00f3 el gobernador bonaerense,&nbsp;Axel Kicillof,&nbsp;que hasta el momento aparece como la figura de mayor peso de la jornada. Cerca del hijo <a class=\"mh-excerpt-more\" href=\"http:\/\/dsrmedios.com.ar\/diario\/archivos\/30762\" title=\"M\u00e1ximo Kirchner y \u201cWado\u201d de Pedro no ir\u00e1n al acto para pedir por la candidatura de CFK\">[Leer m\u00e1s]<\/a><\/p>\n<\/div>","protected":false},"author":6,"featured_media":30763,"comment_status":"open","ping_status":"closed","sticky":false,"template":"","format":"standard","meta":{"_jetpack_newsletter_access":""},"categories":[6],"tags":[],"jetpack_featured_media_url":"http:\/\/dsrmedios.com.ar\/diario\/wp-content\/uploads\/2023\/04\/descarga-4.jpg","jetpack_sharing_enabled":true,"jetpack_shortlink":"https:\/\/wp.me\/p9fihK-80a","_links":{"self":[{"href":"http:\/\/dsrmedios.com.ar\/diario\/wp-json\/wp\/v2\/posts\/30762"}],"collection":[{"href":"http:\/\/dsrmedios.com.ar\/diario\/wp-json\/wp\/v2\/posts"}],"about":[{"href":"http:\/\/dsrmedios.com.ar\/diario\/wp-json\/wp\/v2\/types\/post"}],"author":[{"embeddable":true,"href":"http:\/\/dsrmedios.com.ar\/diario\/wp-json\/wp\/v2\/users\/6"}],"replies":[{"embeddable":true,"href":"http:\/\/dsrmedios.com.ar\/diario\/wp-json\/wp\/v2\/comments?post=30762"}],"version-history":[{"count":1,"href":"http:\/\/dsrmedios.com.ar\/diario\/wp-json\/wp\/v2\/posts\/30762\/revisions"}],"predecessor-version":[{"id":30764,"href":"http:\/\/dsrmedios.com.ar\/diario\/wp-json\/wp\/v2\/posts\/30762\/revisions\/30764"}],"wp:featuredmedia":[{"embeddable":true,"href":"http:\/\/dsrmedios.com.ar\/diario\/wp-json\/wp\/v2\/media\/30763"}],"wp:attachment":[{"href":"http:\/\/dsrmedios.com.ar\/diario\/wp-json\/wp\/v2\/media?parent=30762"}],"wp:term":[{"taxonomy":"category","embeddable":true,"href":"http:\/\/dsrmedios.com.ar\/diario\/wp-json\/wp\/v2\/categories?post=30762"},{"taxonomy":"post_tag","embeddable":true,"href":"http:\/\/dsrmedios.com.ar\/diario\/wp-json\/wp\/v2\/tags?post=30762"}],"curies":[{"name":"wp","href":"https:\/\/api.w.org\/{rel}","templated":true}]}}