{"id":30757,"date":"2023-04-12T09:39:21","date_gmt":"2023-04-12T12:39:21","guid":{"rendered":"http:\/\/dsrmedios.com.ar\/diario\/?p=30757"},"modified":"2023-04-12T09:39:24","modified_gmt":"2023-04-12T12:39:24","slug":"scioli-se-reunio-con-una-dirigente-clave-de-la-campora-y-ya-se-muestra-como-candidato-a-presidente","status":"publish","type":"post","link":"http:\/\/dsrmedios.com.ar\/diario\/archivos\/30757","title":{"rendered":"Scioli se reuni\u00f3 con una dirigente clave de La C\u00e1mpora y ya se muestra como candidato a presidente"},"content":{"rendered":"\n<p>El&nbsp;<strong>Frente de Todos&nbsp;<\/strong>tiene un solo precandidato presidencial que se mueve en clave de campa\u00f1a electoral. El embajador argentino en Brasil,&nbsp;<strong>Daniel Scioli<\/strong>, reparte sus d\u00edas entre Brasilia y Buenos Aires. Suma kil\u00f3metros con un doble objetivo: mantener fuerte su gesti\u00f3n en el pa\u00eds vecino y construir un camino dentro del peronismo que le permita ser candidato a presidente.<\/p>\n\n\n\n<p>Lo hace en un contexto complejo por la falta de di\u00e1logo que existe dentro del Gobierno, las demoras en las definiciones y la tensi\u00f3n permanente en la convivencia. La disfuncionalidad de la coalici\u00f3n gobernante complica su proyecci\u00f3n electoral y el ordenamiento del oficialismo a pocos m\u00e1s de dos meses del cierre de listas. Nadie gana y casi todos pierden.<\/p>\n\n\n\n<p>Este mi\u00e9rcoles, Scioli marc\u00f3 la agenda pol\u00edtica con una foto en el conurbano bonaerense. Visit\u00f3 la localidad de Quilmes y&nbsp;<strong>estuvo reunido con la intendenta Mayra Mendoza<\/strong>, una de las dirigentes m\u00e1s cercanas a&nbsp;<strong>Cristina Kirchner<\/strong>&nbsp;y parte de la mesa chica de&nbsp;<strong>La C\u00e1mpora.<\/strong><\/p>\n\n\n\n<p>Como prueba del encuentro hubo una&nbsp;<strong>foto&nbsp;<\/strong>con&nbsp;<strong>detalles simb\u00f3licos fuertes<\/strong>: el ex gobernador acompa\u00f1ado por una referente del proyecto kirchnerista, y de fondo los cuadros de N\u00e9stor y Cristina Kirchner; sobre la mesa, la portada de un libro que dice: \u201cTenemos Patria.&nbsp;<strong>Tenemos proyecto. Somos futuro<\/strong>\u201d.<\/p>\n\n\n\n<p>De estrecho v\u00ednculo con M\u00e1ximo Kirchner, Mendoza es una de las pocas jefas comunales que tiene la organizaci\u00f3n ultra K que este a\u00f1o tratar\u00e1 de retener la gobernaci\u00f3n de su municipio frente a un candidato del PRO.<\/p>\n\n\n\n<p>En el kirchnerismo el ex motonauta es considerado un \u201calbertista\u201d porque est\u00e1 parado cerca del Presidente. Adem\u00e1s, porque saben que Alberto Fern\u00e1ndez ha respaldado su intenci\u00f3n de mostrarse como precandidato presidencial y porque por su perfil podr\u00eda expresar al peronismo no kirchnerista. Lo miran con desconfianza.<\/p>\n\n\n\n<p><strong>Scioli no tiene relaci\u00f3n con M\u00e1ximo Kirchner, habl\u00f3 por \u00faltima vez con la Vicepresidenta en diciembre del a\u00f1o pasado y no mantiene un v\u00ednculo estrecho con el n\u00facleo duro del mundo K.<\/strong>&nbsp;En sus reuniones pol\u00edticas suele decir que nunca traicion\u00f3 y que siempre estuvo parado en la misma vereda. Incluso despu\u00e9s de que el kirchnerismo le diera un tibio apoyo a su candidatura presidencial en el 2015.<\/p>\n\n\n\n<p>En el mundo K no es considerado uno de los propios. Por eso la imagen de esta ma\u00f1ana tiene impacto en la agenda pol\u00edtica. En un clima de tanta tensi\u00f3n interna, la imagen de Scioli con Mendoza hasta podr\u00eda ser considera un gesto de distenci\u00f3n. Una rareza entre tantos reproches internos.<\/p>\n\n\n\n<p>En la l\u00ednea de pensamiento del ex motonauta, mostrarse con actores pol\u00edticos de diferentes sectores le da sustento a su idea de que es momento de ampliar el espacio pol\u00edtico y no cerrarse en los conflictos internos. Correr los l\u00edmites para construir un proyecto electoral competitivo. Para \u00e9l esa es la tarea clave en este tiempo del proceso electoral.<\/p>\n\n\n\n<p>En lo que respecta a la actividad formal, el ex gobernador estuvo en la empresa Secin, que es l\u00edder en la fabricaci\u00f3n de bienes de capital (equipos de procesos productivos) elaborados en aceros inoxidables y metalurgias especiales. Fiel a su estilo, se inclin\u00f3 por una visita al sector productivo para darle un marco a su nueva recorrida por el conurbano.<\/p>\n\n\n\n<p><img decoding=\"async\" loading=\"lazy\" alt=\"En el kirchnerismo lo ven a Scioli como un dirigente ligado al albertismo, con estrecho v\u00ednculo con el Presidente \" height=\"1080\" width=\"1920\" class=\"\" src=\"https:\/\/cloudfront-us-east-1.images.arcpublishing.com\/infobae\/Z6GA7ISUOJAKTOULOEIPVOG2AI.jpg\" srcset=\"https:\/\/www.infobae.com\/new-resizer\/Ftre_UJTifXHaQKT7nAeBZg_Esk=\/420x236\/filters:format(webp):quality(85)\/cloudfront-us-east-1.images.arcpublishing.com\/infobae\/Z6GA7ISUOJAKTOULOEIPVOG2AI.jpg 420w,https:\/\/www.infobae.com\/new-resizer\/9aM8RPp60qZzKFXiiOjWxC8f4bU=\/768x432\/filters:format(webp):quality(85)\/cloudfront-us-east-1.images.arcpublishing.com\/infobae\/Z6GA7ISUOJAKTOULOEIPVOG2AI.jpg 768w,https:\/\/www.infobae.com\/new-resizer\/fzmG54vXppi1jn8kW1Q2uDKRvYY=\/992x558\/filters:format(webp):quality(85)\/cloudfront-us-east-1.images.arcpublishing.com\/infobae\/Z6GA7ISUOJAKTOULOEIPVOG2AI.jpg 992w,https:\/\/www.infobae.com\/new-resizer\/EsPguRihvJ5HIsRnwsSYhR2ERSk=\/1200x675\/filters:format(webp):quality(85)\/cloudfront-us-east-1.images.arcpublishing.com\/infobae\/Z6GA7ISUOJAKTOULOEIPVOG2AI.jpg 1200w,https:\/\/www.infobae.com\/new-resizer\/PPs-L9XxoOtk3-rWRiJR5zYasuE=\/1440x810\/filters:format(webp):quality(85)\/cloudfront-us-east-1.images.arcpublishing.com\/infobae\/Z6GA7ISUOJAKTOULOEIPVOG2AI.jpg 1440w\">En el kirchnerismo lo ven a Scioli como un dirigente ligado al albertismo, con estrecho v\u00ednculo con el Presidente<\/p>\n\n\n\n<p>Scioli ya visit\u00f3 Esteban Echeverr\u00eda, Ezeiza, Florencio Varela, Ca\u00f1uelas y Almirante Brown. Ma\u00f1ana cruzar\u00e1 el l\u00edmite de la provincia de Buenos Aires. En un d\u00eda visitar\u00e1 dos provincias gobernadas por mandatarios que est\u00e1n alejados del kirchnerismo. Estar\u00e1 en Entre R\u00edos y Santa Fe, junto a&nbsp;<strong>Gustavo Bordet y Omar Perotti.<\/strong><\/p>\n\n\n\n<p>En las \u00faltimas semanas los dos gobernadores se mostraron cerca de<strong>&nbsp;Juan Schiaretti&nbsp;<\/strong>y su proyecto presidencial. Sumaron se\u00f1ales pol\u00edticas que los ponen en la vereda de enfrente al mundo K. Recibir a Scioli en sus provincias va de la mano de esta postura p\u00fablica.<\/p>\n\n\n\n<p>Cerca de Scioli&nbsp;<strong>tienen en claro que ning\u00fan gobernador ni intendente dar\u00e1 una muestra de apoyo clara a su candidatura<\/strong>, pero aseguran que su celular suena con frecuencia. Recibe invitaciones de las provincias y los municipios. As\u00ed suele moverse la pol\u00edtica en campa\u00f1a cuando a\u00fan restan demasiadas definiciones. Nadie quiere quedar pegado a un candidato que no saben si terminar\u00e1 compitiendo o no.<\/p>\n\n\n\n<p>El camino es largo y en el sciolismo saben que el que preste su apoyo ahora, puede quedar colgado despu\u00e9s. Para eso existen los mensajes pol\u00edticos a trav\u00e9s de las fotos y las reuniones privadas durante las visitas a los distritos. Los lugares donde se dice lo que no se puede decir en p\u00fablico.<\/p>\n\n\n\n<p><img decoding=\"async\" loading=\"lazy\" height=\"3558\" width=\"5337\" srcset=\"https:\/\/www.infobae.com\/new-resizer\/fta9r05Rq8ujidcDWE2gtuxSjqw=\/420x280\/filters:format(webp):quality(85)\/cloudfront-us-east-1.images.arcpublishing.com\/infobae\/QRH2EDVM4LGGZKKKIALD3UB54E.jpg 420w,https:\/\/www.infobae.com\/new-resizer\/jNCPnjoC9zBN7mVVSUdkEoygLHU=\/768x512\/filters:format(webp):quality(85)\/cloudfront-us-east-1.images.arcpublishing.com\/infobae\/QRH2EDVM4LGGZKKKIALD3UB54E.jpg 768w,https:\/\/www.infobae.com\/new-resizer\/32SFH4rkzFPkaKuYpmfIqCmxhDA=\/992x661\/filters:format(webp):quality(85)\/cloudfront-us-east-1.images.arcpublishing.com\/infobae\/QRH2EDVM4LGGZKKKIALD3UB54E.jpg 992w,https:\/\/www.infobae.com\/new-resizer\/HA8GAcqAZlVEG_PsIz1Nis2L2aU=\/1200x800\/filters:format(webp):quality(85)\/cloudfront-us-east-1.images.arcpublishing.com\/infobae\/QRH2EDVM4LGGZKKKIALD3UB54E.jpg 1200w,https:\/\/www.infobae.com\/new-resizer\/rL-1HAeb5sm6iouYdRBPha3QIQY=\/1440x960\/filters:format(webp):quality(85)\/cloudfront-us-east-1.images.arcpublishing.com\/infobae\/QRH2EDVM4LGGZKKKIALD3UB54E.jpg 1440w\" class=\"\" src=\"https:\/\/cloudfront-us-east-1.images.arcpublishing.com\/infobae\/QRH2EDVM4LGGZKKKIALD3UB54E.jpg\" alt=\"El ex gobernador visitar\u00e1 ma\u00f1ana a Omar Perotti y Gustavo Bordet, dos gobernadores alejados del kirchnerismo (REUTERS\/Tomas Cuesta)\">El ex gobernador visitar\u00e1 ma\u00f1ana a Omar Perotti y Gustavo Bordet, dos gobernadores alejados del kirchnerismo <\/p>\n\n\n\n<p>\u201cEs el estilo de \u00e9l\u201d, indicaron en el entorno de Scioli en referencia a la muestra de amplitud que intenta dar en sus recorridas. No quiere quedar parado en ninguna tribu, ni que le pongan motes. Se mueve para mostrar su voluntad de competir en un frente electoral aturdido por la falta de definiciones. Insiste con la idea de conformar un proyecto pol\u00edtico amplio que rompa la contenci\u00f3n del peronismo.<\/p>\n\n\n\n<p>Si bien hay puentes entre la Casa Rosada y el kirchnerismo, a\u00fan no hay una mesa donde sentarse a discutir el rumbo del espacio pol\u00edtico. Mientras en Juntos por el Cambio avanzan en sus cada vez mas tensas negociaciones electorales, en el oficialismo cada sector es un sat\u00e9lite girando sin un sentido claro. No hay movimientos coordinados. En ese escenario, Scioli es el \u00fanico que aparece con una idea clara. Trabaja para ser presidente.<\/p>\n\n\n\n<p>Fuente: Infobae<\/p>\n","protected":false},"excerpt":{"rendered":"<div class=\"mh-excerpt\"><p>El&nbsp;Frente de Todos&nbsp;tiene un solo precandidato presidencial que se mueve en clave de campa\u00f1a electoral. El embajador argentino en Brasil,&nbsp;Daniel Scioli, reparte sus d\u00edas entre Brasilia y Buenos Aires. Suma kil\u00f3metros con un doble objetivo: mantener fuerte su gesti\u00f3n en el pa\u00eds vecino y construir un camino dentro del peronismo que le permita ser candidato a presidente. Lo hace en un contexto complejo por la falta de di\u00e1logo que existe dentro del Gobierno, las demoras en las definiciones y la tensi\u00f3n permanente en la convivencia. La disfuncionalidad de la coalici\u00f3n gobernante complica su proyecci\u00f3n electoral y el ordenamiento del oficialismo <a class=\"mh-excerpt-more\" href=\"http:\/\/dsrmedios.com.ar\/diario\/archivos\/30757\" title=\"Scioli se reuni\u00f3 con una dirigente clave de La C\u00e1mpora y ya se muestra como candidato a presidente\">[Leer m\u00e1s]<\/a><\/p>\n<\/div>","protected":false},"author":6,"featured_media":5725,"comment_status":"open","ping_status":"closed","sticky":false,"template":"","format":"standard","meta":{"_jetpack_newsletter_access":""},"categories":[6],"tags":[],"jetpack_featured_media_url":"http:\/\/dsrmedios.com.ar\/diario\/wp-content\/uploads\/2018\/05\/scioli.jpg","jetpack_sharing_enabled":true,"jetpack_shortlink":"https:\/\/wp.me\/p9fihK-805","_links":{"self":[{"href":"http:\/\/dsrmedios.com.ar\/diario\/wp-json\/wp\/v2\/posts\/30757"}],"collection":[{"href":"http:\/\/dsrmedios.com.ar\/diario\/wp-json\/wp\/v2\/posts"}],"about":[{"href":"http:\/\/dsrmedios.com.ar\/diario\/wp-json\/wp\/v2\/types\/post"}],"author":[{"embeddable":true,"href":"http:\/\/dsrmedios.com.ar\/diario\/wp-json\/wp\/v2\/users\/6"}],"replies":[{"embeddable":true,"href":"http:\/\/dsrmedios.com.ar\/diario\/wp-json\/wp\/v2\/comments?post=30757"}],"version-history":[{"count":1,"href":"http:\/\/dsrmedios.com.ar\/diario\/wp-json\/wp\/v2\/posts\/30757\/revisions"}],"predecessor-version":[{"id":30758,"href":"http:\/\/dsrmedios.com.ar\/diario\/wp-json\/wp\/v2\/posts\/30757\/revisions\/30758"}],"wp:featuredmedia":[{"embeddable":true,"href":"http:\/\/dsrmedios.com.ar\/diario\/wp-json\/wp\/v2\/media\/5725"}],"wp:attachment":[{"href":"http:\/\/dsrmedios.com.ar\/diario\/wp-json\/wp\/v2\/media?parent=30757"}],"wp:term":[{"taxonomy":"category","embeddable":true,"href":"http:\/\/dsrmedios.com.ar\/diario\/wp-json\/wp\/v2\/categories?post=30757"},{"taxonomy":"post_tag","embeddable":true,"href":"http:\/\/dsrmedios.com.ar\/diario\/wp-json\/wp\/v2\/tags?post=30757"}],"curies":[{"name":"wp","href":"https:\/\/api.w.org\/{rel}","templated":true}]}}