{"id":30745,"date":"2023-04-12T08:42:26","date_gmt":"2023-04-12T11:42:26","guid":{"rendered":"http:\/\/dsrmedios.com.ar\/diario\/?p=30745"},"modified":"2023-04-12T08:42:29","modified_gmt":"2023-04-12T11:42:29","slug":"tras-el-escandalo-de-la-ultima-sesion-el-senado-buscara-este-jueves-sancionar-la-ley-lucio","status":"publish","type":"post","link":"http:\/\/dsrmedios.com.ar\/diario\/archivos\/30745","title":{"rendered":"Tras el esc\u00e1ndalo de la \u00faltima sesi\u00f3n, el Senado buscar\u00e1 este jueves sancionar la Ley Lucio"},"content":{"rendered":"\n<p>El pasado 30 de marzo, la&nbsp;<strong>C\u00e1mara de Senadores de la Naci\u00f3n&nbsp;<\/strong>fue escenario de una escandalosa sesi\u00f3n protagonizada por el oficialismo y la oposici\u00f3n. La tensi\u00f3n de la grieta pol\u00edtica escal\u00f3 al punto tal que los legisladores de&nbsp;<strong>Juntos por el Cambio<\/strong>&nbsp;abandonaron el recinto provocando que se diera por terminado el debate ante la at\u00f3nita mirada de los abuelos de Lucio Dupuy que se hab\u00edan acercado hasta el Congreso expectantes por la aprobaci\u00f3n de la<strong>&nbsp;Ley Lucio<\/strong>, iniciativa que tiene por objeto la prevenci\u00f3n y detecci\u00f3n temprana de la violencia contra los ni\u00f1os, ni\u00f1as y adolescentes. Ese fue uno de los temas que no se trataron y hoy los senadores buscar\u00e1n destrabar para que sean debatidos en la sesi\u00f3n prevista para este jueves.<\/p>\n\n\n\n<p>Los jefes de los interbloques que conforman el&nbsp;<strong>Frente de Todos, Juntos por el Cambio y Unidad Federal&nbsp;<\/strong>se ver\u00e1n las caras hoy en una reuni\u00f3n de Labor Parlamentaria para tratar de avanzar en la organizaci\u00f3n de la sesi\u00f3n de ma\u00f1ana.<\/p>\n\n\n\n<p>La reuni\u00f3n se llevar\u00e1 a cabo desde el mediod\u00eda en el Sal\u00f3n Gris del Palacio Legislativo, que forma parte del despacho de la vicepresidenta de la Naci\u00f3n,\u00a0<strong>Cristina Kirchner<\/strong>. Al encuentro asistir\u00e1n los titulares de los bloques que conforman el oficialismo, el formose\u00f1o\u00a0<strong>Jos\u00e9 Mayans<\/strong>, la bonaerense\u00a0<strong>Juliana Di Tullio<\/strong>\u00a0y la mendocina\u00a0<strong>Anabel Fern\u00e1ndez Sagasti<\/strong>; sus pares de Juntos por el Cambio\u00a0<strong>Alfredo Cornejo<\/strong>,\u00a0<strong>Luis Naidenoff<\/strong>\u00a0y\u00a0<strong>Humberto Schiavoni<\/strong>; y los conductores de Unidad Federal,\u00a0<strong>Guillermo Snopek<\/strong>\u00a0y\u00a0<strong>Alejandra Vigo<\/strong>.<\/p>\n\n\n\n<p>El objetivo ser\u00e1 destrabar la par\u00e1lisis que atraviesa al Senado desde fines del a\u00f1o pasado que se profundiz\u00f3 con el Juicio Pol\u00edtico a la Corte Suprema de Justicia encabezado por el kirchnerismo y que se agudiz\u00f3 a\u00fan m\u00e1s luego que el FdT perdiera el qu\u00f3rum tras la salida de cuatro senadores que ahora forman parte de Unidad Federal.<\/p>\n\n\n\n<p>En la pol\u00e9mica \u00faltima sesi\u00f3n, los senadores de la oposici\u00f3n decidieron abandonar el recinto para expresar su&nbsp;<strong>rechazo&nbsp;<\/strong>a una maniobra del Frente de Todos, que intent\u00f3 forzar una votaci\u00f3n que exig\u00eda la obtenci\u00f3n de una mayor\u00eda agravada para habilitar el&nbsp;<strong>cambio del temario<\/strong>&nbsp;que Juntos por el Cambio y Unidad Federal hab\u00edan acordado.<\/p>\n\n\n\n<p>\u201cQued\u00f3 de manifiesto que cuando Cristina Kirchner y el FdT pierde la mayor\u00eda en el Senado, la pudre, como se dice popularmente. Lo que hicieron fue querer tratar los temas que se les da la gana y no los que hab\u00eda pedido el bloque de Unidad Federal y el de Juntos por el Cambio, que eran concordantes exceptuando un solo tema. Los temas son prioritarios de la Argentina, como los pliegos de los jueces de Rosario, que est\u00e1n desde octubre en esta c\u00e1mara y el kirchnerismo nunca quiso tratarlos. Ellos metieron un mont\u00f3n de temas a \u00faltima hora de ayer, haciendo una convocatoria que nada ten\u00eda que ver con lo que hab\u00edamos pedido anteriormente. El kirchnerismo no acepta la realidad y quiso violentar el reglamento\u201d, declar\u00f3 en aquella oportunidad Cornejo.<\/p>\n\n\n\n<p><img decoding=\"async\" loading=\"lazy\" alt=\"Senadores de la oposici\u00f3n debatieron y luego abandonaron el recinto (Fotos:  SOFIA ARECO \/ Comunicaci\u00f3n Senado)\" height=\"1280\" width=\"1920\" class=\"\" src=\"https:\/\/cloudfront-us-east-1.images.arcpublishing.com\/infobae\/5GRRQDGH5JE7VOMYZRIJ74X7PM.jpg\" srcset=\"https:\/\/www.infobae.com\/new-resizer\/fR-mE0PRNaQ7KtloxYAlqR2QtVc=\/420x280\/filters:format(webp):quality(85)\/cloudfront-us-east-1.images.arcpublishing.com\/infobae\/5GRRQDGH5JE7VOMYZRIJ74X7PM.jpg 420w,https:\/\/www.infobae.com\/new-resizer\/6KsJ6UNIKEWLMdLn_GdDxyu-vQw=\/768x512\/filters:format(webp):quality(85)\/cloudfront-us-east-1.images.arcpublishing.com\/infobae\/5GRRQDGH5JE7VOMYZRIJ74X7PM.jpg 768w,https:\/\/www.infobae.com\/new-resizer\/Vc7RjoGDyFRguHx8cdid0vEpbdM=\/992x661\/filters:format(webp):quality(85)\/cloudfront-us-east-1.images.arcpublishing.com\/infobae\/5GRRQDGH5JE7VOMYZRIJ74X7PM.jpg 992w,https:\/\/www.infobae.com\/new-resizer\/fqTeEPc6j1kRaex-SF32yqEsL_s=\/1200x800\/filters:format(webp):quality(85)\/cloudfront-us-east-1.images.arcpublishing.com\/infobae\/5GRRQDGH5JE7VOMYZRIJ74X7PM.jpg 1200w,https:\/\/www.infobae.com\/new-resizer\/J43x1JR_Fx2BJvbT4sEkoJWldWg=\/1440x960\/filters:format(webp):quality(85)\/cloudfront-us-east-1.images.arcpublishing.com\/infobae\/5GRRQDGH5JE7VOMYZRIJ74X7PM.jpg 1440w\">Senadores de la oposici\u00f3n debatieron y luego abandonaron el recinto (Fotos: SOFIA ARECO \/ Comunicaci\u00f3n Senado)<\/p>\n\n\n\n<p>\u201cNo les import\u00f3 el tema del narcotr\u00e1ficoen Santa Fe. Para ellos son m\u00e1s importantes los temas a tratar, antes que esa situaci\u00f3n en s\u00ed. No les import\u00f3 la Ley Lucio ni la Ley de Alcohol Cero ni la de Lenguas de Se\u00f1a. Fijan un temario que es escueto y plantean que en 15 d\u00edas van a estudiar los dem\u00e1s temas a tratar\u201d, cruz\u00f3 por su parte Mayans.<\/p>\n\n\n\n<p>Para este jueves, la oposici\u00f3n busca tratar una lista de siete proyectos de ley, adem\u00e1s de seis pedidos de acuerdos para integrar lugares de la Justicia Nacional en las provincias de Santa Fe y de C\u00f3rdoba.<\/p>\n\n\n\n<p>Fuera de la propuesta quedaron dos iniciativas, respecto de la frustrada \u00faltima sesi\u00f3n: la Ley de Alcohol Cero (solicitada por el FdT) y la que rebaja el precio de la energ\u00eda el\u00e9ctrica que ni siquiera tiene despacho de Comisi\u00f3n (reclamada por el flamante bloque de UF, integrado por peronistas disidentes).<\/p>\n\n\n\n<p>Entre las que s\u00ed figuran en el pedido de sesi\u00f3n especial est\u00e1n el&nbsp;<strong>Certificado \u00danico de Discapacidad, la Ley Lucio, Cardiopat\u00edas Cong\u00e9nitas&nbsp;<\/strong>y el proyecto de ley venido en revisi\u00f3n de Diputados y que a\u00fan no fue debatido en ninguna comisi\u00f3n, sobre&nbsp;<strong>el fortalecimiento de la Justicia en la provincia de Santa Fe<\/strong>. A esa iniciativa se le sumar\u00e1 el acuerdo para integrar tres juzgados federales en la ciudad de Rosario y otros seis en la provincia de C\u00f3rdoba, en un intento por controlar el avance de la violencia narco que escal\u00f3 en el \u00faltimo tiempo.<\/p>\n\n\n\n<p>En lugar de incluir en el temario la Ley de Alcohol Cero en el pedido de sesi\u00f3n especial, los oficialistas pretenden llevar ese asunto a Labor Parlamentaria para ver si hay consenso para su discusi\u00f3n en el recinto.<\/p>\n\n\n\n<p>Fuente: Infobae<\/p>\n","protected":false},"excerpt":{"rendered":"<div class=\"mh-excerpt\"><p>El pasado 30 de marzo, la&nbsp;C\u00e1mara de Senadores de la Naci\u00f3n&nbsp;fue escenario de una escandalosa sesi\u00f3n protagonizada por el oficialismo y la oposici\u00f3n. La tensi\u00f3n de la grieta pol\u00edtica escal\u00f3 al punto tal que los legisladores de&nbsp;Juntos por el Cambio&nbsp;abandonaron el recinto provocando que se diera por terminado el debate ante la at\u00f3nita mirada de los abuelos de Lucio Dupuy que se hab\u00edan acercado hasta el Congreso expectantes por la aprobaci\u00f3n de la&nbsp;Ley Lucio, iniciativa que tiene por objeto la prevenci\u00f3n y detecci\u00f3n temprana de la violencia contra los ni\u00f1os, ni\u00f1as y adolescentes. Ese fue uno de los temas que <a class=\"mh-excerpt-more\" href=\"http:\/\/dsrmedios.com.ar\/diario\/archivos\/30745\" title=\"Tras el esc\u00e1ndalo de la \u00faltima sesi\u00f3n, el Senado buscar\u00e1 este jueves sancionar la Ley Lucio\">[Leer m\u00e1s]<\/a><\/p>\n<\/div>","protected":false},"author":6,"featured_media":5790,"comment_status":"open","ping_status":"closed","sticky":false,"template":"","format":"standard","meta":{"_jetpack_newsletter_access":""},"categories":[6],"tags":[],"jetpack_featured_media_url":"http:\/\/dsrmedios.com.ar\/diario\/wp-content\/uploads\/2018\/05\/camara.jpg","jetpack_sharing_enabled":true,"jetpack_shortlink":"https:\/\/wp.me\/p9fihK-7ZT","_links":{"self":[{"href":"http:\/\/dsrmedios.com.ar\/diario\/wp-json\/wp\/v2\/posts\/30745"}],"collection":[{"href":"http:\/\/dsrmedios.com.ar\/diario\/wp-json\/wp\/v2\/posts"}],"about":[{"href":"http:\/\/dsrmedios.com.ar\/diario\/wp-json\/wp\/v2\/types\/post"}],"author":[{"embeddable":true,"href":"http:\/\/dsrmedios.com.ar\/diario\/wp-json\/wp\/v2\/users\/6"}],"replies":[{"embeddable":true,"href":"http:\/\/dsrmedios.com.ar\/diario\/wp-json\/wp\/v2\/comments?post=30745"}],"version-history":[{"count":1,"href":"http:\/\/dsrmedios.com.ar\/diario\/wp-json\/wp\/v2\/posts\/30745\/revisions"}],"predecessor-version":[{"id":30746,"href":"http:\/\/dsrmedios.com.ar\/diario\/wp-json\/wp\/v2\/posts\/30745\/revisions\/30746"}],"wp:featuredmedia":[{"embeddable":true,"href":"http:\/\/dsrmedios.com.ar\/diario\/wp-json\/wp\/v2\/media\/5790"}],"wp:attachment":[{"href":"http:\/\/dsrmedios.com.ar\/diario\/wp-json\/wp\/v2\/media?parent=30745"}],"wp:term":[{"taxonomy":"category","embeddable":true,"href":"http:\/\/dsrmedios.com.ar\/diario\/wp-json\/wp\/v2\/categories?post=30745"},{"taxonomy":"post_tag","embeddable":true,"href":"http:\/\/dsrmedios.com.ar\/diario\/wp-json\/wp\/v2\/tags?post=30745"}],"curies":[{"name":"wp","href":"https:\/\/api.w.org\/{rel}","templated":true}]}}