{"id":30739,"date":"2023-04-12T08:38:33","date_gmt":"2023-04-12T11:38:33","guid":{"rendered":"http:\/\/dsrmedios.com.ar\/diario\/?p=30739"},"modified":"2023-04-12T08:38:36","modified_gmt":"2023-04-12T11:38:36","slug":"dolar-agro-las-empresas-analizan-estrategias-para-aprovechar-al-maximo-la-ventana-cambiaria","status":"publish","type":"post","link":"http:\/\/dsrmedios.com.ar\/diario\/archivos\/30739","title":{"rendered":"D\u00f3lar agro: las empresas analizan estrategias para aprovechar al m\u00e1ximo la ventana cambiaria"},"content":{"rendered":"\n<p>La nueva ventana cambiaria a $300 para las econom\u00edas regionales que exporten comenz\u00f3 a regir este lunes, pero el decreto que cre\u00f3 el Programa de Incremento Exportador (PIE) -m\u00e1s conocido como&nbsp;<strong>d\u00f3lar agro<\/strong>&#8211; fue tan amplio que ahora los distintos sectores est\u00e1n esperando conocer la letra chica, prometida para fines de esta semana. Lo que est\u00e1 claro es que el plazo, en este caso y a diferencia del complejo sojero, ser\u00e1 hasta el 31 de agosto, tal como estaba previsto.<\/p>\n\n\n\n<p>En el Gobierno aseguran que la Secretar\u00eda de Agricultura est\u00e1 terminando de definir qu\u00e9 sectores finalmente (dentro del listado amplio publicado en el DNU) estar\u00e1n habilitados a operar con el nuevo tipo de cambio y que luego Comercio difundir\u00e1 un registro en el cual las empresas deber\u00e1n inscribirse. Fuentes oficiales aseguraron que, en esa instancia, se les requerir\u00e1 determinada informaci\u00f3n y en base a eso se las incluir\u00e1 en el programa Precios Justos.<\/p>\n\n\n\n<p>En funci\u00f3n de la facturaci\u00f3n que tiene la empresa en materia de exportaci\u00f3n, y de cu\u00e1nto sea el porcentaje de venta en el mercado interno, se dispondr\u00e1 un sendero de precios. En el caso de que la firma sea predominantemente exportadora, se les podr\u00eda exigir congelar por algunos meses los pocos art\u00edculos que comercialicen internamente, mientras que si fuera al rev\u00e9s, podr\u00edan comprometerse con la suba de 3,2% establecida para la gran mayor\u00eda de los productos que hoy se venden en los supermercados, afirmaron las fuentes.<\/p>\n\n\n\n<p>Lo que todav\u00eda no termin\u00f3 de definir la secretar\u00eda que dirige Mat\u00edas Tombolini es c\u00f3mo har\u00e1n con aquellas empresas que s\u00f3lo exportan. \u00bfQu\u00e9 compromiso se les exigir\u00e1? O con las que venden en el mercado externo y tambi\u00e9n en el dom\u00e9stico, pero no lo hacen en las grandes cadenas de supermercados y\/o mayoristas. \u00bfLes exigir\u00e1n contenci\u00f3n de precios en canales donde el propio Gobierno sabe que no puede controlar? Todas preguntas por ahora sin respuesta.<\/p>\n\n\n\n<p><img decoding=\"async\" loading=\"lazy\" alt=\"El sector de pepita (peras y manzanas) tambi\u00e9n est\u00e1 a la espera de mayores precisiones del d\u00f3lar agro \" height=\"1080\" width=\"1920\" class=\"\" src=\"https:\/\/cloudfront-us-east-1.images.arcpublishing.com\/infobae\/YRW6IWOB4BHE7EYDKSP4LU44UE.jpg\" srcset=\"https:\/\/www.infobae.com\/new-resizer\/PWWPUZPiWPA8VKYGgZNtb28ChFQ=\/420x236\/filters:format(webp):quality(85)\/cloudfront-us-east-1.images.arcpublishing.com\/infobae\/YRW6IWOB4BHE7EYDKSP4LU44UE.jpg 420w,https:\/\/www.infobae.com\/new-resizer\/ihyfrCYiD8r0Td_8gZTCgQC2Gew=\/768x432\/filters:format(webp):quality(85)\/cloudfront-us-east-1.images.arcpublishing.com\/infobae\/YRW6IWOB4BHE7EYDKSP4LU44UE.jpg 768w,https:\/\/www.infobae.com\/new-resizer\/tuhKq1C8RtBkL3Sv5LK_-Pn4OXc=\/992x558\/filters:format(webp):quality(85)\/cloudfront-us-east-1.images.arcpublishing.com\/infobae\/YRW6IWOB4BHE7EYDKSP4LU44UE.jpg 992w,https:\/\/www.infobae.com\/new-resizer\/eKyvtIGyBrrABDXJ_fOIuj9bZeo=\/1200x675\/filters:format(webp):quality(85)\/cloudfront-us-east-1.images.arcpublishing.com\/infobae\/YRW6IWOB4BHE7EYDKSP4LU44UE.jpg 1200w,https:\/\/www.infobae.com\/new-resizer\/M8aF6GVZPWDXp3NKc0yqSGaNF7w=\/1440x810\/filters:format(webp):quality(85)\/cloudfront-us-east-1.images.arcpublishing.com\/infobae\/YRW6IWOB4BHE7EYDKSP4LU44UE.jpg 1440w\">El sector de pepita (peras y manzanas) tambi\u00e9n est\u00e1 a la espera de mayores precisiones del d\u00f3lar agro<\/p>\n\n\n\n<p>De todas formas, lo que les vaya a exigir Comercio en materia de precios dom\u00e9sticos funcionar\u00e1 como uno de los condicionamientos a tener en cuenta a la hora de hacer los n\u00fameros y evaluar cu\u00e1n conveniente resulta el nuevo tipo de cambio, admiten en las empresas. Tambi\u00e9n lo ser\u00e1 la definici\u00f3n de los plazos en los cuales podr\u00e1 liquidarse esa operaci\u00f3n embarcada dentro de la ventana de tiempo ya estipulada por el decreto. Consultadas varias fuentes sectoriales, si algo ten\u00edan claro es que la norma no ser\u00e1 retroactiva, por lo que s\u00f3lo podr\u00e1n liquidarse a $300 por d\u00f3lar todas las operaciones cuyo embarque ocurra entre el 10 de abril y el 31 de agosto. Tambi\u00e9n qued\u00f3 sobreentendido que el ingreso de las divisas deb\u00eda suceder en esa ventana, pero referentes de varios sectores est\u00e1n intentando, por estas horas, lograr que los plazos para la liquidaci\u00f3n puedan extenderse.<\/p>\n\n\n\n<p>Sucede que una vez embarcada la mercader\u00eda, en la gran mayor\u00eda de los casos, el pago ocurre a los 120 a 180 d\u00edas posteriores. Por lo tanto, estar\u00edan muy justos con los tiempos de lo que pueda embarcarse a la brevedad, dicen en las empresas. Por otra parte, y como ya advirtieron los propios empresarios la semana pasada, no es lo mismo un d\u00f3lar a $300 hoy que el mismo valor en cuatro meses, con una inflaci\u00f3n del 6% mensual y un tipo de cambio oficial que va acompa\u00f1ando esa variaci\u00f3n. \u201cCuando termine el plazo, el d\u00f3lar agro se va a asemejar al tipo de cambio oficial\u201d, coincid\u00edan en varios de los sectores consultados.<\/p>\n\n\n\n<p>La alternativa ser\u00e1 la b\u00fasqueda de una prefinanciaci\u00f3n de exportaciones que les permita a las compa\u00f1\u00edas ingresar esas divisas en el corto plazo y luego pagarle al banco una vez cobrada la operaci\u00f3n. Otra opci\u00f3n es negociar con los clientes el pago por anticipado, lo cual no es habitual y llevar\u00eda, necesariamente, a una baja en el precio.<\/p>\n\n\n\n<p>\u201cLa fecha del embarque es un hito que desencadena todo el proceso. Los plazos de pago del sector vitivin\u00edcola, desde esa fecha, oscilan entre los 90 y los 120 d\u00edas. Por ende, vemos dos desventajas. Por un lado, en la medida en que nos vamos moviendo en el tiempo, el beneficio versus el tipo de cambio oficial, resulta cada vez menor. Por otra parte, si le pedimos al cliente un pago anticipado, solicita el descuento correspondiente. Po este motivo y a efectos de que la liquidaci\u00f3n se realice dentro de la ventana de tiempos establecida, las bodegas deber\u00e1n negociar con sus clientes o bien buscar alg\u00fan instrumento de prefinanciaci\u00f3n\u201d, afirm\u00f3 Milton Kuret, director ejecutivo de Bodegas de Argentina.<\/p>\n\n\n\n<blockquote class=\"wp-block-quote\">\n<p>En funci\u00f3n de la facturaci\u00f3n que tiene la empresa en materia de exportaci\u00f3n, y de cu\u00e1nto sea el porcentaje de venta en el mercado interno, se dispondr\u00e1 un sendero de precios<\/p>\n<\/blockquote>\n\n\n\n<p>En cualquier caso, esas alternativas tienen un costo. \u201cHabr\u00e1 que ver la capacidad de negociaci\u00f3n que tiene cada bodega con sus clientes y a qu\u00e9 tasa de descuento le puedan anticipar el pago. Es una cuenta que va a hacer cada compa\u00f1\u00eda dependiendo de su posici\u00f3n exportadora. Los tiempos son muy ajustados\u201d, agreg\u00f3 Kuret.<\/p>\n\n\n\n<p>Desde Federcitrus, su presidente, Jos\u00e9 Carbonell, se\u00f1al\u00f3 que lo que est\u00e1n intentando, especialmente en el caso de la fruta que tiene tiempos de cobro bastante alejados del momento de embarque, es poder tener m\u00e1s tiempo para liquidar las divisas, ya que \u201cel gobierno va a seguir necesitando d\u00f3lares\u201d, dijo. Sin embargo, todos los sectores esperan lo mismo, por lo que ser\u00eda raro que hagan excepciones sobre este punto.<\/p>\n\n\n\n<p>\u201cEn nuestro sector, se paga a los 180 d\u00edas desde el embarque. Por otra parte, reci\u00e9n se est\u00e1n empezando a cosechas las aceitunas aceiteras y todo el proceso de elaboraci\u00f3n y de venta lleva un tiempo\u201d, precis\u00f3 el gerente de la Federaci\u00f3n Oliv\u00edcola Argentina (FOA), Mario Bustos Carra. Si bien muchas empresas cuentan con stock para comercializar antes, no sucede en todos los casos, dijo. El empresario tambi\u00e9n se pregunt\u00f3 qu\u00e9 tipo de cambio se le debe pagar al productor en esta cosecha, si existe la posibilidad de que la venta y\/o cobranza se haga despu\u00e9s de agosto.<\/p>\n\n\n\n<p>Por ahora, en todos los sectores de las econom\u00edas regionales hay un alto nivel de incertidumbre y est\u00e1n todos a la espera de que entre jueves y viernes salgan las normas aclaratorias y puedan las empresas empezar a registrarse y activar las ventas para aprovechar al m\u00e1ximo la nueva ventana cambiaria.<\/p>\n\n\n\n<p>Fuente: Infobae<\/p>\n","protected":false},"excerpt":{"rendered":"<div class=\"mh-excerpt\"><p>La nueva ventana cambiaria a $300 para las econom\u00edas regionales que exporten comenz\u00f3 a regir este lunes, pero el decreto que cre\u00f3 el Programa de Incremento Exportador (PIE) -m\u00e1s conocido como&nbsp;d\u00f3lar agro&#8211; fue tan amplio que ahora los distintos sectores est\u00e1n esperando conocer la letra chica, prometida para fines de esta semana. Lo que est\u00e1 claro es que el plazo, en este caso y a diferencia del complejo sojero, ser\u00e1 hasta el 31 de agosto, tal como estaba previsto. En el Gobierno aseguran que la Secretar\u00eda de Agricultura est\u00e1 terminando de definir qu\u00e9 sectores finalmente (dentro del listado amplio publicado <a class=\"mh-excerpt-more\" href=\"http:\/\/dsrmedios.com.ar\/diario\/archivos\/30739\" title=\"D\u00f3lar agro: las empresas analizan estrategias para aprovechar al m\u00e1ximo la ventana cambiaria\">[Leer m\u00e1s]<\/a><\/p>\n<\/div>","protected":false},"author":6,"featured_media":30740,"comment_status":"open","ping_status":"closed","sticky":false,"template":"","format":"standard","meta":{"_jetpack_newsletter_access":""},"categories":[6],"tags":[],"jetpack_featured_media_url":"http:\/\/dsrmedios.com.ar\/diario\/wp-content\/uploads\/2023\/04\/images-3.jpg","jetpack_sharing_enabled":true,"jetpack_shortlink":"https:\/\/wp.me\/p9fihK-7ZN","_links":{"self":[{"href":"http:\/\/dsrmedios.com.ar\/diario\/wp-json\/wp\/v2\/posts\/30739"}],"collection":[{"href":"http:\/\/dsrmedios.com.ar\/diario\/wp-json\/wp\/v2\/posts"}],"about":[{"href":"http:\/\/dsrmedios.com.ar\/diario\/wp-json\/wp\/v2\/types\/post"}],"author":[{"embeddable":true,"href":"http:\/\/dsrmedios.com.ar\/diario\/wp-json\/wp\/v2\/users\/6"}],"replies":[{"embeddable":true,"href":"http:\/\/dsrmedios.com.ar\/diario\/wp-json\/wp\/v2\/comments?post=30739"}],"version-history":[{"count":1,"href":"http:\/\/dsrmedios.com.ar\/diario\/wp-json\/wp\/v2\/posts\/30739\/revisions"}],"predecessor-version":[{"id":30741,"href":"http:\/\/dsrmedios.com.ar\/diario\/wp-json\/wp\/v2\/posts\/30739\/revisions\/30741"}],"wp:featuredmedia":[{"embeddable":true,"href":"http:\/\/dsrmedios.com.ar\/diario\/wp-json\/wp\/v2\/media\/30740"}],"wp:attachment":[{"href":"http:\/\/dsrmedios.com.ar\/diario\/wp-json\/wp\/v2\/media?parent=30739"}],"wp:term":[{"taxonomy":"category","embeddable":true,"href":"http:\/\/dsrmedios.com.ar\/diario\/wp-json\/wp\/v2\/categories?post=30739"},{"taxonomy":"post_tag","embeddable":true,"href":"http:\/\/dsrmedios.com.ar\/diario\/wp-json\/wp\/v2\/tags?post=30739"}],"curies":[{"name":"wp","href":"https:\/\/api.w.org\/{rel}","templated":true}]}}