{"id":30727,"date":"2023-04-12T08:28:27","date_gmt":"2023-04-12T11:28:27","guid":{"rendered":"http:\/\/dsrmedios.com.ar\/diario\/?p=30727"},"modified":"2023-04-12T08:28:30","modified_gmt":"2023-04-12T11:28:30","slug":"la-temporada-de-poda-comienza-en-junio","status":"publish","type":"post","link":"http:\/\/dsrmedios.com.ar\/diario\/archivos\/30727","title":{"rendered":"<strong>La Temporada de Poda comienza en Junio<\/strong>"},"content":{"rendered":"\n<h2>A partir del jueves 1 de junio quedar\u00e1 habilitada la temporada de poda, no antes de esa fecha. Se ruega a los frentistas respetar las disposiciones vigentes.<\/h2>\n\n\n\n<h2>Toda acci\u00f3n de poda en veredas y espacios p\u00fablicos en el Municipio de Adolfo Alsina debe estar autorizada por el \u00e1rea de arbolado urbano, en tiempo y formas correspondientes.<\/h2>\n\n\n\n<h2>Luego de una evaluaci\u00f3n de las condiciones del \u00e1rbol por t\u00e9cnicos municipales se podr\u00e1 otorgar o no la autorizaci\u00f3n.<\/h2>\n\n\n\n<h2>En caso de obtener el permiso de poda, \u00e9sta la debe realizar un podador habilitado cumpliendo con los criterios de poda trabajados en la capacitaci\u00f3n que se realizar\u00e1 en los pr\u00f3ximos d\u00edas.<\/h2>\n","protected":false},"excerpt":{"rendered":"<div class=\"mh-excerpt\"><p>A partir del jueves 1 de junio quedar\u00e1 habilitada la temporada de poda, no antes de esa fecha. Se ruega a los frentistas respetar las disposiciones vigentes. Toda acci\u00f3n de poda en veredas y espacios p\u00fablicos en el Municipio de Adolfo Alsina debe estar autorizada por el \u00e1rea de arbolado urbano, en tiempo y formas correspondientes. Luego de una evaluaci\u00f3n de las condiciones del \u00e1rbol por t\u00e9cnicos municipales se podr\u00e1 otorgar o no la autorizaci\u00f3n. En caso de obtener el permiso de poda, \u00e9sta la debe realizar un podador habilitado cumpliendo con los criterios de poda trabajados en la capacitaci\u00f3n <a class=\"mh-excerpt-more\" href=\"http:\/\/dsrmedios.com.ar\/diario\/archivos\/30727\" title=\"La Temporada de Poda comienza en Junio\">[Leer m\u00e1s]<\/a><\/p>\n<\/div>","protected":false},"author":6,"featured_media":30728,"comment_status":"open","ping_status":"closed","sticky":false,"template":"","format":"standard","meta":{"_jetpack_newsletter_access":""},"categories":[5],"tags":[],"jetpack_featured_media_url":"http:\/\/dsrmedios.com.ar\/diario\/wp-content\/uploads\/2023\/04\/WhatsApp-Image-2023-04-12-at-09.39.20.jpeg","jetpack_sharing_enabled":true,"jetpack_shortlink":"https:\/\/wp.me\/p9fihK-7ZB","_links":{"self":[{"href":"http:\/\/dsrmedios.com.ar\/diario\/wp-json\/wp\/v2\/posts\/30727"}],"collection":[{"href":"http:\/\/dsrmedios.com.ar\/diario\/wp-json\/wp\/v2\/posts"}],"about":[{"href":"http:\/\/dsrmedios.com.ar\/diario\/wp-json\/wp\/v2\/types\/post"}],"author":[{"embeddable":true,"href":"http:\/\/dsrmedios.com.ar\/diario\/wp-json\/wp\/v2\/users\/6"}],"replies":[{"embeddable":true,"href":"http:\/\/dsrmedios.com.ar\/diario\/wp-json\/wp\/v2\/comments?post=30727"}],"version-history":[{"count":1,"href":"http:\/\/dsrmedios.com.ar\/diario\/wp-json\/wp\/v2\/posts\/30727\/revisions"}],"predecessor-version":[{"id":30729,"href":"http:\/\/dsrmedios.com.ar\/diario\/wp-json\/wp\/v2\/posts\/30727\/revisions\/30729"}],"wp:featuredmedia":[{"embeddable":true,"href":"http:\/\/dsrmedios.com.ar\/diario\/wp-json\/wp\/v2\/media\/30728"}],"wp:attachment":[{"href":"http:\/\/dsrmedios.com.ar\/diario\/wp-json\/wp\/v2\/media?parent=30727"}],"wp:term":[{"taxonomy":"category","embeddable":true,"href":"http:\/\/dsrmedios.com.ar\/diario\/wp-json\/wp\/v2\/categories?post=30727"},{"taxonomy":"post_tag","embeddable":true,"href":"http:\/\/dsrmedios.com.ar\/diario\/wp-json\/wp\/v2\/tags?post=30727"}],"curies":[{"name":"wp","href":"https:\/\/api.w.org\/{rel}","templated":true}]}}