{"id":30724,"date":"2023-04-12T08:27:03","date_gmt":"2023-04-12T11:27:03","guid":{"rendered":"http:\/\/dsrmedios.com.ar\/diario\/?p=30724"},"modified":"2023-04-12T08:27:06","modified_gmt":"2023-04-12T11:27:06","slug":"el-pro-encara-su-peor-batalla-y-el-kirchnerismo-recarga-la-interna-todos-aceleran-en-medio-de-la-crisis-2","status":"publish","type":"post","link":"http:\/\/dsrmedios.com.ar\/diario\/archivos\/30724","title":{"rendered":"El PRO encara su peor batalla y el kirchnerismo recarga la interna: todos aceleran en medio de la crisis"},"content":{"rendered":"\n<p>Esta semana va a redondear una imagen, parcial pero potente, de&nbsp;<strong>contradicciones en medio de la crisis<\/strong>. El arranque -sin final a la vista- est\u00e1 tomado por&nbsp;<strong>la peor y a la vez crucial<\/strong>&nbsp;batalla en el interior del PRO, con sus estribaciones entre los otros socios de la coalici\u00f3n opositora. El kirchnerismo, sin claridad sobre la estrategia electoral pero concentrado en mantener el poder interno,&nbsp;<strong>vuelve a cargar en la calle contra la Justicia<\/strong>. Y lo que viene como se\u00f1al de la econom\u00eda es&nbsp;<strong>un nuevo dato alarmante sobre la inflaci\u00f3n<\/strong>, con especial impacto en los rubros&nbsp;<strong>m\u00e1s sensibles de consumo<\/strong>.<\/p>\n\n\n\n<p>No es novedad el modo en que se realimenta ese c\u00edrculo &#8211;<strong>la lucha por los liderazgos cruzan de diferente modo a todos los espacios<\/strong>&#8211; y hasta resulta natural la tensi\u00f3n combinada entre&nbsp;<strong>econom\u00eda y calendario electoral<\/strong>. Lo significativo es que&nbsp;<strong>no hay rastros de discusi\u00f3n sobre la crisis<\/strong>; apenas reacciones puntuales frente a algunos datos -precios, pobreza- como ocurre frente a hechos graves de inseguridad. Y lo m\u00e1s llamativo es que, en general, dirigentes y funcionarios reconocen en privado la&nbsp;<strong>disociaci\u00f3n<\/strong>&nbsp;con los problemas centrales del grueso de la sociedad, y&nbsp;<strong>sus posibles costos pol\u00edticos<\/strong>.<\/p>\n\n\n\n<p>El PRO acaba de sumergirse en la m\u00e1s grave disputa desde su creaci\u00f3n. En la oposici\u00f3n consideran que era inevitable: se trata de resolver no s\u00f3lo candidaturas, sino tambi\u00e9n de proyectar&nbsp;<strong>cu\u00e1l ser\u00eda el juego de poder dom\u00e9stico en caso de volver a la Casa Rosada<\/strong>. Eso -es decir, el&nbsp;<strong>tipo de conducci\u00f3n<\/strong>&nbsp;y el&nbsp;<strong>sistema de decisiones<\/strong>&nbsp;en un posible ejercicio de gobierno- es lo que est\u00e1 en discusi\u00f3n. Lo expone la decisi\u00f3n de&nbsp;<strong>Horacio Rodr\u00edguez Larreta<\/strong>&nbsp;pero, antes, lo&nbsp;<strong>precipit\u00f3<\/strong>&nbsp;el renunciamiento de&nbsp;<strong>Mauricio Macri<\/strong>&nbsp;a cualquier candidatura. El enojo actual confirma las tensiones por su lugar en el tablero propio.<\/p>\n\n\n\n<p>El ex presidente hab\u00eda dejado en claro que su paso -complicado hasta en lo personal-&nbsp;<strong>no significaba<\/strong>&nbsp;<strong>colocarse al margen de las resoluciones dom\u00e9sticas<\/strong>, con gravitaci\u00f3n en el entramado general de Juntos por el Cambio. Por eso mismo gener\u00f3 expectativa, fuera de los elogios iniciales, hacia el interior del PRO y en las filas de la UCR, la CC y otros integrantes de la sociedad opositora. Excluirse de la competencia directa, como candidato, constitu\u00eda&nbsp;<strong>un desaf\u00edo no s\u00f3lo individual, sino pol\u00edticamente amplio y nada menor<\/strong>.<\/p>\n\n\n\n<p>Como hip\u00f3tesis, se manejaba en las filas del PRO que \u00fanicamente&nbsp;<strong>Mar\u00eda Eugenia Vidal<\/strong>&nbsp;abandonar\u00eda la carrera por la candidatura, para algunos inesperada, si Macri compet\u00eda.&nbsp;<strong>Patricia Bullrich<\/strong>&nbsp;dec\u00eda que&nbsp;<strong>igual seguir\u00eda anotada<\/strong>&nbsp;y Rodr\u00edguez Larreta reafirmaba su voluntad de pelea, con el agregado que representar\u00eda en t\u00e9rminos de&nbsp;<strong>manejo pol\u00edtico<\/strong>&nbsp;ganar las primarias.<\/p>\n\n\n\n<p>Eso, finalmente, no ocurri\u00f3. El mensaje del video con que Macri anunci\u00f3 su renunciamiento a la carrera por la candidatura provoc\u00f3&nbsp;<strong>un alivio curioso en cuanto a las interpretaciones<\/strong>. En el c\u00edrculo de Rodr\u00edguez Larreta registraban&nbsp;<strong>una brisa positiva<\/strong>&nbsp;por el tono m\u00e1s bien de consenso. Y cerca de Bullrich anotaban como&nbsp;<strong>un gui\u00f1o<\/strong>&nbsp;la referencia a la necesidad de firmeza, traducida como dureza. De inmediato, las presiones para consagrar sin demoras a&nbsp;<strong>Jorge Macri<\/strong>&nbsp;como \u00fanico candidato a la sucesi\u00f3n porte\u00f1a expusieron que&nbsp;<strong>no era el final sino el inicio de las batallas de fondo<\/strong>.<\/p>\n\n\n\n<p>El llamado a elecciones \u201cconcurrentes\u201d para las PASO y las generales en la Ciudad resulta, entonces,&nbsp;<strong>otro s\u00edntoma, no el problema<\/strong>. El modo elegido -el mismo d\u00eda, elecci\u00f3n nacional con lista s\u00e1bana y elecci\u00f3n local con boleta \u00fanica electr\u00f3nica- es rechazado por el macrismo \u201cduro\u201d porque considera que favorece a&nbsp;<strong>Mart\u00edn Lousteau<\/strong>&nbsp;y que expone una&nbsp;<strong>medida inconsulta<\/strong>. Del otro lado, destacan que se trata de una decisi\u00f3n&nbsp;<strong>inherente al jede de Gobierno<\/strong>&nbsp;y que la boleta \u00fanica es&nbsp;<strong>una bandera macrista y de JxC<\/strong>.<\/p>\n\n\n\n<p><img decoding=\"async\" loading=\"lazy\" alt=\"Movilizaci\u00f3n de La C\u00e1mpora, el 24 de Marzo. Vuelve a la calle, contra la Corte Suprema\" height=\"1280\" width=\"1920\" class=\"\" src=\"https:\/\/cloudfront-us-east-1.images.arcpublishing.com\/infobae\/FGHOV76ENRGHDHQU4BZQGKDVH4.jpg\" srcset=\"https:\/\/www.infobae.com\/new-resizer\/41JffC8Qg3x3F6E5d4uGE9j6odw=\/420x280\/filters:format(webp):quality(85)\/cloudfront-us-east-1.images.arcpublishing.com\/infobae\/FGHOV76ENRGHDHQU4BZQGKDVH4.jpg 420w,https:\/\/www.infobae.com\/new-resizer\/zMpi96ZJKYQN7fVpUZYCPUN3D0Q=\/768x512\/filters:format(webp):quality(85)\/cloudfront-us-east-1.images.arcpublishing.com\/infobae\/FGHOV76ENRGHDHQU4BZQGKDVH4.jpg 768w,https:\/\/www.infobae.com\/new-resizer\/MtEahbY1fV3ppDcG-uL9Xs7x3H0=\/992x661\/filters:format(webp):quality(85)\/cloudfront-us-east-1.images.arcpublishing.com\/infobae\/FGHOV76ENRGHDHQU4BZQGKDVH4.jpg 992w,https:\/\/www.infobae.com\/new-resizer\/SkFRRLDJ8NxhIa0slosey3evDnw=\/1200x800\/filters:format(webp):quality(85)\/cloudfront-us-east-1.images.arcpublishing.com\/infobae\/FGHOV76ENRGHDHQU4BZQGKDVH4.jpg 1200w,https:\/\/www.infobae.com\/new-resizer\/ct_OdQQiHW95wkTrVC71NjMkZ_s=\/1440x960\/filters:format(webp):quality(85)\/cloudfront-us-east-1.images.arcpublishing.com\/infobae\/FGHOV76ENRGHDHQU4BZQGKDVH4.jpg 1440w\">Movilizaci\u00f3n de La C\u00e1mpora, el 24 de Marzo. Vuelve a la calle, contra la Corte Suprema<\/p>\n\n\n\n<p>En rigor,&nbsp;<strong>la discusi\u00f3n es otra<\/strong>. El cortinado de fondo, como expresi\u00f3n agitada linealmente, es la experiencia de&nbsp;<strong>poder invertido<\/strong>&nbsp;en el frente oficialista, es decir, la relaci\u00f3n de Cristina Fern\u00e1ndez de Kirchner y Alberto Fern\u00e1ndez. As\u00ed lo plantean sin vueltas desde el \u201clarretismo\u201d, aunque el tema&nbsp;<strong>no es sencillo para \u00e9l mismo y no se reduce a la interna<\/strong>.<\/p>\n\n\n\n<p>Rodr\u00edguez Larreta decidi\u00f3 dar la pulseada con Macri.&nbsp;<strong>Es un dato pol\u00edtico fuerte<\/strong>. Pero ahora la cuesti\u00f3n es&nbsp;<strong>c\u00f3mo se planta en esta doble carrera<\/strong>, hacia el interior y hacia afuera. En el plano interno, el camino asoma duro, aunque tambi\u00e9n ser\u00e1n puestos en evaluaci\u00f3n&nbsp;<strong>cada gesto frente al oficialismo<\/strong>&nbsp;y el sentido de su planteo de amplitud como promesa de gobierno. Dicho de otra forma: podr\u00eda pagar un&nbsp;<strong>costo pesado<\/strong>&nbsp;si s\u00f3lo queda como una jugada dom\u00e9stica que afecta a Macri y no es traducida con definiciones igualmente potentes frente al Gobierno y otros competidores.<\/p>\n\n\n\n<p>Bullrich&nbsp;<strong>tambi\u00e9n enfrenta un desaf\u00edo, aunque quiz\u00e1s en sentido inverso<\/strong>. Est\u00e1 claro su&nbsp;<strong>perfil de batalla<\/strong>&nbsp;contra el oficialismo y la disputa impl\u00edcita con la franja electoral que se supone atra\u00edda por&nbsp;<strong>Javier Milei<\/strong>, algo que inquieta de igual modo al kirchnerismo. El punto es si su candidatura queda te\u00f1ida exclusivamente por el sello de Macri. Es un tema para su estrategia y, al mismo tiempo, un interrogante sobre el modo en que&nbsp;<strong>se manejar\u00e1 el ex presidente m\u00e1s all\u00e1 del enojo inicial<\/strong>.<\/p>\n\n\n\n<p>La pelea en el PRO alcanz\u00f3 para correr por unos d\u00edas el foco de la interna oficialista. De todos modos,&nbsp;<strong>ma\u00f1ana recuperar\u00e1 la primera l\u00ednea<\/strong>. La C\u00e1mpora y otros espacios del kirchnerismo duro marchar\u00e1n a Tribunales para&nbsp;<strong>reanimar su ofensiva sobre la Corte Suprema y la justicia en el general<\/strong>. Otra vez, hablar\u00e1n de \u201cmafia judicial\u201d y la consigna \u201cromper la proscripci\u00f3n\u201d volver\u00e1 al centro del discurso&nbsp;<strong>en respaldo de CFK<\/strong>.<\/p>\n\n\n\n<p>El kirchnerismo, sin embargo,&nbsp;<strong>no termina de cocinar su estrategia electoral<\/strong>. Algunas cosas est\u00e1n claras: quieren dejar totalmente fuera de juego a Alberto Fern\u00e1ndez y blindar la provincia de Buenos Aires para las PASO, que parece por ahora un partido inevitable. Igual, buscar\u00e1n dejar sin margen alguno al Presidente en territorio bonaerense.&nbsp;<strong>\u00bfCFK 2023?<\/strong>&nbsp;Nadie est\u00e1 en condiciones de jurar cu\u00e1l es el plan personal de la ex presidente, fuera de lo dicho:&nbsp;<strong>conservar el poder en el frente oficialista<\/strong>. La pelea por la candidatura principal no depende s\u00f3lo de eso,&nbsp;<strong>sino adem\u00e1s del andar de la econom\u00eda<\/strong>.<\/p>\n\n\n\n<p>Es curioso, porque la exposici\u00f3n del oficialismo parece sin conexi\u00f3n efectiva con el factor que m\u00e1s lo inquieta. Un d\u00eda despu\u00e9s de la concentraci\u00f3n frente a Tribunales, el INDEC informar\u00e1&nbsp;<strong>la inflaci\u00f3n de marzo<\/strong>. Los datos conocidos en estos d\u00edas y las estimaciones de consultoras privadas hablan de un IPC por encima de la marca de febrero, que fue del&nbsp;<strong>6,6%<\/strong>. Y las proyecciones de los primeros d\u00edas de abril&nbsp;<strong>son inquietantes<\/strong>.<\/p>\n\n\n\n<p>El rengl\u00f3n m\u00e1s grave seguir\u00eda siendo el de alimentos y bebidas. Seg\u00fan el IPC de la Ciudad de Buenos Aires, marzo marc\u00f3\u00a0<strong>7,1%<\/strong>\u00a0en general y\u00a0<strong>9,1%<\/strong>\u00a0en ese rubro. Otro relevamiento, de la UMET -vinculada al peronismo porte\u00f1o- anot\u00f3\u00a0<strong>7,5%<\/strong>\u00a0y\u00a0<strong>8,3%<\/strong>. Esa es el trazo m\u00e1s visible en el cuadro econ\u00f3mico.<\/p>\n\n\n\n<p>Fuente: Infobae<\/p>\n","protected":false},"excerpt":{"rendered":"<div class=\"mh-excerpt\"><p>Esta semana va a redondear una imagen, parcial pero potente, de&nbsp;contradicciones en medio de la crisis. El arranque -sin final a la vista- est\u00e1 tomado por&nbsp;la peor y a la vez crucial&nbsp;batalla en el interior del PRO, con sus estribaciones entre los otros socios de la coalici\u00f3n opositora. El kirchnerismo, sin claridad sobre la estrategia electoral pero concentrado en mantener el poder interno,&nbsp;vuelve a cargar en la calle contra la Justicia. Y lo que viene como se\u00f1al de la econom\u00eda es&nbsp;un nuevo dato alarmante sobre la inflaci\u00f3n, con especial impacto en los rubros&nbsp;m\u00e1s sensibles de consumo. No es novedad el <a class=\"mh-excerpt-more\" href=\"http:\/\/dsrmedios.com.ar\/diario\/archivos\/30724\" title=\"El PRO encara su peor batalla y el kirchnerismo recarga la interna: todos aceleran en medio de la crisis\">[Leer m\u00e1s]<\/a><\/p>\n<\/div>","protected":false},"author":6,"featured_media":30595,"comment_status":"open","ping_status":"closed","sticky":false,"template":"","format":"standard","meta":{"_jetpack_newsletter_access":""},"categories":[6],"tags":[],"jetpack_featured_media_url":"http:\/\/dsrmedios.com.ar\/diario\/wp-content\/uploads\/2023\/04\/147618_620.jpg","jetpack_sharing_enabled":true,"jetpack_shortlink":"https:\/\/wp.me\/p9fihK-7Zy","_links":{"self":[{"href":"http:\/\/dsrmedios.com.ar\/diario\/wp-json\/wp\/v2\/posts\/30724"}],"collection":[{"href":"http:\/\/dsrmedios.com.ar\/diario\/wp-json\/wp\/v2\/posts"}],"about":[{"href":"http:\/\/dsrmedios.com.ar\/diario\/wp-json\/wp\/v2\/types\/post"}],"author":[{"embeddable":true,"href":"http:\/\/dsrmedios.com.ar\/diario\/wp-json\/wp\/v2\/users\/6"}],"replies":[{"embeddable":true,"href":"http:\/\/dsrmedios.com.ar\/diario\/wp-json\/wp\/v2\/comments?post=30724"}],"version-history":[{"count":1,"href":"http:\/\/dsrmedios.com.ar\/diario\/wp-json\/wp\/v2\/posts\/30724\/revisions"}],"predecessor-version":[{"id":30726,"href":"http:\/\/dsrmedios.com.ar\/diario\/wp-json\/wp\/v2\/posts\/30724\/revisions\/30726"}],"wp:featuredmedia":[{"embeddable":true,"href":"http:\/\/dsrmedios.com.ar\/diario\/wp-json\/wp\/v2\/media\/30595"}],"wp:attachment":[{"href":"http:\/\/dsrmedios.com.ar\/diario\/wp-json\/wp\/v2\/media?parent=30724"}],"wp:term":[{"taxonomy":"category","embeddable":true,"href":"http:\/\/dsrmedios.com.ar\/diario\/wp-json\/wp\/v2\/categories?post=30724"},{"taxonomy":"post_tag","embeddable":true,"href":"http:\/\/dsrmedios.com.ar\/diario\/wp-json\/wp\/v2\/tags?post=30724"}],"curies":[{"name":"wp","href":"https:\/\/api.w.org\/{rel}","templated":true}]}}