{"id":30714,"date":"2023-04-11T18:38:17","date_gmt":"2023-04-11T21:38:17","guid":{"rendered":"http:\/\/dsrmedios.com.ar\/diario\/?p=30714"},"modified":"2023-04-11T18:38:20","modified_gmt":"2023-04-11T21:38:20","slug":"precios-justos-se-extiende-el-acuerdo-de-la-carne-hasta-fin-de-mes","status":"publish","type":"post","link":"http:\/\/dsrmedios.com.ar\/diario\/archivos\/30714","title":{"rendered":"Precios Justos: se extiende el acuerdo de la carne hasta fin de mes"},"content":{"rendered":"\n<p>El secretario de Comercio de la Naci\u00f3n,&nbsp;<strong>Mat\u00edas Tombolini<\/strong>, anunci\u00f3 que los acuerdos de<strong>&nbsp;Precios Justos&nbsp;<\/strong>para la carne se extender\u00e1 hasta el 30 de abril.<\/p>\n\n\n\n<p><strong>Este programa que incluye 7 cortes de carne populares<\/strong>, consiste en un acuerdo voluntario con las empresas exportadoras, nucleadas en las c\u00e1maras ABC, UNICA y FIFRA, que establece una pauta promedio de precios del 3,2% mensual hasta el 30 de junio. Tambi\u00e9n forman parte del acuerdo los supermercados e hipermercados de las c\u00e1maras ASU, CAS y FASA y carnicer\u00edas adheridas.<\/p>\n\n\n\n<p>Los cortes incluidos y a los precios pactados se consiguen en todo el pa\u00eds, en las grandes cadenas de supermercados, en supermercados regionales y en carnicer\u00edas adheridas al programa.<\/p>\n\n\n\n<h2>Precios Justos: cu\u00e1nto sale cada corte<\/h2>\n\n\n\n<ul>\n<li>Asado: $1.068 el kilo<\/li>\n\n\n\n<li>Nalga: $1.419 el kilo<\/li>\n\n\n\n<li>Matambre $1.352 el kilo<\/li>\n\n\n\n<li>Vac\u00edo $1.394 el kilo<\/li>\n\n\n\n<li>Falda $697 el kilo<\/li>\n\n\n\n<li>Paleta $1.149 el kilo<\/li>\n\n\n\n<li>Tapa de asado $1.068 el kilo<\/li>\n<\/ul>\n\n\n\n<p>Fuente: minutouno<\/p>\n\n\n\n<p><\/p>\n","protected":false},"excerpt":{"rendered":"<div class=\"mh-excerpt\"><p>El secretario de Comercio de la Naci\u00f3n,&nbsp;Mat\u00edas Tombolini, anunci\u00f3 que los acuerdos de&nbsp;Precios Justos&nbsp;para la carne se extender\u00e1 hasta el 30 de abril. Este programa que incluye 7 cortes de carne populares, consiste en un acuerdo voluntario con las empresas exportadoras, nucleadas en las c\u00e1maras ABC, UNICA y FIFRA, que establece una pauta promedio de precios del 3,2% mensual hasta el 30 de junio. Tambi\u00e9n forman parte del acuerdo los supermercados e hipermercados de las c\u00e1maras ASU, CAS y FASA y carnicer\u00edas adheridas. Los cortes incluidos y a los precios pactados se consiguen en todo el pa\u00eds, en las grandes <a class=\"mh-excerpt-more\" href=\"http:\/\/dsrmedios.com.ar\/diario\/archivos\/30714\" title=\"Precios Justos: se extiende el acuerdo de la carne hasta fin de mes\">[Leer m\u00e1s]<\/a><\/p>\n<\/div>","protected":false},"author":6,"featured_media":17330,"comment_status":"open","ping_status":"closed","sticky":false,"template":"","format":"standard","meta":{"_jetpack_newsletter_access":""},"categories":[6],"tags":[],"jetpack_featured_media_url":"http:\/\/dsrmedios.com.ar\/diario\/wp-content\/uploads\/2020\/02\/precioscuidados.jpg","jetpack_sharing_enabled":true,"jetpack_shortlink":"https:\/\/wp.me\/p9fihK-7Zo","_links":{"self":[{"href":"http:\/\/dsrmedios.com.ar\/diario\/wp-json\/wp\/v2\/posts\/30714"}],"collection":[{"href":"http:\/\/dsrmedios.com.ar\/diario\/wp-json\/wp\/v2\/posts"}],"about":[{"href":"http:\/\/dsrmedios.com.ar\/diario\/wp-json\/wp\/v2\/types\/post"}],"author":[{"embeddable":true,"href":"http:\/\/dsrmedios.com.ar\/diario\/wp-json\/wp\/v2\/users\/6"}],"replies":[{"embeddable":true,"href":"http:\/\/dsrmedios.com.ar\/diario\/wp-json\/wp\/v2\/comments?post=30714"}],"version-history":[{"count":1,"href":"http:\/\/dsrmedios.com.ar\/diario\/wp-json\/wp\/v2\/posts\/30714\/revisions"}],"predecessor-version":[{"id":30715,"href":"http:\/\/dsrmedios.com.ar\/diario\/wp-json\/wp\/v2\/posts\/30714\/revisions\/30715"}],"wp:featuredmedia":[{"embeddable":true,"href":"http:\/\/dsrmedios.com.ar\/diario\/wp-json\/wp\/v2\/media\/17330"}],"wp:attachment":[{"href":"http:\/\/dsrmedios.com.ar\/diario\/wp-json\/wp\/v2\/media?parent=30714"}],"wp:term":[{"taxonomy":"category","embeddable":true,"href":"http:\/\/dsrmedios.com.ar\/diario\/wp-json\/wp\/v2\/categories?post=30714"},{"taxonomy":"post_tag","embeddable":true,"href":"http:\/\/dsrmedios.com.ar\/diario\/wp-json\/wp\/v2\/tags?post=30714"}],"curies":[{"name":"wp","href":"https:\/\/api.w.org\/{rel}","templated":true}]}}