{"id":30706,"date":"2023-04-11T09:03:00","date_gmt":"2023-04-11T12:03:00","guid":{"rendered":"http:\/\/dsrmedios.com.ar\/diario\/?p=30706"},"modified":"2023-04-11T09:03:03","modified_gmt":"2023-04-11T12:03:03","slug":"juicio-politico-a-la-corte-suprema-diputados-retoma-sus-audiencias-en-comision","status":"publish","type":"post","link":"http:\/\/dsrmedios.com.ar\/diario\/archivos\/30706","title":{"rendered":"Juicio pol\u00edtico a la Corte Suprema:\u00a0Diputados retoma sus audiencias en Comisi\u00f3n"},"content":{"rendered":"\n<p>Este&nbsp;<strong>martes<\/strong>, desde las&nbsp;<strong>13<\/strong>, la&nbsp;<strong>Comisi\u00f3n de Juicio Pol\u00edtico<\/strong>&nbsp;de la&nbsp;<strong>C\u00e1mara de Diputados<\/strong>&nbsp;retoma sus&nbsp;<a href=\"https:\/\/www.canal26.com\/politica\/cuarta-jornada-de-testigos-en-el-juicio-politico-a-la-corte-suprema--338400\" target=\"_blank\" rel=\"noreferrer noopener\">audiencias<\/a>&nbsp;tras los feriados de Semana Santa con una nueva citaci\u00f3n al exministro de Justicia del macrismo&nbsp;<strong>Germ\u00e1n&nbsp;<\/strong><strong>Garavano<\/strong>, quien anunci\u00f3 que concurrir\u00eda a exponer ante los legisladores en el marco del proceso para someter a juicio pol\u00edtico a los cuatro integrantes de la&nbsp;<strong>Corte Suprema<\/strong>&nbsp;que se inici\u00f3 en febrero pasado.<\/p>\n\n\n\n<p><strong>Garavano<\/strong>, que se hab\u00eda ausentado en una anterior convocatoria,&nbsp;<strong>confirm\u00f3 su presencia<\/strong>&nbsp;y asistir\u00eda a exponer frente a los diputados ante la comisi\u00f3n que preside&nbsp;<strong>Carolina Gaillard<\/strong>, del&nbsp;<strong>Frente de Todos (FdT)<\/strong>.<\/p>\n\n\n\n<p>Tambi\u00e9n confirm\u00f3 su presencia la&nbsp;<strong>titular de Abuelas de Plaza de Mayo, Estela Carlotto.<\/strong><\/p>\n\n\n\n<p>La comisi\u00f3n cit\u00f3 adem\u00e1s para hoy a los periodistas<strong>&nbsp;Irina Hauser, Luciana Bertoia, Mart\u00edn Granovsky, Silvana Boschi&nbsp;<\/strong>e<strong>&nbsp;Ignacio Miri.<\/strong><\/p>\n\n\n\n<p>Desde que se inici\u00f3 el a\u00f1o parlamentario, la&nbsp;<strong>Comisi\u00f3n de Juicio Pol\u00edtico<\/strong>&nbsp;fue una de las m\u00e1s activas de la&nbsp;<strong>C\u00e1mara baja<\/strong>&nbsp;con la apertura del proceso contra los jueces de la<strong>&nbsp;Corte Suprema -Horacio Rosatti, Carlos Rosenkrantz, Juan Carlos Maqueda y Ricardo Lorenzetti-<\/strong>&nbsp;y recibi\u00f3 varios testigos como parte del proceso de remoci\u00f3n iniciado a principios de febrero.<\/p>\n\n\n\n<p>En la convocatoria para hoy, la comisi\u00f3n cit\u00f3 a varios periodistas, a propuesta del FdT, para que ratifiquen lo expresado en art\u00edculos period\u00edsticos sobre la secuencia que precedi\u00f3 al&nbsp;<strong>&#8220;fallo Mui\u00f1a&#8221; (2&#215;1) de la Corte<\/strong>, con el aval de tres de los cinco magistrados que en ese momento integraban el m\u00e1ximo tribunal.<\/p>\n\n\n\n<p><img decoding=\"async\" src=\"https:\/\/www.canal26.com\/media\/image\/2023\/02\/10\/532542.jpg\" alt=\"Corte Suprema. Foto: NA\"><em><strong>Corte Suprema de Justicia. Foto: NA.<\/strong><\/em><\/p>\n\n\n\n<p>Se trata de una&nbsp;<strong>nueva reuni\u00f3n testimonial de la Comisi\u00f3n de Juicio Pol\u00edtico<\/strong>&nbsp;que analiza la conducta de esos magistrados.&nbsp;<strong>Garavano<\/strong>&nbsp;hab\u00eda sido citado a declarar como testigo en la \u00faltima reuni\u00f3n del cuerpo, pero envi\u00f3 una nota en la cual hab\u00eda anunciado la&nbsp;<strong>&#8220;imposibilidad de concurrir&#8221;<\/strong>&nbsp;y pidi\u00f3 reprogramar la audiencia.<\/p>\n\n\n\n<p>El&nbsp;<strong>26 de enero<\/strong>&nbsp;pasado, la&nbsp;<strong>C\u00e1mara de Diputados<\/strong>&nbsp;abri\u00f3 el debate en comisi\u00f3n sobre los 14 proyectos que planteaban el juicio pol\u00edtico a los miembros de la Corte Suprema por distintas causales, entre ellas haber dictado el fallo para aplicar el principio del 2&#215;1 a represores condenados o haber resuelto en beneficio de la ciudad de Buenos Aires la controversia por los fondos coparticipables adicionales que el expresidente Mauricio Macri redirigi\u00f3 al distrito porte\u00f1o en 2016.<\/p>\n\n\n\n<p>El proceso se inici\u00f3 el<strong>&nbsp;9 de febrero<\/strong>&nbsp;con la admisibilidad de los expedientes que se tramitan contra los integrantes de la&nbsp;<strong>Corte Suprema<\/strong>, luego de que el<strong>&nbsp;FdT<\/strong>&nbsp;consiguiera imponer su mayor\u00eda para aprobar en la comisi\u00f3n la apertura del sumario y la acumulaci\u00f3n de pruebas que sostengan la acusaci\u00f3n contra&nbsp;<strong>Rosatti, Rosenkrantz, Maqueda y Lorenzetti.<\/strong><\/p>\n\n\n\n<p>En tanto, para el\u00a0<strong>pr\u00f3ximo jueves<\/strong>\u00a0fue convocada una\u00a0<strong>marcha hacia Tribunales<\/strong>\u00a0-en el cruce de las calles\u00a0<strong>Talcahuano y Lavalle<\/strong>, de esta capital- bajo el lema\u00a0<strong>&#8220;Democracia o mafia judicial&#8221;<\/strong>\u00a0y en rechazo a la &#8220;proscripci\u00f3n&#8221; de la vicepresidenta<strong>\u00a0Cristina Fern\u00e1ndez de Kirchner.<\/strong><\/p>\n\n\n\n<p>Fuente: DIARIO26<\/p>\n","protected":false},"excerpt":{"rendered":"<div class=\"mh-excerpt\"><p>Este&nbsp;martes, desde las&nbsp;13, la&nbsp;Comisi\u00f3n de Juicio Pol\u00edtico&nbsp;de la&nbsp;C\u00e1mara de Diputados&nbsp;retoma sus&nbsp;audiencias&nbsp;tras los feriados de Semana Santa con una nueva citaci\u00f3n al exministro de Justicia del macrismo&nbsp;Germ\u00e1n&nbsp;Garavano, quien anunci\u00f3 que concurrir\u00eda a exponer ante los legisladores en el marco del proceso para someter a juicio pol\u00edtico a los cuatro integrantes de la&nbsp;Corte Suprema&nbsp;que se inici\u00f3 en febrero pasado. Garavano, que se hab\u00eda ausentado en una anterior convocatoria,&nbsp;confirm\u00f3 su presencia&nbsp;y asistir\u00eda a exponer frente a los diputados ante la comisi\u00f3n que preside&nbsp;Carolina Gaillard, del&nbsp;Frente de Todos (FdT). Tambi\u00e9n confirm\u00f3 su presencia la&nbsp;titular de Abuelas de Plaza de Mayo, Estela Carlotto. La comisi\u00f3n <a class=\"mh-excerpt-more\" href=\"http:\/\/dsrmedios.com.ar\/diario\/archivos\/30706\" title=\"Juicio pol\u00edtico a la Corte Suprema:\u00a0Diputados retoma sus audiencias en Comisi\u00f3n\">[Leer m\u00e1s]<\/a><\/p>\n<\/div>","protected":false},"author":6,"featured_media":30707,"comment_status":"open","ping_status":"closed","sticky":false,"template":"","format":"standard","meta":{"_jetpack_newsletter_access":""},"categories":[6],"tags":[],"jetpack_featured_media_url":"http:\/\/dsrmedios.com.ar\/diario\/wp-content\/uploads\/2023\/04\/descarga-2.jpg","jetpack_sharing_enabled":true,"jetpack_shortlink":"https:\/\/wp.me\/p9fihK-7Zg","_links":{"self":[{"href":"http:\/\/dsrmedios.com.ar\/diario\/wp-json\/wp\/v2\/posts\/30706"}],"collection":[{"href":"http:\/\/dsrmedios.com.ar\/diario\/wp-json\/wp\/v2\/posts"}],"about":[{"href":"http:\/\/dsrmedios.com.ar\/diario\/wp-json\/wp\/v2\/types\/post"}],"author":[{"embeddable":true,"href":"http:\/\/dsrmedios.com.ar\/diario\/wp-json\/wp\/v2\/users\/6"}],"replies":[{"embeddable":true,"href":"http:\/\/dsrmedios.com.ar\/diario\/wp-json\/wp\/v2\/comments?post=30706"}],"version-history":[{"count":1,"href":"http:\/\/dsrmedios.com.ar\/diario\/wp-json\/wp\/v2\/posts\/30706\/revisions"}],"predecessor-version":[{"id":30708,"href":"http:\/\/dsrmedios.com.ar\/diario\/wp-json\/wp\/v2\/posts\/30706\/revisions\/30708"}],"wp:featuredmedia":[{"embeddable":true,"href":"http:\/\/dsrmedios.com.ar\/diario\/wp-json\/wp\/v2\/media\/30707"}],"wp:attachment":[{"href":"http:\/\/dsrmedios.com.ar\/diario\/wp-json\/wp\/v2\/media?parent=30706"}],"wp:term":[{"taxonomy":"category","embeddable":true,"href":"http:\/\/dsrmedios.com.ar\/diario\/wp-json\/wp\/v2\/categories?post=30706"},{"taxonomy":"post_tag","embeddable":true,"href":"http:\/\/dsrmedios.com.ar\/diario\/wp-json\/wp\/v2\/tags?post=30706"}],"curies":[{"name":"wp","href":"https:\/\/api.w.org\/{rel}","templated":true}]}}