{"id":30698,"date":"2023-04-11T08:56:37","date_gmt":"2023-04-11T11:56:37","guid":{"rendered":"http:\/\/dsrmedios.com.ar\/diario\/?p=30698"},"modified":"2023-04-11T08:56:40","modified_gmt":"2023-04-11T11:56:40","slug":"agresion-a-berni-desestiman-denuncia-por-plan-orquestado-contra-el-ministro","status":"publish","type":"post","link":"http:\/\/dsrmedios.com.ar\/diario\/archivos\/30698","title":{"rendered":"Agresi\u00f3n a Berni: desestiman denuncia por &#8220;plan orquestado&#8221; contra el Ministro"},"content":{"rendered":"\n<p>El fiscal&nbsp;<strong>Guillermo Mariju\u00e1n&nbsp;<\/strong>pidi\u00f3 desestimar la denuncia presentada en Comodoro Py por un supuesto complot o plan contra el ministro de Seguridad bonaerense&nbsp;<strong>Sergio Berni&nbsp;<\/strong>en el marco de las agresiones que sufri\u00f3 tras el asesinato del chofer de colectivos&nbsp;<strong>Daniel Barrientos<\/strong>.<\/p>\n\n\n\n<p>La denuncia la hab\u00eda realizado la abogada&nbsp;<strong>Valeria Carreras<\/strong>&nbsp;por un supuesto plan orquestado apuntando a sectores liderados por&nbsp;<strong>Patricia Bullrich<\/strong>.<\/p>\n\n\n\n<p>La presentaci\u00f3n de la letrada fue desestimada por el fiscal Mariju\u00e1n al sostener que &#8220;la denuncia de la Dra. Carreras no contiene la relaci\u00f3n de un hecho, con las circunstancias del lugar, tiempo y modo de ejecuci\u00f3n, sino que se remite a sucesos que conforman objeto de otras investigaciones, a los que les otorga una calificaci\u00f3n, mencion\u00e1ndolos como constitutivos de los delitos previstos en los art\u00edculos 211 y 212 del C\u00f3digo Penal, sin aportar un desarrollo que le otorgue fundamento&#8221;.<\/p>\n\n\n\n<p>Y sigui\u00f3: &#8220;Por el contrario,&nbsp;nos hallamos frente a una alegaci\u00f3n de consideraciones de la denunciante que contiene conclusiones de sus premisas sobre la intervenci\u00f3n de sujetos en otras causas, carente de basamento probatorio&nbsp;y que ensaya una adecuaci\u00f3n t\u00edpica en delitos de competencia federal a partir de la presunta autor\u00eda intelectual de un l\u00edder pol\u00edtico en los eventos que se investigan en otras jurisdicciones\u201d.<\/p>\n\n\n\n<p>\u201cDe considerarse que detr\u00e1s del asesinato del Sr. Daniel Barrientos existi\u00f3 un complot en contra del gobierno de la provincia de Buenos Aires, las presentaciones sobre la intervenci\u00f3n de sujetos en cualquiera de las formas de autor\u00eda y participaci\u00f3n en aquel delito, deben ser presentadas ante la sede judicial correspondiente de la provincia de Buenos Aires, donde deber\u00e1n aportarse las pruebas que la denunciante considere para colaborar con la familia de la v\u00edctima y el Ministerio Publico Fiscal, en el camino hacia la averiguaci\u00f3n de la verdad\u201d.<\/p>\n\n\n\n<p>Fuente: Minutouno<\/p>\n","protected":false},"excerpt":{"rendered":"<div class=\"mh-excerpt\"><p>El fiscal&nbsp;Guillermo Mariju\u00e1n&nbsp;pidi\u00f3 desestimar la denuncia presentada en Comodoro Py por un supuesto complot o plan contra el ministro de Seguridad bonaerense&nbsp;Sergio Berni&nbsp;en el marco de las agresiones que sufri\u00f3 tras el asesinato del chofer de colectivos&nbsp;Daniel Barrientos. La denuncia la hab\u00eda realizado la abogada&nbsp;Valeria Carreras&nbsp;por un supuesto plan orquestado apuntando a sectores liderados por&nbsp;Patricia Bullrich. La presentaci\u00f3n de la letrada fue desestimada por el fiscal Mariju\u00e1n al sostener que &#8220;la denuncia de la Dra. Carreras no contiene la relaci\u00f3n de un hecho, con las circunstancias del lugar, tiempo y modo de ejecuci\u00f3n, sino que se remite a sucesos que <a class=\"mh-excerpt-more\" href=\"http:\/\/dsrmedios.com.ar\/diario\/archivos\/30698\" title=\"Agresi\u00f3n a Berni: desestiman denuncia por &#8220;plan orquestado&#8221; contra el Ministro\">[Leer m\u00e1s]<\/a><\/p>\n<\/div>","protected":false},"author":6,"featured_media":27543,"comment_status":"open","ping_status":"closed","sticky":false,"template":"","format":"standard","meta":{"_jetpack_newsletter_access":""},"categories":[6],"tags":[],"jetpack_featured_media_url":"http:\/\/dsrmedios.com.ar\/diario\/wp-content\/uploads\/2022\/03\/berni.jpg","jetpack_sharing_enabled":true,"jetpack_shortlink":"https:\/\/wp.me\/p9fihK-7Z8","_links":{"self":[{"href":"http:\/\/dsrmedios.com.ar\/diario\/wp-json\/wp\/v2\/posts\/30698"}],"collection":[{"href":"http:\/\/dsrmedios.com.ar\/diario\/wp-json\/wp\/v2\/posts"}],"about":[{"href":"http:\/\/dsrmedios.com.ar\/diario\/wp-json\/wp\/v2\/types\/post"}],"author":[{"embeddable":true,"href":"http:\/\/dsrmedios.com.ar\/diario\/wp-json\/wp\/v2\/users\/6"}],"replies":[{"embeddable":true,"href":"http:\/\/dsrmedios.com.ar\/diario\/wp-json\/wp\/v2\/comments?post=30698"}],"version-history":[{"count":1,"href":"http:\/\/dsrmedios.com.ar\/diario\/wp-json\/wp\/v2\/posts\/30698\/revisions"}],"predecessor-version":[{"id":30699,"href":"http:\/\/dsrmedios.com.ar\/diario\/wp-json\/wp\/v2\/posts\/30698\/revisions\/30699"}],"wp:featuredmedia":[{"embeddable":true,"href":"http:\/\/dsrmedios.com.ar\/diario\/wp-json\/wp\/v2\/media\/27543"}],"wp:attachment":[{"href":"http:\/\/dsrmedios.com.ar\/diario\/wp-json\/wp\/v2\/media?parent=30698"}],"wp:term":[{"taxonomy":"category","embeddable":true,"href":"http:\/\/dsrmedios.com.ar\/diario\/wp-json\/wp\/v2\/categories?post=30698"},{"taxonomy":"post_tag","embeddable":true,"href":"http:\/\/dsrmedios.com.ar\/diario\/wp-json\/wp\/v2\/tags?post=30698"}],"curies":[{"name":"wp","href":"https:\/\/api.w.org\/{rel}","templated":true}]}}