{"id":30683,"date":"2023-04-11T07:36:57","date_gmt":"2023-04-11T10:36:57","guid":{"rendered":"http:\/\/dsrmedios.com.ar\/diario\/?p=30683"},"modified":"2023-04-11T07:37:00","modified_gmt":"2023-04-11T10:37:00","slug":"sergio-berni-se-reunira-con-anibal-fernandez-tras-los-encontronazos-por-la-inseguridad-en-el-conurbano","status":"publish","type":"post","link":"http:\/\/dsrmedios.com.ar\/diario\/archivos\/30683","title":{"rendered":"Sergio Berni se reunir\u00e1 con An\u00edbal Fern\u00e1ndez tras los encontronazos por la inseguridad en el conurbano"},"content":{"rendered":"\n<p>Tras la pol\u00e9mica generada por la<a href=\"https:\/\/tn.com.ar\/politica\/2023\/04\/05\/anibal-fernandez-fulmino-a-axel-kicillof-por-la-gestion-de-la-inseguridad-y-crece-la-interna-oficialista\/\" target=\"_blank\" rel=\"noreferrer noopener\"><strong>ausencia de fuerzas federales en el conurbano<\/strong><\/a>&nbsp;bonaerense, el gobierno nacional y la administraci\u00f3n provincial volver\u00e1n a sentarse en una misma mesa para discutir el env\u00edo de refuerzos a los municipios. All\u00ed estar\u00e1n los secretarios de Seguridad de los distritos, como as\u00ed tambi\u00e9n los ministros del \u00e1rea. S\u00ed, asistir\u00e1n tanto&nbsp;<a href=\"https:\/\/tn.com.ar\/politica\/2023\/04\/08\/anibal-fernandez-cruzo-a-de-pedro-y-larroque-y-crece-la-interna-con-el-kirchnerismo-no-trabajaron-nunca\/\" target=\"_blank\" rel=\"noreferrer noopener\"><strong>An\u00edbal Fern\u00e1ndez<\/strong><\/a>&nbsp;como&nbsp;<a href=\"https:\/\/tn.com.ar\/politica\/2023\/04\/07\/para-contener-a-los-choferes-kicillof-promete-reforzar-puestos-policiales-y-poner-camaras-en-los-colectivos\/\" target=\"_blank\" rel=\"noreferrer noopener\"><strong>Sergio Berni<\/strong><\/a>, luego de los diversos encontronazos que protagonizaron en el \u00faltimo tiempo.<\/p>\n\n\n\n<p>En este sentido, este martes habr\u00e1 una nueva reuni\u00f3n para empezar a acordar el despliegue de efectivos de fuerzas federales a trav\u00e9s de los Comandos Unificados Conurbano (CUC). Se trata de cinco centros operativos en que operar\u00e1n en La Plata, La Matanza, Tigre, Pilar y Avellaneda, pero con intervenci\u00f3n en todos los distritos del Gran Buenos Aires. El CUC fue oficializado a fines de marzo por el Gobierno nacional luego del pedido de los intendentes, a trav\u00e9s de una presentaci\u00f3n que le hicieron al presidente\u00a0<a rel=\"noreferrer noopener\" href=\"https:\/\/tn.com.ar\/politica\/2023\/04\/09\/el-plan-del-kirchnerismo-para-las-paso-desmarcarse-de-los-errores-del-gobierno-y-aislar-a-alberto-fernandez\/\" target=\"_blank\"><strong>Alberto Fern\u00e1ndez<\/strong><\/a>a fines del a\u00f1o pasado.<\/p>\n\n\n\n<p>El martes participar\u00e1n representantes de los municipios que estar\u00e1n alcanzados por el Comando 2, que incluye a los distritos de Tigre, San Fernando, San Isidro, Vicente L\u00f3pez, San Mart\u00edn, Tres de Febrero, Mor\u00f3n, Ituzaing\u00f3, Hurlingham, Merlo, Moreno, San Miguel, Jos\u00e9 C. Paz y Malvinas Argentinas; y por el Comando 5 que sonLa Plata, Berisso, Ensenada, Berazategui, Florencio Varela, Presidente Per\u00f3n, San Vicente y Ca\u00f1uelas. La reuni\u00f3n, dividida en dos bloques, est\u00e1 pautada para las 10 de la ma\u00f1ana.<\/p>\n\n\n\n<p>\u201cVamos con la mejor de todas las expectativas con la recepci\u00f3n de poder contar con cualquier tipo de apoyo en una emergencia cr\u00edtica que tenemos en materia de personal que no es de ahora. Es desde el mismo d\u00eda que asumimos\u201d, detall\u00f3 Berni a la salida de otra reuni\u00f3n que encabez\u00f3 junto al gobernador\u00a0<a rel=\"noreferrer noopener\" href=\"https:\/\/tn.com.ar\/politica\/2023\/04\/06\/el-gobierno-de-kicillof-insiste-en-que-hubo-infiltrados-en-el-ataque-a-berni-la-justicia-tiene-que-actuar\/\" target=\"_blank\"><strong>Axel Kicillof<\/strong><\/a><strong>,\u00a0<\/strong>el ministro de Transporte bonaerense,\u00a0<strong>Jorge D\u2019Onforio<\/strong>, y los representantes de c\u00e1maras empresariales de transporte en la gobernaci\u00f3n bonaerense.<\/p>\n\n\n\n<p>A la reuni\u00f3n convocada por Kicillof asistieron las cinco c\u00e1maras de transporte, representantes de los ministerios y referentes de la UTA. All\u00ed se acord\u00f3 conformar una mesa de trabajo para combatir la inseguridad en todo el territorio, en especial en el transporte p\u00fablico. La primera medida que tomar\u00e1n ser\u00e1 la&nbsp;<strong>activaci\u00f3n de las 1.800 c\u00e1maras de seguridad ya instaladas en los colectivos.<\/strong><\/p>\n\n\n\n<figure class=\"wp-block-image\"><img decoding=\"async\" src=\"https:\/\/tn.com.ar\/resizer\/RtnoU1TuQUN9w-iQQ-ZS4lkQkMY=\/767x0\/smart\/filters:format(webp)\/cloudfront-us-east-1.images.arcpublishing.com\/artear\/2UEXPXPZNVDPTDVHAQ4YRFKQQQ.jpg\" alt=\"Se busca activar todas las c\u00e1maras ya instaladas en los colectivos. (Foto: T\u00e9lam).\"\/><figcaption class=\"wp-element-caption\">Se busca activar todas las c\u00e1maras ya instaladas en los colectivos. (Foto: T\u00e9lam).<\/figcaption><\/figure>\n\n\n\n<p>Adem\u00e1s, otro de los pasos a seguir ser\u00e1&nbsp;<strong>multiplicar las c\u00e1maras de seguridad<\/strong>&nbsp;para que se instalen en la totalidad de los colectivos. Y como tercera medida ser\u00e1&nbsp;<strong>colocar botones antip\u00e1nico en todas las unidades&nbsp;<\/strong>que no cuenten con c\u00e1maras de vigilancia. \u201dArmamos un plan de trabajo para multiplicar las c\u00e1maras en los pr\u00f3ximos meses\u201d, sostuvo D\u2019Onofrio y agreg\u00f3: \u201cEsta infraestructura no solo nos sirve para identificar al agresor, sino tambi\u00e9n como elemento disuasivo\u201d.<\/p>\n\n\n\n<p>Y sentenci\u00f3: \u201cLo que tenemos claro es que la Provincia ha hecho un gran esfuerzo. Hay una cantidad importante de c\u00e1maras ya instaladas. La reuni\u00f3n de hoy no tiene que ver con establecer responsabilidades o intimar a nadie, sino que es sobre c\u00f3mo le mostramos a la sociedad que lo m\u00e1s r\u00e1pido posible vamos a tener estos instrumentos a disposici\u00f3n. Lo que s\u00ed est\u00e1 claro es que\u00a0<strong>no vamos a pagar dos veces por lo mismo\u201d.<\/strong><\/p>\n\n\n\n<p>Fuente: TN<\/p>\n","protected":false},"excerpt":{"rendered":"<div class=\"mh-excerpt\"><p>Tras la pol\u00e9mica generada por laausencia de fuerzas federales en el conurbano&nbsp;bonaerense, el gobierno nacional y la administraci\u00f3n provincial volver\u00e1n a sentarse en una misma mesa para discutir el env\u00edo de refuerzos a los municipios. All\u00ed estar\u00e1n los secretarios de Seguridad de los distritos, como as\u00ed tambi\u00e9n los ministros del \u00e1rea. S\u00ed, asistir\u00e1n tanto&nbsp;An\u00edbal Fern\u00e1ndez&nbsp;como&nbsp;Sergio Berni, luego de los diversos encontronazos que protagonizaron en el \u00faltimo tiempo. En este sentido, este martes habr\u00e1 una nueva reuni\u00f3n para empezar a acordar el despliegue de efectivos de fuerzas federales a trav\u00e9s de los Comandos Unificados Conurbano (CUC). Se trata de cinco centros <a class=\"mh-excerpt-more\" href=\"http:\/\/dsrmedios.com.ar\/diario\/archivos\/30683\" title=\"Sergio Berni se reunir\u00e1 con An\u00edbal Fern\u00e1ndez tras los encontronazos por la inseguridad en el conurbano\">[Leer m\u00e1s]<\/a><\/p>\n<\/div>","protected":false},"author":6,"featured_media":27543,"comment_status":"open","ping_status":"closed","sticky":false,"template":"","format":"standard","meta":{"_jetpack_newsletter_access":""},"categories":[6],"tags":[],"jetpack_featured_media_url":"http:\/\/dsrmedios.com.ar\/diario\/wp-content\/uploads\/2022\/03\/berni.jpg","jetpack_sharing_enabled":true,"jetpack_shortlink":"https:\/\/wp.me\/p9fihK-7YT","_links":{"self":[{"href":"http:\/\/dsrmedios.com.ar\/diario\/wp-json\/wp\/v2\/posts\/30683"}],"collection":[{"href":"http:\/\/dsrmedios.com.ar\/diario\/wp-json\/wp\/v2\/posts"}],"about":[{"href":"http:\/\/dsrmedios.com.ar\/diario\/wp-json\/wp\/v2\/types\/post"}],"author":[{"embeddable":true,"href":"http:\/\/dsrmedios.com.ar\/diario\/wp-json\/wp\/v2\/users\/6"}],"replies":[{"embeddable":true,"href":"http:\/\/dsrmedios.com.ar\/diario\/wp-json\/wp\/v2\/comments?post=30683"}],"version-history":[{"count":1,"href":"http:\/\/dsrmedios.com.ar\/diario\/wp-json\/wp\/v2\/posts\/30683\/revisions"}],"predecessor-version":[{"id":30684,"href":"http:\/\/dsrmedios.com.ar\/diario\/wp-json\/wp\/v2\/posts\/30683\/revisions\/30684"}],"wp:featuredmedia":[{"embeddable":true,"href":"http:\/\/dsrmedios.com.ar\/diario\/wp-json\/wp\/v2\/media\/27543"}],"wp:attachment":[{"href":"http:\/\/dsrmedios.com.ar\/diario\/wp-json\/wp\/v2\/media?parent=30683"}],"wp:term":[{"taxonomy":"category","embeddable":true,"href":"http:\/\/dsrmedios.com.ar\/diario\/wp-json\/wp\/v2\/categories?post=30683"},{"taxonomy":"post_tag","embeddable":true,"href":"http:\/\/dsrmedios.com.ar\/diario\/wp-json\/wp\/v2\/tags?post=30683"}],"curies":[{"name":"wp","href":"https:\/\/api.w.org\/{rel}","templated":true}]}}