{"id":30677,"date":"2023-04-11T07:28:43","date_gmt":"2023-04-11T10:28:43","guid":{"rendered":"http:\/\/dsrmedios.com.ar\/diario\/?p=30677"},"modified":"2023-04-11T07:28:46","modified_gmt":"2023-04-11T10:28:46","slug":"ultimos-dias-para-anotarse-en-el-programa-viaje-de-fin-de-curso-de-la-provincia-de-buenos-aires","status":"publish","type":"post","link":"http:\/\/dsrmedios.com.ar\/diario\/archivos\/30677","title":{"rendered":"\u00daltimos d\u00edas para anotarse en el programa Viaje de Fin de Curso de la provincia de Buenos Aires"},"content":{"rendered":"\n<p>El Ministerio de Producci\u00f3n, Ciencia e Innovaci\u00f3n Tecnol\u00f3gica bonaerense record\u00f3 este lunes que los estudiantes del \u00faltimo a\u00f1o de escuelas secundarias de gesti\u00f3n p\u00fablica y privada de la&nbsp;<strong>provincia de Buenos Aires<\/strong>&nbsp;podr\u00e1n inscribirse hasta el pr\u00f3ximo viernes en la edici\u00f3n 2023 del programa Viajes de Fin de Curso.<\/p>\n\n\n\n<p>Este a\u00f1o -en la temporada baja, desde agosto a septiembre- los estudiantes de la promoci\u00f3n 2023 van a compartir con su grupo un viaje de forma gratuita a destinos provinciales de playa, sierras, r\u00edos o lagunas, durante 4 d\u00edas y 3 noches con todo incluido: alojamiento, comidas, transporte y excursiones.<\/p>\n\n\n\n<p>&#8220;Los Viajes de Fin de Curso asignan recursos p\u00fablicos para impulsar la actividad econ\u00f3mica de comercios, hoteles, empresas de transporte, agencias y pymes&#8221;, detallaron desde ese Ministerio bonaerense.<\/p>\n\n\n\n<figure class=\"wp-block-image\"><img decoding=\"async\" src=\"https:\/\/media.minutouno.com\/p\/1b040dc4db043c3044c8217d2402a6eb\/adjuntos\/150\/imagenes\/040\/548\/0040548622\/viaje-egresados-buenos-airesjpg.jpg?2023-03-07-15-04-50\" alt=\"\"\/><\/figure>\n\n\n\n<p>&#8220;Adem\u00e1s, generan m\u00e1s producci\u00f3n y m\u00e1s trabajo, incentivan propuestas para el turismo juvenil, promueven la cultura tur\u00edstica y posibilitan la desestacionalizaci\u00f3n del sector, en el marco de la pol\u00edtica de turismo todo el a\u00f1o&#8221;, destacaron.<\/p>\n\n\n\n<p>A trav\u00e9s de esta pol\u00edtica p\u00fablica,&nbsp;en 2022 viajaron 120.000 j\u00f3venes bonaerenses y fueron beneficiadas 208 empresas ligadas a la actividad tur\u00edstica, ubicadas en 12 destinos bonaerenses.<\/p>\n\n\n\n<p>El impacto econ\u00f3mico total sobre las econom\u00edas regionales fue de 6.977 millones de pesos, contemplando tanto la inversi\u00f3n provincial como los gastos realizados voluntariamente por las y los estudiantes que disfrutaron de sus Viajes de Fin de Curso.<\/p>\n\n\n\n<p>Participaron j\u00f3venes de 3.891 escuelas de los 135 municipios, incluidos 1.300 estudiantes provenientes de 111 establecimientos secundarios de educaci\u00f3n especial.<\/p>\n\n\n\n<figure class=\"wp-block-image\"><img decoding=\"async\" src=\"https:\/\/media.minutouno.com\/p\/ea82db8b74f33d13c40bbe9d19d1b946\/adjuntos\/150\/imagenes\/040\/548\/0040548679\/viaje-egresados-buenos-airesjpg.jpg?2023-03-07-15-08-18\" alt=\"\"\/><\/figure>\n\n\n\n<h2>C\u00f3mo inscribirse<\/h2>\n\n\n\n<p>Para inscribirse en los Viajes de Fin de Curso en la Provincia, cada estudiante deber\u00e1 completar, en forma individual, el formulario de inscripci\u00f3n en el siguiente enlace:&nbsp;<a href=\"https:\/\/www.viajefindecurso.gba.gob.ar\/\" target=\"_blank\" rel=\"noreferrer noopener\">viajefindecurso.gba.gob.ar<\/a>, con fecha l\u00edmite el pr\u00f3ximo viernes.<\/p>\n\n\n\n<p>Si naciste despu\u00e9s del 1\u00b0 de agosto de 2005, para inscribirte un adulto responsable deber\u00e1 autorizarte con su DNI.<\/p>\n\n\n\n<p>Debes ingresar al sitio, crear un usuario y verificarlo con una cuenta de mail. Luego debes confirmar los datos de tu escuela.<\/p>\n\n\n\n<p>Fuente: Minutouno<\/p>\n","protected":false},"excerpt":{"rendered":"<div class=\"mh-excerpt\"><p>El Ministerio de Producci\u00f3n, Ciencia e Innovaci\u00f3n Tecnol\u00f3gica bonaerense record\u00f3 este lunes que los estudiantes del \u00faltimo a\u00f1o de escuelas secundarias de gesti\u00f3n p\u00fablica y privada de la&nbsp;provincia de Buenos Aires&nbsp;podr\u00e1n inscribirse hasta el pr\u00f3ximo viernes en la edici\u00f3n 2023 del programa Viajes de Fin de Curso. Este a\u00f1o -en la temporada baja, desde agosto a septiembre- los estudiantes de la promoci\u00f3n 2023 van a compartir con su grupo un viaje de forma gratuita a destinos provinciales de playa, sierras, r\u00edos o lagunas, durante 4 d\u00edas y 3 noches con todo incluido: alojamiento, comidas, transporte y excursiones. &#8220;Los Viajes de <a class=\"mh-excerpt-more\" href=\"http:\/\/dsrmedios.com.ar\/diario\/archivos\/30677\" title=\"\u00daltimos d\u00edas para anotarse en el programa Viaje de Fin de Curso de la provincia de Buenos Aires\">[Leer m\u00e1s]<\/a><\/p>\n<\/div>","protected":false},"author":6,"featured_media":30678,"comment_status":"open","ping_status":"closed","sticky":false,"template":"","format":"standard","meta":{"_jetpack_newsletter_access":""},"categories":[6],"tags":[],"jetpack_featured_media_url":"http:\/\/dsrmedios.com.ar\/diario\/wp-content\/uploads\/2023\/04\/0000544203.jpg","jetpack_sharing_enabled":true,"jetpack_shortlink":"https:\/\/wp.me\/p9fihK-7YN","_links":{"self":[{"href":"http:\/\/dsrmedios.com.ar\/diario\/wp-json\/wp\/v2\/posts\/30677"}],"collection":[{"href":"http:\/\/dsrmedios.com.ar\/diario\/wp-json\/wp\/v2\/posts"}],"about":[{"href":"http:\/\/dsrmedios.com.ar\/diario\/wp-json\/wp\/v2\/types\/post"}],"author":[{"embeddable":true,"href":"http:\/\/dsrmedios.com.ar\/diario\/wp-json\/wp\/v2\/users\/6"}],"replies":[{"embeddable":true,"href":"http:\/\/dsrmedios.com.ar\/diario\/wp-json\/wp\/v2\/comments?post=30677"}],"version-history":[{"count":1,"href":"http:\/\/dsrmedios.com.ar\/diario\/wp-json\/wp\/v2\/posts\/30677\/revisions"}],"predecessor-version":[{"id":30679,"href":"http:\/\/dsrmedios.com.ar\/diario\/wp-json\/wp\/v2\/posts\/30677\/revisions\/30679"}],"wp:featuredmedia":[{"embeddable":true,"href":"http:\/\/dsrmedios.com.ar\/diario\/wp-json\/wp\/v2\/media\/30678"}],"wp:attachment":[{"href":"http:\/\/dsrmedios.com.ar\/diario\/wp-json\/wp\/v2\/media?parent=30677"}],"wp:term":[{"taxonomy":"category","embeddable":true,"href":"http:\/\/dsrmedios.com.ar\/diario\/wp-json\/wp\/v2\/categories?post=30677"},{"taxonomy":"post_tag","embeddable":true,"href":"http:\/\/dsrmedios.com.ar\/diario\/wp-json\/wp\/v2\/tags?post=30677"}],"curies":[{"name":"wp","href":"https:\/\/api.w.org\/{rel}","templated":true}]}}