{"id":30670,"date":"2023-04-11T07:22:39","date_gmt":"2023-04-11T10:22:39","guid":{"rendered":"http:\/\/dsrmedios.com.ar\/diario\/?p=30670"},"modified":"2023-04-11T07:22:43","modified_gmt":"2023-04-11T10:22:43","slug":"la-igj-pidio-intervenir-la-fundacion-de-patricia-bullrich","status":"publish","type":"post","link":"http:\/\/dsrmedios.com.ar\/diario\/archivos\/30670","title":{"rendered":"La IGJ pidi\u00f3 intervenir la fundaci\u00f3n de Patricia Bullrich"},"content":{"rendered":"\n<p>La&nbsp;<strong>Inspecci\u00f3n General de Justicia (IGJ)<\/strong>&nbsp;resolvi\u00f3 &#8220;intervenir judicialmente&#8221; el Instituto de Estudios Estrat\u00e9gicos en Seguridad (IEES), fundaci\u00f3n que preside&nbsp;<strong>Patricia Bullrich<\/strong>, por haber &#8220;estructurado un sistema de ingresos y egresos&#8221; destinado a financiar acciones de proselitismo pol\u00edtico.<\/p>\n\n\n\n<p>&#8220;La IGJ resuelve encomendar al departamento de asuntos judiciales de esta IGJ la promoci\u00f3n, en forma inmediata, de la acci\u00f3n judicial de intervenci\u00f3n contra la persona jur\u00eddica denominada IEES, requiriendo el desplazamiento de los integrantes de su Comisi\u00f3n Directiva&#8221;, indic\u00f3 en un documento el organismo dependiente del Ministerio de Justicia.<\/p>\n\n\n\n<p>Tras investigar los movimientos dinerarios y actividades de sus directivos en 2022,&nbsp;<strong>la IGJ determin\u00f3 que se trata de &#8220;una asociaci\u00f3n sin fines lucrativos&#8221; a trav\u00e9s de la que se desplegaron actividades &#8220;presuntamente l\u00edcitas en origen&#8221; pero que tiene como fin &#8220;el sostenimiento econ\u00f3mico de una campa\u00f1a pol\u00edtica de proyecci\u00f3n nacional&#8221;.<\/strong><\/p>\n\n\n\n<p>&#8220;Bajo el amparo de una persona jur\u00eddica sin fines de lucro, se ha estructurado un sistema de ingresos y egresos destinado a financiar -en todo o en parte- acciones de proselitismo pol\u00edtico, en franca contradicci\u00f3n con el objeto social autorizado&#8221;, resalt\u00f3.<\/p>\n\n\n\n<p>Adem\u00e1s, apunt\u00f3 a los<strong>&nbsp;millonarios montos<\/strong>&nbsp;que recibi\u00f3 el IEES por &#8220;seminarios, almuerzos y\/o aportes&#8221; y los pagos por &#8220;viajes&#8221; -que se relacionan con la agenda pol\u00edtica de Bullrich- y facturas emitidas a &#8220;consultores pol\u00edticos&#8221; cercanos a la campa\u00f1a de la jefa del PRO.<\/p>\n\n\n\n<p>Sobre los ingresos por &#8220;seminarios&#8221;, detalla por lo menos 10 pagos recibidos de distintas personas que suman montos millonarios. El texto ejemplific\u00f3 el env\u00edo de dinero que realiz\u00f3 David Lacroze Ayerza a la fundaci\u00f3n, quien de junio a diciembre de 2022 hizo transferencias por &#8220;una cifra cercana a los $3.000.000&#8221; por &#8220;seminarios, almuerzos y\/o aportes&#8221;.<\/p>\n\n\n\n<p>La denuncia tambi\u00e9n tilda de &#8220;llamativo&#8221; el ingreso de $1.600.000 entre julio y octubre de ese mismo a\u00f1o de empresas como Cooperativa Empresa El\u00e9ctrica de Godoy Cruz como &#8220;aporte\/donaci\u00f3n&#8221; en julio y como &#8220;seminario&#8221; en los sucesivos meses, &#8220;siendo todos los pagos por el mismo monto&#8221;.<\/p>\n\n\n\n<p>El texto menciona casos de otras personas f\u00edsicas y empresas que enviaron pagos como &#8220;aportes, donaciones o pago de seminarios&#8221;.<\/p>\n\n\n\n<p>Tambi\u00e9n cuestiona el modo en que la fundaci\u00f3n &#8220;confecciona&#8221; sus facturas, ya que &#8220;se limita a consignar la palabra &#8216;seminario'&#8221; sin dar detalles. &#8220;Sin indicar fecha, ni lugar de realizaci\u00f3n, ni el nombre de la capacitaci\u00f3n, ni lugar de realizaci\u00f3n, ni el nombre de la capacitaci\u00f3n a desarrollar, como as\u00ed tampoco la cantidad de asistentes que tienen derecho a participar en nombre del contratante&#8221;, remarc\u00f3.<\/p>\n\n\n\n<p>Adem\u00e1s, la IGJ apunta a &#8220;la forma de difusi\u00f3n y promoci\u00f3n&#8221; que se realiz\u00f3 en torno a su &#8220;oferta educativa&#8221;, algo que el IEES dijo que es &#8220;v\u00eda telef\u00f3nica&#8221;.<\/p>\n\n\n\n<p>&#8220;Respuesta poco consistente con el \u00e9xito de la actividad durante el a\u00f1o 2022, per\u00edodo en el que han recibido ingresos en concepto de &#8216;seminario&#8217; por parte de unas cuatrocientas personas humanas y jur\u00eddicas de distintas zonas del pa\u00eds&#8221;, detalla el texto, y agrega que la fundaci\u00f3n recibi\u00f3 en contraprestaci\u00f3n &#8220;montos que superan los $60.000.000&#8221;.<\/p>\n\n\n\n<p>Adem\u00e1s se menciona una &#8220;evidente sincronizaci\u00f3n&#8221; entre las acciones pol\u00edticas de Bullrich y &#8220;los aportes y pagos en concepto de seminarios&#8221;.<\/p>\n\n\n\n<p>Seg\u00fan se ejemplific\u00f3, mediante notas period\u00edsticas que mencionan fuentes cercanas a la dirigente, Bullrich recorri\u00f3 en tono proselitista La Pampa y C\u00f3rdoba en junio de 2022, donde mantuvo &#8220;almuerzos&#8221; con dirigentes pol\u00edticos y empresarios.<\/p>\n\n\n\n<p>&#8220;Los ingresos del mes de junio del 2022 de la instituci\u00f3n liderada por Bullrich tuvieron una estrecha sinton\u00eda con la agenda pol\u00edtica desplegada por la propia Bullrich, en su calidad, se entiende, de presidenta del partido pol\u00edtico PRO&#8221;, remarc\u00f3 la IGJ.<\/p>\n\n\n\n<p>Detall\u00f3 que en junio de 2022 el IEES abon\u00f3 $110.300 por &#8220;pasajes a\u00e9reos a la ciudad de Salta&#8221;, que se emparenta con el viaje de Bullrich a esa provincia, donde hizo &#8220;recorridas&#8221; y encuentros con dirigentes.<\/p>\n\n\n\n<p>Tambi\u00e9n se considera &#8220;altamente reprochable&#8221; el uso de $1.760.954 para &#8220;afrontar los gastos del viaje&#8221; de Bullrich a Miami en diciembre de 2022 para participar de un evento.<\/p>\n\n\n\n<p>Se resaltan tambi\u00e9n pagos a &#8220;consultores en campa\u00f1as pol\u00edticas y especialistas en procesos electorales&#8221; y se destacan &#8220;nueve facturas por $1.260.000 a Mar\u00eda Oneto, quien forma parte del equipo de campa\u00f1a de Bullrich&#8221;.<\/p>\n\n\n\n<p>Para la IGJ, &#8220;todos estos pagos&#8221; no s\u00f3lo &#8220;no guardan relaci\u00f3n con el objeto social de la entidad&#8221; sino que &#8220;no resultan consistentes en cuanto a su volumen&#8221; con la situaci\u00f3n que atravesaba la empresa anteriormente.<\/p>\n\n\n\n<p>&#8220;Hasta hace no muchos meses atr\u00e1s no ten\u00eda ingresos que llegaran a cubrir los gastos corrientes de la instituci\u00f3n&#8221;, indica el texto<\/p>\n\n\n\n<p>El documento alude a que el diputado&nbsp;<strong>Gerardo Milman<\/strong>&nbsp;renunci\u00f3 como vocal de la instituci\u00f3n &#8220;al mismo tiempo&#8221; que dej\u00f3 de participar en el equipo de campa\u00f1a de Bullrich, lo cual &#8220;permite confirmar que IEES es una formal persona jur\u00eddica sin fines de lucro, utilizada estructural y financieramente para la campa\u00f1a pol\u00edtica nacional de la presidenta de la instituci\u00f3n&#8221;.<\/p>\n\n\n\n<p>&#8220;Estamos en presencia de una asociaci\u00f3n sin fines lucrativos a trav\u00e9s de la cual, despleg\u00e1ndose una actividad pretensamente l\u00edcita en origen, pero que deviene il\u00edcita por su real desarrollo y finalidad, se procura el sostenimiento econ\u00f3mico de una campa\u00f1a pol\u00edtica de proyecci\u00f3n nacional&#8221;, resalt\u00f3 la IGJ.<\/p>\n\n\n\n<p>Fuente: Minutouno<\/p>\n","protected":false},"excerpt":{"rendered":"<div class=\"mh-excerpt\"><p>La&nbsp;Inspecci\u00f3n General de Justicia (IGJ)&nbsp;resolvi\u00f3 &#8220;intervenir judicialmente&#8221; el Instituto de Estudios Estrat\u00e9gicos en Seguridad (IEES), fundaci\u00f3n que preside&nbsp;Patricia Bullrich, por haber &#8220;estructurado un sistema de ingresos y egresos&#8221; destinado a financiar acciones de proselitismo pol\u00edtico. &#8220;La IGJ resuelve encomendar al departamento de asuntos judiciales de esta IGJ la promoci\u00f3n, en forma inmediata, de la acci\u00f3n judicial de intervenci\u00f3n contra la persona jur\u00eddica denominada IEES, requiriendo el desplazamiento de los integrantes de su Comisi\u00f3n Directiva&#8221;, indic\u00f3 en un documento el organismo dependiente del Ministerio de Justicia. Tras investigar los movimientos dinerarios y actividades de sus directivos en 2022,&nbsp;la IGJ determin\u00f3 que <a class=\"mh-excerpt-more\" href=\"http:\/\/dsrmedios.com.ar\/diario\/archivos\/30670\" title=\"La IGJ pidi\u00f3 intervenir la fundaci\u00f3n de Patricia Bullrich\">[Leer m\u00e1s]<\/a><\/p>\n<\/div>","protected":false},"author":6,"featured_media":30671,"comment_status":"open","ping_status":"closed","sticky":false,"template":"","format":"standard","meta":{"_jetpack_newsletter_access":""},"categories":[6],"tags":[],"jetpack_featured_media_url":"http:\/\/dsrmedios.com.ar\/diario\/wp-content\/uploads\/2023\/04\/20221127-Bullrich-Milman-@gmilman.jpg","jetpack_sharing_enabled":true,"jetpack_shortlink":"https:\/\/wp.me\/p9fihK-7YG","_links":{"self":[{"href":"http:\/\/dsrmedios.com.ar\/diario\/wp-json\/wp\/v2\/posts\/30670"}],"collection":[{"href":"http:\/\/dsrmedios.com.ar\/diario\/wp-json\/wp\/v2\/posts"}],"about":[{"href":"http:\/\/dsrmedios.com.ar\/diario\/wp-json\/wp\/v2\/types\/post"}],"author":[{"embeddable":true,"href":"http:\/\/dsrmedios.com.ar\/diario\/wp-json\/wp\/v2\/users\/6"}],"replies":[{"embeddable":true,"href":"http:\/\/dsrmedios.com.ar\/diario\/wp-json\/wp\/v2\/comments?post=30670"}],"version-history":[{"count":1,"href":"http:\/\/dsrmedios.com.ar\/diario\/wp-json\/wp\/v2\/posts\/30670\/revisions"}],"predecessor-version":[{"id":30672,"href":"http:\/\/dsrmedios.com.ar\/diario\/wp-json\/wp\/v2\/posts\/30670\/revisions\/30672"}],"wp:featuredmedia":[{"embeddable":true,"href":"http:\/\/dsrmedios.com.ar\/diario\/wp-json\/wp\/v2\/media\/30671"}],"wp:attachment":[{"href":"http:\/\/dsrmedios.com.ar\/diario\/wp-json\/wp\/v2\/media?parent=30670"}],"wp:term":[{"taxonomy":"category","embeddable":true,"href":"http:\/\/dsrmedios.com.ar\/diario\/wp-json\/wp\/v2\/categories?post=30670"},{"taxonomy":"post_tag","embeddable":true,"href":"http:\/\/dsrmedios.com.ar\/diario\/wp-json\/wp\/v2\/tags?post=30670"}],"curies":[{"name":"wp","href":"https:\/\/api.w.org\/{rel}","templated":true}]}}