{"id":30657,"date":"2023-04-11T06:56:09","date_gmt":"2023-04-11T09:56:09","guid":{"rendered":"http:\/\/dsrmedios.com.ar\/diario\/?p=30657"},"modified":"2023-04-11T06:56:13","modified_gmt":"2023-04-11T09:56:13","slug":"la-trama-oculta-detras-de-la-pelea-entre-macri-y-larreta-por-las-elecciones-portenas-por-que-solo-podria-agravarse","status":"publish","type":"post","link":"http:\/\/dsrmedios.com.ar\/diario\/archivos\/30657","title":{"rendered":"La trama oculta detr\u00e1s de la pelea entre Macri y Larreta por las elecciones porte\u00f1as: por qu\u00e9 s\u00f3lo podr\u00eda agravarse"},"content":{"rendered":"\n<p>En pocos d\u00edas,&nbsp;<strong>Mauricio Macri&nbsp;<\/strong>pas\u00f3 de renunciar a cualquier candidatura a desistir tambi\u00e9n de mantener su liderazgo en Juntos por el Cambio: su rechazo al desdoblamiento concurrente que anunci\u00f3&nbsp;<strong>Horacio Rodr\u00edguez Larreta&nbsp;<\/strong>para las elecciones porte\u00f1as demostr\u00f3 su inter\u00e9s excluyente en la suerte del PRO y no en el futuro de la coalici\u00f3n opositora. El jefe de Gobierno demostr\u00f3&nbsp;<strong>lo contrario<\/strong>&nbsp;al instrumentar un sistema electoral en la ciudad de Buenos Aires, estipulado por la ley y que hasta ahora defend\u00eda toda la dirigencia de JxC, que&nbsp;<strong>equilibrar\u00e1&nbsp;<\/strong>las chances del PRO y de la UCR en las urnas.<\/p>\n\n\n\n<p>La batalla que se desat\u00f3 desde hace 24 horas en el PRO era&nbsp;<strong>previsible.&nbsp;<\/strong>A partir de ahora, ser\u00e1 inexorable que&nbsp;<strong>se profundice<\/strong>. La duda es hasta d\u00f3nde llegar\u00e1. Est\u00e1 en juego el liderazgo dentro de la oposici\u00f3n y, sobre todo, el pleno&nbsp;<strong>ejercicio del poder:<\/strong>&nbsp;Macri se quiere reservar el papel de mentor del espacio en Juntos por el Cambio a partir de una&nbsp;<strong>preeminencia&nbsp;<\/strong>del partido que fund\u00f3, mientras que Rodr\u00edguez Larreta necesita dar una muestra de<strong>&nbsp;car\u00e1cter y autonom\u00eda&nbsp;<\/strong>ante el fundador del partido, con la mira puesta en c\u00f3mo ganar las elecciones y lograr gobernabilidad si triunfa. Para ambos objetivos sabe que, m\u00e1s all\u00e1 del PRO; requiere del&nbsp;<strong>apoyo activo<\/strong>&nbsp;de los socios de Juntos por el Cambio.<\/p>\n\n\n\n<p>El tel\u00f3n de fondo de este escenario explosivo es la enorme\u00a0<strong>desconfianza\u00a0<\/strong>de Macri hacia la UCR por sus \u201creflejos populistas\u201d. Si fuera por \u00e9l, aseguran, dejar\u00eda el lastre de un radicalismo renuente a las pol\u00edticas de\u00a0<strong>shock\u00a0<\/strong>que deber\u00e1n aplicarse en el pr\u00f3ximo gobierno. Y, al mismo tiempo, se acercar\u00eda de manera proporcional a los liberales y, en particular, al \u201cantisistema\u201d\u00a0<strong>Javier Milei<\/strong>, cuyo ascenso electoral, si se confirman lo que marcan las encuestas, le dar\u00eda m\u00e1s\u00a0<strong>consenso\u00a0<\/strong>a las reformas estructurales del pa\u00eds.<\/p>\n\n\n\n<p><img decoding=\"async\" loading=\"lazy\" alt=\"Jorge Macri y Horacio Rodr\u00edguez Larreta\" height=\"1080\" width=\"1920\" class=\"\" src=\"https:\/\/cloudfront-us-east-1.images.arcpublishing.com\/infobae\/D6SUAWC65BAPBJB3T74HXUDI5E.jpg\" srcset=\"https:\/\/www.infobae.com\/new-resizer\/6x0yyFrjUey9UQlpLiLQ8YeLJhA=\/420x236\/filters:format(webp):quality(85)\/cloudfront-us-east-1.images.arcpublishing.com\/infobae\/D6SUAWC65BAPBJB3T74HXUDI5E.jpg 420w,https:\/\/www.infobae.com\/new-resizer\/UcfpqPatEX67B42CacgUdP_ghyQ=\/768x432\/filters:format(webp):quality(85)\/cloudfront-us-east-1.images.arcpublishing.com\/infobae\/D6SUAWC65BAPBJB3T74HXUDI5E.jpg 768w,https:\/\/www.infobae.com\/new-resizer\/ajPDEeTByw_7zV3x7kUJNowE1bM=\/992x558\/filters:format(webp):quality(85)\/cloudfront-us-east-1.images.arcpublishing.com\/infobae\/D6SUAWC65BAPBJB3T74HXUDI5E.jpg 992w,https:\/\/www.infobae.com\/new-resizer\/eAjoAVwQkj0sLM9VBm571z7yqfM=\/1200x675\/filters:format(webp):quality(85)\/cloudfront-us-east-1.images.arcpublishing.com\/infobae\/D6SUAWC65BAPBJB3T74HXUDI5E.jpg 1200w,https:\/\/www.infobae.com\/new-resizer\/tRhZtGrI0NKS7qaoPgPJgdKn8jw=\/1440x810\/filters:format(webp):quality(85)\/cloudfront-us-east-1.images.arcpublishing.com\/infobae\/D6SUAWC65BAPBJB3T74HXUDI5E.jpg 1440w\">Jorge Macri y Horacio Rodr\u00edguez Larreta<\/p>\n\n\n\n<p>En las ant\u00edpodas, Rodr\u00edguez Larreta debe&nbsp;<strong>recostarse&nbsp;<\/strong>en la multicolor coalici\u00f3n opositora en busca de aquellos votos que su propio electorado del PRO, en principio, le podr\u00eda&nbsp;<strong>retacear&nbsp;<\/strong>por su perfil moderado y dialoguista. Necesita hacerlo, justifican en su entorno, si quiere llegar a la Casa Rosada. El mismo jefe de Gobierno lo explic\u00f3 en charlas reservadas a gente de su confianza: \u201cSi las primarias en la Argentina fueran como en Estados Unidos, donde no son obligatorias, seguramente yo&nbsp;<strong>perder\u00eda&nbsp;<\/strong>frente a Patricia (Bullrich)\u201d. Pero en nuestro pa\u00eds las PASO son obligatorias y Rodr\u00edguez Larreta tiene medido en las encuestas que hay un electorado de centro, no del PRO, que est\u00e1&nbsp;<strong>dispuesto a votarlo.<\/strong><\/p>\n\n\n\n<p>Por eso el alcalde porte\u00f1o, aunque est\u00e1 convencido de que debe garantizar la armon\u00eda interna y repartir los espacios de poder en JxC, como viene haciendo en la ciudad desde 2015, se siente obligado a hacerlo si quiere cumplir su&nbsp;<strong>viejo sue\u00f1o<\/strong>&nbsp;de convertirse en presidente de la Naci\u00f3n. Y lo har\u00e1, como qued\u00f3 demostrado en las \u00faltimas horas, aunque tenga que ponerse&nbsp;<strong>en la vereda contraria<\/strong>&nbsp;de Macri e implique el riesgo de dejarle el terreno&nbsp;<strong>m\u00e1s allanado<\/strong>&nbsp;a Mart\u00edn Lousteau para sucederlo.<\/p>\n\n\n\n<p>Sus adversarios internos cargan con la&nbsp;<strong>incomodidad&nbsp;<\/strong>de haber quedado expuestos en sus contradicciones. El larretismo se preocup\u00f3 por difundir tuits y videos que registran&nbsp;<strong>el cambio de discurso&nbsp;<\/strong>de algunos l\u00edderes del PRO. Por ejemplo, Macri desdobl\u00f3 las elecciones porte\u00f1as en<strong>&nbsp;2015&nbsp;<\/strong>y lo justific\u00f3 en estos t\u00e9rminos: \u201cNecesitamos mejorar la calidad democr\u00e1tica con un sistema m\u00e1s transparente,&nbsp;<strong>con boleta \u00fanica electr\u00f3nica<\/strong>&nbsp;y no m\u00e1s reelecciones indefinidas\u201d. En 2019, necesitado de traccionar para su boleta presidencial los decisivos votos porte\u00f1os, el ex presidente pidi\u00f3 que se utilizara la&nbsp;<strong>lista s\u00e1bana&nbsp;<\/strong>en la ciudad de Buenos Aires Y luego de la derrota electoral destac\u00f3 que la boleta \u00fanica permit\u00eda \u201csumar&nbsp;<strong>transparencia&nbsp;<\/strong>y fortalecer la confianza en las elecciones\u201d, facilitaba \u201cel recuento\u201d de los votos y aseguraba&nbsp;<strong>\u201clas mismas oportunidades para todas las listas\u201d.<\/strong><\/p>\n\n\n\n<p><img decoding=\"async\" loading=\"lazy\" alt=\"Horacio Rodr\u00edguez Larreta y Mart\u00edn Lousteau\" height=\"1080\" width=\"1920\" class=\"\" src=\"https:\/\/cloudfront-us-east-1.images.arcpublishing.com\/infobae\/Y4AAYXGK3NDXJIUGH4ONPNDAE4.jpg\" srcset=\"https:\/\/www.infobae.com\/new-resizer\/rdofAI0DeVH5uZiunXOyuEIOmfo=\/420x236\/filters:format(webp):quality(85)\/cloudfront-us-east-1.images.arcpublishing.com\/infobae\/Y4AAYXGK3NDXJIUGH4ONPNDAE4.jpg 420w,https:\/\/www.infobae.com\/new-resizer\/QRnsNrTq8DFqJfQcjqG9MQdR51g=\/768x432\/filters:format(webp):quality(85)\/cloudfront-us-east-1.images.arcpublishing.com\/infobae\/Y4AAYXGK3NDXJIUGH4ONPNDAE4.jpg 768w,https:\/\/www.infobae.com\/new-resizer\/LG0GEVGc8bVAQ9C3NCqEuqmkCeM=\/992x558\/filters:format(webp):quality(85)\/cloudfront-us-east-1.images.arcpublishing.com\/infobae\/Y4AAYXGK3NDXJIUGH4ONPNDAE4.jpg 992w,https:\/\/www.infobae.com\/new-resizer\/Ok9F0BwSrZLKGfiS-SDRTO1Ajmo=\/1200x675\/filters:format(webp):quality(85)\/cloudfront-us-east-1.images.arcpublishing.com\/infobae\/Y4AAYXGK3NDXJIUGH4ONPNDAE4.jpg 1200w,https:\/\/www.infobae.com\/new-resizer\/x3hPWGqoOnvsJ4FwswvU231cRm4=\/1440x810\/filters:format(webp):quality(85)\/cloudfront-us-east-1.images.arcpublishing.com\/infobae\/Y4AAYXGK3NDXJIUGH4ONPNDAE4.jpg 1440w\">Horacio Rodr\u00edguez Larreta y Mart\u00edn Lousteau<\/p>\n\n\n\n<p>Algo similar le sucedi\u00f3 a&nbsp;<strong>Mar\u00eda Eugenia Vidal<\/strong>, cr\u00edtica actual de su amigo (o ex amigo) Rodr\u00edguez Larreta por su anuncio electoral: en 2017, cuando era gobernadora, replic\u00f3 las cr\u00edticas del kirchnerismo por la demora en brindar los resultados provisorios de las PASO con una frase muy&nbsp;<strong>sugestiva&nbsp;<\/strong>en las \u00faltimas horas: \u201cNo es la primera vez, y ha sucedido en varias PASO, que la carga de la provincia de Buenos Aires lleva muchas horas; entonces es importante decir que la manera de resolver esto fue propuesta por Cambiemos en el Congreso de la Naci\u00f3n y&nbsp;<strong>es el voto electr\u00f3nico\u201d.<\/strong>&nbsp;Y puntualiz\u00f3: \u201cEsa es la manera de resolver que no pasen tantas horas hasta que sepamos el final de los resultados.<\/p>\n\n\n\n<p>Ninguna decisi\u00f3n en materia electoral est\u00e1&nbsp;<strong>exenta&nbsp;<\/strong>de motivaciones pol\u00edticas. Tampoco en el caso de Rodr\u00edguez Larreta porque&nbsp;<strong>prioriz\u00f3&nbsp;<\/strong>el equilibrio interno (y la continuidad) de Juntos por el Cambio. Algunos se preguntan: \u00bfQu\u00e9 hubiera pasado si la UCR de Lousteau, molesta por un sistema electoral que inclinaba la cancha hacia el PRO,&nbsp;<strong>romp\u00eda&nbsp;<\/strong>la coalici\u00f3n y compet\u00eda por afuera, como en 2015?<\/p>\n\n\n\n<p>El sistema electoral en la ciudad era&nbsp;<strong>perjudicial&nbsp;<\/strong>para Lousteau: al no tener un candidato presidencial de la UCR que sea competitivo, iba a tener menos chances de que la boleta s\u00e1bana le aportara votos para su postulaci\u00f3n a jefe de Gobierno. Para el PRO, en cambio, dos candidatos fuertes como Larreta y Bullrich dejaban&nbsp;<strong>mejor parado<\/strong>&nbsp;a Jorge Macri. Por eso el radicalismo es&nbsp;<strong>devoto&nbsp;<\/strong>de la concurrencia electoral, aunque algunos dirigentes est\u00e1n atrincherados y&nbsp;<strong>en silencio,<\/strong>&nbsp;como los miembros del llamado&nbsp;<strong>Grupo Malbec,<\/strong>&nbsp;que posaron con Bullrich en la Fiesta de la Vendimia y que est\u00e1n armando un polo de poder en la UCR para oponerse a Morales y a su presunta decisi\u00f3n de aliarse con Larreta. Sus miembros, como Alfredo Cornejo, Carolina Losada y Luis Naidenoff, entre otros, ya tienen&nbsp;<strong>acordado&nbsp;<\/strong>que de sus filas surgir\u00e1 la figura que&nbsp;<strong>secundar\u00e1&nbsp;<\/strong>a Bullrich en la f\u00f3rmula presidencial.<\/p>\n\n\n\n<p><img decoding=\"async\" loading=\"lazy\" alt=\"Patricia Bullrich y los radicales del Grupo Malbec, en la Fiesta de la Vendimia\" height=\"1080\" width=\"1920\" class=\"\" src=\"https:\/\/cloudfront-us-east-1.images.arcpublishing.com\/infobae\/D73CZKUDDFC3BCPUO2UWGUAMQE.jpg\" srcset=\"https:\/\/www.infobae.com\/new-resizer\/G_3pd59XUEGco9iU4RegXVrFfJM=\/420x236\/filters:format(webp):quality(85)\/cloudfront-us-east-1.images.arcpublishing.com\/infobae\/D73CZKUDDFC3BCPUO2UWGUAMQE.jpg 420w,https:\/\/www.infobae.com\/new-resizer\/LcfX7e55zrPn94QYK6YA3J8t8EE=\/768x432\/filters:format(webp):quality(85)\/cloudfront-us-east-1.images.arcpublishing.com\/infobae\/D73CZKUDDFC3BCPUO2UWGUAMQE.jpg 768w,https:\/\/www.infobae.com\/new-resizer\/lgNxoNQKkikW1z7xj9dXCymvzts=\/992x558\/filters:format(webp):quality(85)\/cloudfront-us-east-1.images.arcpublishing.com\/infobae\/D73CZKUDDFC3BCPUO2UWGUAMQE.jpg 992w,https:\/\/www.infobae.com\/new-resizer\/Zh9ac4zi2D0sg_OVw8_Wg1WL00Y=\/1200x675\/filters:format(webp):quality(85)\/cloudfront-us-east-1.images.arcpublishing.com\/infobae\/D73CZKUDDFC3BCPUO2UWGUAMQE.jpg 1200w,https:\/\/www.infobae.com\/new-resizer\/kK2fiTEMIY7QQp-3LzdN8p2dJ3M=\/1440x810\/filters:format(webp):quality(85)\/cloudfront-us-east-1.images.arcpublishing.com\/infobae\/D73CZKUDDFC3BCPUO2UWGUAMQE.jpg 1440w\">Patricia Bullrich y los radicales del Grupo Malbec, en la Fiesta de la Vendimia<\/p>\n\n\n\n<p>La curiosidad es que al jefe de Gobierno se lo est\u00e1 criticando por instrumentar la ley que la Legislatura porte\u00f1a aprob\u00f3 por&nbsp;<strong>amplia mayor\u00eda<\/strong>&nbsp;en octubre de 2018 y cuya falta de aplicaci\u00f3n hubiera derivado en&nbsp;<strong>presentaciones judiciales<\/strong>&nbsp;para obligar a su cumplimiento. Pero, a la vez, el alcalde de la ciudad tambi\u00e9n se enfoc\u00f3 en sus propios intereses para alcanzar su objetivo pol\u00edtico, resaltan sus colaboradores, de la misma forma que lo hizo un&nbsp;<strong>bonaerense&nbsp;<\/strong>como Jorge Macri cuando decidi\u00f3 ser candidato para gobernar la ciudad. Aun as\u00ed, Rodr\u00edguez Larreta dijo que tambi\u00e9n quiere un&nbsp;<strong>solo&nbsp;<\/strong>postulante del PRO a jefe de Gobierno y dicen que podr\u00eda bendecir al primo del ex presidente. Si no fuera as\u00ed, \u00bfpodr\u00eda<strong>&nbsp;mantenerlo&nbsp;<\/strong>en un puesto clave del gabinete como el Ministerio de Gobierno? Quiz\u00e1 hablaron sobre eso en la reuni\u00f3n reservada que ambos tuvieron este lunes en el Teatro Col\u00f3n.<\/p>\n\n\n\n<p>Los cr\u00edticos del desdoblamiento concurrente que anunci\u00f3 Rodr\u00edguez Larreta se quejan de que su objetivo fue \u201c<strong>manipular&nbsp;<\/strong>las reglas electorales\u201d en beneficio de Lousteau, que har\u00eda zozobrar la continuidad del PRO en su basti\u00f3n electoral, y cuestionan tanto el gasto que demandar\u00eda el cambio del sistema electoral (dos urnas distintas para votar los candidatos nacionales y los porte\u00f1os) como la&nbsp;<strong>confusi\u00f3n&nbsp;<\/strong>que podr\u00eda generar en el electorado en el cuarto oscuro.<\/p>\n\n\n\n<p><img decoding=\"async\" loading=\"lazy\" alt=\"Mauricio Macri y Patricia Bullrich, cada vez m\u00e1s cerca\" height=\"1080\" width=\"1920\" class=\"\" src=\"https:\/\/cloudfront-us-east-1.images.arcpublishing.com\/infobae\/EZSDH3OWKVDGVKX4VR64IQ4XNM.jpg\" srcset=\"https:\/\/www.infobae.com\/new-resizer\/-d3iszIDdQOB54uczQr0EL902AM=\/420x236\/filters:format(webp):quality(85)\/cloudfront-us-east-1.images.arcpublishing.com\/infobae\/EZSDH3OWKVDGVKX4VR64IQ4XNM.jpg 420w,https:\/\/www.infobae.com\/new-resizer\/tI3HusHHzsWOO9DboDikculMO6I=\/768x432\/filters:format(webp):quality(85)\/cloudfront-us-east-1.images.arcpublishing.com\/infobae\/EZSDH3OWKVDGVKX4VR64IQ4XNM.jpg 768w,https:\/\/www.infobae.com\/new-resizer\/0uKe6IQJfMmdpoA0pQYJN_ptlcQ=\/992x558\/filters:format(webp):quality(85)\/cloudfront-us-east-1.images.arcpublishing.com\/infobae\/EZSDH3OWKVDGVKX4VR64IQ4XNM.jpg 992w,https:\/\/www.infobae.com\/new-resizer\/cAPVZBwVs3Nc-cNKBrO5lav5HD0=\/1200x675\/filters:format(webp):quality(85)\/cloudfront-us-east-1.images.arcpublishing.com\/infobae\/EZSDH3OWKVDGVKX4VR64IQ4XNM.jpg 1200w,https:\/\/www.infobae.com\/new-resizer\/fNqvvGgGL9ZPvRJZIFNmh3PexS4=\/1440x810\/filters:format(webp):quality(85)\/cloudfront-us-east-1.images.arcpublishing.com\/infobae\/EZSDH3OWKVDGVKX4VR64IQ4XNM.jpg 1440w\">Mauricio Macri y Patricia Bullrich, cada vez m\u00e1s cerca<\/p>\n\n\n\n<p>En el entorno del jefe de Gobierno contestan una por una esas cr\u00edticas y ponen de relieve un posible&nbsp;<strong>beneficio&nbsp;<\/strong>del cambio en el sistema de votaci\u00f3n: afirman que diversas encuestas advierten sobre un escenario de&nbsp;<strong>ballotage&nbsp;<\/strong>en la ciudad entre Juntos por el Cambio y los libertarios de Milei, o una muy buena votaci\u00f3n del diputado de La Libertad Avanza que har\u00eda&nbsp;<strong>peligrar&nbsp;<\/strong>la mayor\u00eda del PRO en la Legislatura porte\u00f1a. El desdoblamiento concurrente, se\u00f1ala el larretismo,&nbsp;<strong>disipar\u00eda&nbsp;<\/strong>esas posibilidades.<\/p>\n\n\n\n<p>En este complejo escenario, adem\u00e1s, hay componentes<strong>&nbsp;personales.&nbsp;<\/strong>Es evidente, como qued\u00f3 demostrado en estas horas, que la relaci\u00f3n entre Macri y Rodr\u00edguez Larreta&nbsp;<strong>no mejor\u00f3<\/strong>&nbsp;pese a sus encuentros en Cumel\u00e9n y en el Tenis Club Argentino. El ex mandatario&nbsp;<strong>discrepa&nbsp;<\/strong>con su postura \u201cantigrieta\u201d y con su vocaci\u00f3n de di\u00e1logo a ultranza. El jefe de Gobierno cree que el fundador del PRO&nbsp;<strong>esmerila&nbsp;<\/strong>cuanto puede su proyecto presidencial y que terminar\u00e1&nbsp;<strong>levant\u00e1ndole la mano<\/strong>&nbsp;a Bullrich.<\/p>\n\n\n\n<p>Las \u00faltimas horas fueron&nbsp;<strong>vertiginosas.&nbsp;<\/strong>Desde que Larreta hizo su anuncio electoral, hubo&nbsp;<strong>rechazos&nbsp;<\/strong>a coro entre los \u201chalcones\u201d del PRO, una reuni\u00f3n&nbsp;<strong>a solas&nbsp;<\/strong>con Jorge Macri, un&nbsp;<strong>amago&nbsp;<\/strong>de reuni\u00f3n virtual del Consejo Nacional del partido que tuvo que cancelarse por el clima de tensi\u00f3n y un&nbsp;<strong>sugestivo&nbsp;<\/strong>contacto de Bullrich con la jueza con competencia electoral&nbsp;<strong>Mar\u00eda Servini&nbsp;<\/strong>(aunque en el entorno de la ex ministra de Seguridad niegan que tenga pensado impugnar judicialmente la decisi\u00f3n de Larreta).<\/p>\n\n\n\n<p><img decoding=\"async\" loading=\"lazy\" alt=\"La Mesa Nacional de Juntos por el Cambio, \u00bfen crisis por la pelea porte\u00f1a del PRO?\" height=\"1080\" width=\"1920\" class=\"\" src=\"https:\/\/cloudfront-us-east-1.images.arcpublishing.com\/infobae\/GM3Z2S7XCBH6POTXYSUBN6FTDY.jpg\" srcset=\"https:\/\/www.infobae.com\/new-resizer\/Gc588iH5lfcLuRTfezbt9C6CjBE=\/420x236\/filters:format(webp):quality(85)\/cloudfront-us-east-1.images.arcpublishing.com\/infobae\/GM3Z2S7XCBH6POTXYSUBN6FTDY.jpg 420w,https:\/\/www.infobae.com\/new-resizer\/LOmcKXt9WdvEkJEZUe2QcSiHWdU=\/768x432\/filters:format(webp):quality(85)\/cloudfront-us-east-1.images.arcpublishing.com\/infobae\/GM3Z2S7XCBH6POTXYSUBN6FTDY.jpg 768w,https:\/\/www.infobae.com\/new-resizer\/TshpEfQvMLdn4Ah3udXXjr-Ba5o=\/992x558\/filters:format(webp):quality(85)\/cloudfront-us-east-1.images.arcpublishing.com\/infobae\/GM3Z2S7XCBH6POTXYSUBN6FTDY.jpg 992w,https:\/\/www.infobae.com\/new-resizer\/alb1SS2CEHNURV7vusoOkgmCsTQ=\/1200x675\/filters:format(webp):quality(85)\/cloudfront-us-east-1.images.arcpublishing.com\/infobae\/GM3Z2S7XCBH6POTXYSUBN6FTDY.jpg 1200w,https:\/\/www.infobae.com\/new-resizer\/P3iZgrlFzQoqw0C-gkznzrQO_sU=\/1440x810\/filters:format(webp):quality(85)\/cloudfront-us-east-1.images.arcpublishing.com\/infobae\/GM3Z2S7XCBH6POTXYSUBN6FTDY.jpg 1440w\">La Mesa Nacional de Juntos por el Cambio, \u00bfen crisis por la pelea porte\u00f1a del PRO?<\/p>\n\n\n\n<p>En las pr\u00f3ximas horas habr\u00e1&nbsp;<strong>un Zoom convocado por Vidal<\/strong>&nbsp;entre dirigentes del PRO de todo el pa\u00eds: cerca de la ex gobernadora niegan que tenga relaci\u00f3n con la crisis interna, aunque admiten que quiere sondear su opini\u00f3n. La ex gobernadora fue dur\u00edsima contra Larreta al cuestionar&nbsp;<strong>\u201cla ambici\u00f3n personal\u201d&nbsp;<\/strong>que habr\u00eda motivado su anuncio electoral. La fractura pol\u00edtica es evidente. La jugada del jefe de Gobierno est\u00e1 causando reacomodamientos en el PRO y en todo Juntos por el Cambio.<\/p>\n\n\n\n<p>\u00bfSeguir\u00e1\u00a0<strong>escalando\u00a0<\/strong>esta pelea a todo o nada? Preocupado, un operador todoterreno de la oposici\u00f3n anticip\u00f3 a\u00a0<strong>Infobae\u00a0<\/strong>que una encuesta nacional marc\u00f3 una\u00a0<strong>nueva baja<\/strong>\u00a0en la marca de JxC. Desde ambas fracciones del PRO tienen argumentos para sostener su batalla, pero lo que todav\u00eda no puede saberse es si todas las especulaciones electorales de hoy tendr\u00e1n un\u00a0<strong>correlato\u00a0<\/strong>en las urnas. Es decir, m\u00e1s all\u00e1 del desdoblamiento concurrente, las boletas \u00fanicas y las listas s\u00e1bana, \u00bfla gente votar\u00e1 a una coalici\u00f3n en\u00a0<strong>estado de detonaci\u00f3n permanente\u00a0<\/strong>y que parece\u00a0<strong>lejana\u00a0<\/strong>a sus problemas cotidianos? La necesidad de la dirigencia del PRO apunta a sellar una tregua, pero sus gestos van\u00a0<strong>en un sentido contrario.<\/strong><\/p>\n\n\n\n<p>Fuente: Infobae<\/p>\n","protected":false},"excerpt":{"rendered":"<div class=\"mh-excerpt\"><p>En pocos d\u00edas,&nbsp;Mauricio Macri&nbsp;pas\u00f3 de renunciar a cualquier candidatura a desistir tambi\u00e9n de mantener su liderazgo en Juntos por el Cambio: su rechazo al desdoblamiento concurrente que anunci\u00f3&nbsp;Horacio Rodr\u00edguez Larreta&nbsp;para las elecciones porte\u00f1as demostr\u00f3 su inter\u00e9s excluyente en la suerte del PRO y no en el futuro de la coalici\u00f3n opositora. El jefe de Gobierno demostr\u00f3&nbsp;lo contrario&nbsp;al instrumentar un sistema electoral en la ciudad de Buenos Aires, estipulado por la ley y que hasta ahora defend\u00eda toda la dirigencia de JxC, que&nbsp;equilibrar\u00e1&nbsp;las chances del PRO y de la UCR en las urnas. La batalla que se desat\u00f3 desde hace 24 <a class=\"mh-excerpt-more\" href=\"http:\/\/dsrmedios.com.ar\/diario\/archivos\/30657\" title=\"La trama oculta detr\u00e1s de la pelea entre Macri y Larreta por las elecciones porte\u00f1as: por qu\u00e9 s\u00f3lo podr\u00eda agravarse\">[Leer m\u00e1s]<\/a><\/p>\n<\/div>","protected":false},"author":6,"featured_media":30658,"comment_status":"open","ping_status":"closed","sticky":false,"template":"","format":"standard","meta":{"_jetpack_newsletter_access":""},"categories":[6],"tags":[],"jetpack_featured_media_url":"http:\/\/dsrmedios.com.ar\/diario\/wp-content\/uploads\/2023\/04\/macrilarreta-scaled-1-1024x738-1.jpg","jetpack_sharing_enabled":true,"jetpack_shortlink":"https:\/\/wp.me\/p9fihK-7Yt","_links":{"self":[{"href":"http:\/\/dsrmedios.com.ar\/diario\/wp-json\/wp\/v2\/posts\/30657"}],"collection":[{"href":"http:\/\/dsrmedios.com.ar\/diario\/wp-json\/wp\/v2\/posts"}],"about":[{"href":"http:\/\/dsrmedios.com.ar\/diario\/wp-json\/wp\/v2\/types\/post"}],"author":[{"embeddable":true,"href":"http:\/\/dsrmedios.com.ar\/diario\/wp-json\/wp\/v2\/users\/6"}],"replies":[{"embeddable":true,"href":"http:\/\/dsrmedios.com.ar\/diario\/wp-json\/wp\/v2\/comments?post=30657"}],"version-history":[{"count":1,"href":"http:\/\/dsrmedios.com.ar\/diario\/wp-json\/wp\/v2\/posts\/30657\/revisions"}],"predecessor-version":[{"id":30659,"href":"http:\/\/dsrmedios.com.ar\/diario\/wp-json\/wp\/v2\/posts\/30657\/revisions\/30659"}],"wp:featuredmedia":[{"embeddable":true,"href":"http:\/\/dsrmedios.com.ar\/diario\/wp-json\/wp\/v2\/media\/30658"}],"wp:attachment":[{"href":"http:\/\/dsrmedios.com.ar\/diario\/wp-json\/wp\/v2\/media?parent=30657"}],"wp:term":[{"taxonomy":"category","embeddable":true,"href":"http:\/\/dsrmedios.com.ar\/diario\/wp-json\/wp\/v2\/categories?post=30657"},{"taxonomy":"post_tag","embeddable":true,"href":"http:\/\/dsrmedios.com.ar\/diario\/wp-json\/wp\/v2\/tags?post=30657"}],"curies":[{"name":"wp","href":"https:\/\/api.w.org\/{rel}","templated":true}]}}