{"id":30653,"date":"2023-04-11T06:52:56","date_gmt":"2023-04-11T09:52:56","guid":{"rendered":"http:\/\/dsrmedios.com.ar\/diario\/?p=30653"},"modified":"2023-04-11T06:53:00","modified_gmt":"2023-04-11T09:53:00","slug":"rodriguez-larreta-la-unidad-del-pro-y-de-juntos-por-el-cambio-esta-mas-garantizada-que-nunca","status":"publish","type":"post","link":"http:\/\/dsrmedios.com.ar\/diario\/archivos\/30653","title":{"rendered":"Rodr\u00edguez Larreta: \u201cLa unidad del PRO y de Juntos por el Cambio est\u00e1 m\u00e1s garantizada que nunca\u201d"},"content":{"rendered":"\n<p>La interna del PRO parece haber alcanzado su punto de ebullici\u00f3n, pero&nbsp;<strong>Horacio Rodr\u00edguez Larreta<\/strong>&nbsp;opt\u00f3 por enfriar las especulaciones que se hacen sobre un virtual y definitivo quiebre del espacio opositor.<\/p>\n\n\n\n<p>\u201cNo participo de discusiones internas, puede haber diferencias, pero\u00a0<strong>la unidad del PRO y de Juntos por el Cambio est\u00e1 m\u00e1s garantizada que nunca<\/strong>\u201d, garantiz\u00f3 el jefe de Gobierno, un d\u00eda despu\u00e9s de una serie de duros cruces p\u00fablicos entre los referentes del espacio opositor, a partir de su decisi\u00f3n de desdoblar las elecciones de CABA para que se vote el mismo d\u00eda que la presidencial, pero con boleta \u00fanica electr\u00f3nica.<\/p>\n\n\n\n<p>Al ser repreguntado sobre los cuestionamientos de Mauricio Macri, que habl\u00f3 de una \u201c<strong>profunda desilusi\u00f3n<\/strong>\u201d, Larreta tom\u00f3 distancia de la pol\u00e9mica y opt\u00f3 por diferenciarse de su ex jefe pol\u00edtico: \u201c<strong>Jam\u00e1s me han escuchado<\/strong>, ni me van a escuchar,&nbsp;<strong>criticando&nbsp;<\/strong>a a otro miembro de Juntos por el Cambio. Si hay una diferencia, la discutimos\u201d.<\/p>\n\n\n\n<p>En cuanto a la decisi\u00f3n de implementar elecciones concurrentes en el distrito porte\u00f1o, Larreta resumi\u00f3: \u201cEn la Ciudad de Buenos Aires<strong>&nbsp;el c\u00f3digo electoral es clar\u00edsimo<\/strong>&nbsp;cuando dice que se vota con&nbsp;<strong>boleta \u00fanica.&nbsp;<\/strong>Luego uno puede decidir si es de papel o electr\u00f3nica, pero la ley es muy clara\u201d.<\/p>\n\n\n\n<p><img decoding=\"async\" loading=\"lazy\" height=\"1080\" width=\"1920\" srcset=\"https:\/\/www.infobae.com\/new-resizer\/nUF-G1NpjPCrcqlLqLaXvqa-xqw=\/420x236\/filters:format(webp):quality(85)\/cloudfront-us-east-1.images.arcpublishing.com\/infobae\/WWFA7VDGIVAJ5LGAZGQQAVL464.jpg 420w,https:\/\/www.infobae.com\/new-resizer\/0OERYrkCN6zX-BKwhtH_sTi14Vo=\/768x432\/filters:format(webp):quality(85)\/cloudfront-us-east-1.images.arcpublishing.com\/infobae\/WWFA7VDGIVAJ5LGAZGQQAVL464.jpg 768w,https:\/\/www.infobae.com\/new-resizer\/10Ck2YXLaAIwa0Hk_9C-pA-10I8=\/992x558\/filters:format(webp):quality(85)\/cloudfront-us-east-1.images.arcpublishing.com\/infobae\/WWFA7VDGIVAJ5LGAZGQQAVL464.jpg 992w,https:\/\/www.infobae.com\/new-resizer\/XsiNk6NpkaIE2A-KT1-rrLmJfvs=\/1200x675\/filters:format(webp):quality(85)\/cloudfront-us-east-1.images.arcpublishing.com\/infobae\/WWFA7VDGIVAJ5LGAZGQQAVL464.jpg 1200w,https:\/\/www.infobae.com\/new-resizer\/ua3bYsVVdJHPPDj2QgnqAkMqqHY=\/1440x810\/filters:format(webp):quality(85)\/cloudfront-us-east-1.images.arcpublishing.com\/infobae\/WWFA7VDGIVAJ5LGAZGQQAVL464.jpg 1440w\" class=\"\" src=\"https:\/\/cloudfront-us-east-1.images.arcpublishing.com\/infobae\/WWFA7VDGIVAJ5LGAZGQQAVL464.jpg\" alt=\"Horacio Rodr\u00edguez Larreta estuvo acompa\u00f1ado por el ministro de Seguridad porte\u00f1o, Eugenio Burzaco, y por Waldo Wolff, secretario de Asuntos P\u00fablicos de CABA\">Horacio Rodr\u00edguez Larreta estuvo acompa\u00f1ado por el ministro de Seguridad porte\u00f1o, Eugenio Burzaco, y por Waldo Wolff, secretario de Asuntos P\u00fablicos de CABA<\/p>\n\n\n\n<p>Fuente: Infobae<\/p>\n","protected":false},"excerpt":{"rendered":"<div class=\"mh-excerpt\"><p>La interna del PRO parece haber alcanzado su punto de ebullici\u00f3n, pero&nbsp;Horacio Rodr\u00edguez Larreta&nbsp;opt\u00f3 por enfriar las especulaciones que se hacen sobre un virtual y definitivo quiebre del espacio opositor. \u201cNo participo de discusiones internas, puede haber diferencias, pero\u00a0la unidad del PRO y de Juntos por el Cambio est\u00e1 m\u00e1s garantizada que nunca\u201d, garantiz\u00f3 el jefe de Gobierno, un d\u00eda despu\u00e9s de una serie de duros cruces p\u00fablicos entre los referentes del espacio opositor, a partir de su decisi\u00f3n de desdoblar las elecciones de CABA para que se vote el mismo d\u00eda que la presidencial, pero con boleta \u00fanica electr\u00f3nica. <a class=\"mh-excerpt-more\" href=\"http:\/\/dsrmedios.com.ar\/diario\/archivos\/30653\" title=\"Rodr\u00edguez Larreta: \u201cLa unidad del PRO y de Juntos por el Cambio est\u00e1 m\u00e1s garantizada que nunca\u201d\">[Leer m\u00e1s]<\/a><\/p>\n<\/div>","protected":false},"author":6,"featured_media":30592,"comment_status":"open","ping_status":"closed","sticky":false,"template":"","format":"standard","meta":{"_jetpack_newsletter_access":""},"categories":[6],"tags":[],"jetpack_featured_media_url":"http:\/\/dsrmedios.com.ar\/diario\/wp-content\/uploads\/2023\/04\/larreta.png","jetpack_sharing_enabled":true,"jetpack_shortlink":"https:\/\/wp.me\/p9fihK-7Yp","_links":{"self":[{"href":"http:\/\/dsrmedios.com.ar\/diario\/wp-json\/wp\/v2\/posts\/30653"}],"collection":[{"href":"http:\/\/dsrmedios.com.ar\/diario\/wp-json\/wp\/v2\/posts"}],"about":[{"href":"http:\/\/dsrmedios.com.ar\/diario\/wp-json\/wp\/v2\/types\/post"}],"author":[{"embeddable":true,"href":"http:\/\/dsrmedios.com.ar\/diario\/wp-json\/wp\/v2\/users\/6"}],"replies":[{"embeddable":true,"href":"http:\/\/dsrmedios.com.ar\/diario\/wp-json\/wp\/v2\/comments?post=30653"}],"version-history":[{"count":1,"href":"http:\/\/dsrmedios.com.ar\/diario\/wp-json\/wp\/v2\/posts\/30653\/revisions"}],"predecessor-version":[{"id":30654,"href":"http:\/\/dsrmedios.com.ar\/diario\/wp-json\/wp\/v2\/posts\/30653\/revisions\/30654"}],"wp:featuredmedia":[{"embeddable":true,"href":"http:\/\/dsrmedios.com.ar\/diario\/wp-json\/wp\/v2\/media\/30592"}],"wp:attachment":[{"href":"http:\/\/dsrmedios.com.ar\/diario\/wp-json\/wp\/v2\/media?parent=30653"}],"wp:term":[{"taxonomy":"category","embeddable":true,"href":"http:\/\/dsrmedios.com.ar\/diario\/wp-json\/wp\/v2\/categories?post=30653"},{"taxonomy":"post_tag","embeddable":true,"href":"http:\/\/dsrmedios.com.ar\/diario\/wp-json\/wp\/v2\/tags?post=30653"}],"curies":[{"name":"wp","href":"https:\/\/api.w.org\/{rel}","templated":true}]}}