{"id":30640,"date":"2023-04-10T18:04:54","date_gmt":"2023-04-10T21:04:54","guid":{"rendered":"http:\/\/dsrmedios.com.ar\/diario\/?p=30640"},"modified":"2023-04-10T18:05:47","modified_gmt":"2023-04-10T21:05:47","slug":"como-es-el-estado-de-salud-del-automovilista-que-choco-con-un-colectivo-en-colon-y-laspiur","status":"publish","type":"post","link":"http:\/\/dsrmedios.com.ar\/diario\/archivos\/30640","title":{"rendered":"C\u00f3mo es el estado de salud del automovilista que choc\u00f3 con un colectivo en Col\u00f3n y Laspiur"},"content":{"rendered":"\n<p>El automovilista que&nbsp;<a href=\"https:\/\/www.lanueva.com\/nota\/2023-4-10-15-11-0-mas-de-20-heridos-y-9-personas-hospitalizadas-al-chocar-un-colectivo-de-linea\" target=\"_blank\" rel=\"noreferrer noopener\">choc\u00f3 esta tarde&nbsp;contra un colectivo de la l\u00ednea 504<\/a>&nbsp;en el cruce de Avenida Col\u00f3n y Sixto Laspiur se encuentra internado en terapia intensiva, con asistencia respiratoria mec\u00e1nica y&nbsp;pron\u00f3stico reservado&nbsp;como consecuencia de las heridas sufridas tras la colisi\u00f3n, informaron desde el Hospital Municipal.<\/p>\n\n\n\n<p>El hombre -identificado como David Maximiliano Jaime,&nbsp;de 30 a\u00f1os-&nbsp;fue trasladado en C\u00f3digo Rojo hasta el centro m\u00e9dico, donde los profesionales constataron un fuerte golpe en la cabeza con fracturas nasal, malar y mand\u00edbular, adem\u00e1s de presentar&nbsp;&#8220;trauma cerrado de t\u00f3rax con contusiones pulmonares bilaterales; trauma en miembro superior derecho con p\u00e9rdida de tejidos de partes blandas sin lesiones \u00f3seas; trauma en miembro inferior derecho con deformidad en muslo, se est\u00e1 evaluando fractura de f\u00e9mur; excoriaciones m\u00faltiples&#8221;, de acuerdo con el parte difundido cerca de las 18.<\/p>\n\n\n\n<p>El informe de los m\u00e9dicos se\u00f1ala adem\u00e1s que el conductor fue ingresado a Terapia Intensiva, donde &#8220;se inici\u00f3 asistencia respiratoria mec\u00e1nica bajo sedaci\u00f3n y analgesia&#8221;<\/p>\n\n\n\n<p>&#8220;Ir\u00e1 a quir\u00f3fano para evacuar el hematoma mencionado y colocar monitoreo neurol\u00f3gico. Es evaluado tambi\u00e9n por el Servicio de Traumatolog\u00eda. Pron\u00f3stico reservado&#8221;, agregaron.<\/p>\n\n\n\n<h2>Solicitan testigos<\/h2>\n\n\n\n<p>Por otra parte,\u00a0desde la comisar\u00eda Segunda piden que pasajeros del colectivo que se fueron por sus medios se presenten en la seccional (Roca 557)\u00a0para tomarles declaraci\u00f3n testimonial sobre el accidente.<\/p>\n\n\n\n<p>Fuente: Lanueva<\/p>\n","protected":false},"excerpt":{"rendered":"<div class=\"mh-excerpt\"><p>El automovilista que&nbsp;choc\u00f3 esta tarde&nbsp;contra un colectivo de la l\u00ednea 504&nbsp;en el cruce de Avenida Col\u00f3n y Sixto Laspiur se encuentra internado en terapia intensiva, con asistencia respiratoria mec\u00e1nica y&nbsp;pron\u00f3stico reservado&nbsp;como consecuencia de las heridas sufridas tras la colisi\u00f3n, informaron desde el Hospital Municipal. El hombre -identificado como David Maximiliano Jaime,&nbsp;de 30 a\u00f1os-&nbsp;fue trasladado en C\u00f3digo Rojo hasta el centro m\u00e9dico, donde los profesionales constataron un fuerte golpe en la cabeza con fracturas nasal, malar y mand\u00edbular, adem\u00e1s de presentar&nbsp;&#8220;trauma cerrado de t\u00f3rax con contusiones pulmonares bilaterales; trauma en miembro superior derecho con p\u00e9rdida de tejidos de partes blandas sin <a class=\"mh-excerpt-more\" href=\"http:\/\/dsrmedios.com.ar\/diario\/archivos\/30640\" title=\"C\u00f3mo es el estado de salud del automovilista que choc\u00f3 con un colectivo en Col\u00f3n y Laspiur\">[Leer m\u00e1s]<\/a><\/p>\n<\/div>","protected":false},"author":6,"featured_media":30641,"comment_status":"open","ping_status":"closed","sticky":false,"template":"","format":"standard","meta":{"_jetpack_newsletter_access":""},"categories":[8],"tags":[],"jetpack_featured_media_url":"http:\/\/dsrmedios.com.ar\/diario\/wp-content\/uploads\/2023\/04\/1681161000144.webp","jetpack_sharing_enabled":true,"jetpack_shortlink":"https:\/\/wp.me\/p9fihK-7Yc","_links":{"self":[{"href":"http:\/\/dsrmedios.com.ar\/diario\/wp-json\/wp\/v2\/posts\/30640"}],"collection":[{"href":"http:\/\/dsrmedios.com.ar\/diario\/wp-json\/wp\/v2\/posts"}],"about":[{"href":"http:\/\/dsrmedios.com.ar\/diario\/wp-json\/wp\/v2\/types\/post"}],"author":[{"embeddable":true,"href":"http:\/\/dsrmedios.com.ar\/diario\/wp-json\/wp\/v2\/users\/6"}],"replies":[{"embeddable":true,"href":"http:\/\/dsrmedios.com.ar\/diario\/wp-json\/wp\/v2\/comments?post=30640"}],"version-history":[{"count":2,"href":"http:\/\/dsrmedios.com.ar\/diario\/wp-json\/wp\/v2\/posts\/30640\/revisions"}],"predecessor-version":[{"id":30643,"href":"http:\/\/dsrmedios.com.ar\/diario\/wp-json\/wp\/v2\/posts\/30640\/revisions\/30643"}],"wp:featuredmedia":[{"embeddable":true,"href":"http:\/\/dsrmedios.com.ar\/diario\/wp-json\/wp\/v2\/media\/30641"}],"wp:attachment":[{"href":"http:\/\/dsrmedios.com.ar\/diario\/wp-json\/wp\/v2\/media?parent=30640"}],"wp:term":[{"taxonomy":"category","embeddable":true,"href":"http:\/\/dsrmedios.com.ar\/diario\/wp-json\/wp\/v2\/categories?post=30640"},{"taxonomy":"post_tag","embeddable":true,"href":"http:\/\/dsrmedios.com.ar\/diario\/wp-json\/wp\/v2\/tags?post=30640"}],"curies":[{"name":"wp","href":"https:\/\/api.w.org\/{rel}","templated":true}]}}