{"id":30625,"date":"2023-04-10T17:41:46","date_gmt":"2023-04-10T20:41:46","guid":{"rendered":"http:\/\/dsrmedios.com.ar\/diario\/?p=30625"},"modified":"2023-04-10T17:41:50","modified_gmt":"2023-04-10T20:41:50","slug":"sergio-berni-comparo-su-ataque-con-el-de-fernando-baez-sosa-era-muy-probable-que-hubiera-terminado-como-el","status":"publish","type":"post","link":"http:\/\/dsrmedios.com.ar\/diario\/archivos\/30625","title":{"rendered":"Sergio Berni compar\u00f3 su ataque con el de Fernando B\u00e1ez Sosa: \u00abEra muy probable que hubiera terminado como \u00e9l\u00bb"},"content":{"rendered":"\n<p>En&nbsp;<strong>La Matanza<\/strong>&nbsp;todav\u00eda sufren el asesinato de&nbsp;<strong>Daniel Barrientos<\/strong>, chofer de colectivos de la l\u00ednea 620. El mismo d\u00eda del robo, el ministro de Seguridad bonaerense,&nbsp;<strong>Sergio Berni<\/strong>, fue atacado a piedrazos y golpes por los presentes en la protesta por m\u00e1s medidas contra la inseguridad y termin\u00f3 en el hospital con un notorio corte en su rostro.<\/p>\n\n\n\n<p>A ra\u00edz de ello, tambi\u00e9n se comenz\u00f3 a investigar a los agresores del ministro, quienes estuvieron detenidos por algunas horas. Luego de ello, el dirigente peronista reconoci\u00f3 que \u00ablas im\u00e1genes me remontan a&nbsp;<strong>Fernando B\u00e1ez Sosa<\/strong>&nbsp;y mire como termin\u00f3\u00bb. Adem\u00e1s, aclar\u00f3 que \u00abno es pegarle a un ministro, es pegarle a una persona de manera innecesaria, patotera\u00bb lo que le hizo reflexionar en ello.<\/p>\n\n\n\n<p>\u00abSi capaz no hubiera tenido la fortaleza propia de la actividad y de su historia de vida,&nbsp;<strong>era muy probable que hubiera terminado como B\u00e1ez Sosa<\/strong>. Por suerte las cosas no se dieron as\u00ed, pero tampoco hay que tomar las cosas con tanta liviandad\u00bb; agreg\u00f3 Sergio Berni en una comparaci\u00f3n dolorosa para la sociedad por la manera en la que ocho rugbiers terminaron con la vida del joven en enero del 2020 en Villa Gesell.<\/p>\n\n\n\n<p>En este marco, detall\u00f3 que \u00ab<strong>fue un ataque en patota, certero, cobarde, y la magnitud de los golpes pudieron terminar de manera tr\u00e1gica<\/strong>. Me parece que la agresi\u00f3n fue lo suficientemente fuerte como para andar discutiendo si se merec\u00eda o no un allanamiento\u00bb, a\u00f1adi\u00f3 el funcionario bonaerense en declaraciones radiales que difundi\u00f3 NA.<\/p>\n\n\n\n<h3 id=\"h-el-reclamo-de-sergio-berni-al-oficialismo\">El reclamo de Sergio Berni al oficialismo<\/h3>\n\n\n\n<p>Por otro lado, el dirigente remarc\u00f3 que siente \u00abpoco respaldo de su propio gabinete\u00bb luego de la agresi\u00f3n que recibi\u00f3. \u00abYo soy un funcionario que est\u00e1 todo el d\u00eda en la calle. No me escondo atr\u00e1s de un escritorio ni de declaraciones rimbombantes por redes sociales. No soy de los pol\u00edticos que preparan todo para llegar a un lugar, caminar tres cuadras y sacarse una foto. No hay muchos que puedan caminar como camino yo\u00bb, dispar\u00f3.<\/p>\n\n\n\n<p>Fuente: el intransigente<\/p>\n","protected":false},"excerpt":{"rendered":"<div class=\"mh-excerpt\"><p>En&nbsp;La Matanza&nbsp;todav\u00eda sufren el asesinato de&nbsp;Daniel Barrientos, chofer de colectivos de la l\u00ednea 620. El mismo d\u00eda del robo, el ministro de Seguridad bonaerense,&nbsp;Sergio Berni, fue atacado a piedrazos y golpes por los presentes en la protesta por m\u00e1s medidas contra la inseguridad y termin\u00f3 en el hospital con un notorio corte en su rostro. A ra\u00edz de ello, tambi\u00e9n se comenz\u00f3 a investigar a los agresores del ministro, quienes estuvieron detenidos por algunas horas. Luego de ello, el dirigente peronista reconoci\u00f3 que \u00ablas im\u00e1genes me remontan a&nbsp;Fernando B\u00e1ez Sosa&nbsp;y mire como termin\u00f3\u00bb. Adem\u00e1s, aclar\u00f3 que \u00abno es pegarle a <a class=\"mh-excerpt-more\" href=\"http:\/\/dsrmedios.com.ar\/diario\/archivos\/30625\" title=\"Sergio Berni compar\u00f3 su ataque con el de Fernando B\u00e1ez Sosa: \u00abEra muy probable que hubiera terminado como \u00e9l\u00bb\">[Leer m\u00e1s]<\/a><\/p>\n<\/div>","protected":false},"author":6,"featured_media":30626,"comment_status":"open","ping_status":"closed","sticky":false,"template":"","format":"standard","meta":{"_jetpack_newsletter_access":""},"categories":[6],"tags":[],"jetpack_featured_media_url":"http:\/\/dsrmedios.com.ar\/diario\/wp-content\/uploads\/2023\/04\/sergio-berni-agresion-20230403-1540324.webp","jetpack_sharing_enabled":true,"jetpack_shortlink":"https:\/\/wp.me\/p9fihK-7XX","_links":{"self":[{"href":"http:\/\/dsrmedios.com.ar\/diario\/wp-json\/wp\/v2\/posts\/30625"}],"collection":[{"href":"http:\/\/dsrmedios.com.ar\/diario\/wp-json\/wp\/v2\/posts"}],"about":[{"href":"http:\/\/dsrmedios.com.ar\/diario\/wp-json\/wp\/v2\/types\/post"}],"author":[{"embeddable":true,"href":"http:\/\/dsrmedios.com.ar\/diario\/wp-json\/wp\/v2\/users\/6"}],"replies":[{"embeddable":true,"href":"http:\/\/dsrmedios.com.ar\/diario\/wp-json\/wp\/v2\/comments?post=30625"}],"version-history":[{"count":1,"href":"http:\/\/dsrmedios.com.ar\/diario\/wp-json\/wp\/v2\/posts\/30625\/revisions"}],"predecessor-version":[{"id":30627,"href":"http:\/\/dsrmedios.com.ar\/diario\/wp-json\/wp\/v2\/posts\/30625\/revisions\/30627"}],"wp:featuredmedia":[{"embeddable":true,"href":"http:\/\/dsrmedios.com.ar\/diario\/wp-json\/wp\/v2\/media\/30626"}],"wp:attachment":[{"href":"http:\/\/dsrmedios.com.ar\/diario\/wp-json\/wp\/v2\/media?parent=30625"}],"wp:term":[{"taxonomy":"category","embeddable":true,"href":"http:\/\/dsrmedios.com.ar\/diario\/wp-json\/wp\/v2\/categories?post=30625"},{"taxonomy":"post_tag","embeddable":true,"href":"http:\/\/dsrmedios.com.ar\/diario\/wp-json\/wp\/v2\/tags?post=30625"}],"curies":[{"name":"wp","href":"https:\/\/api.w.org\/{rel}","templated":true}]}}