{"id":30623,"date":"2023-04-10T17:39:35","date_gmt":"2023-04-10T20:39:35","guid":{"rendered":"http:\/\/dsrmedios.com.ar\/diario\/?p=30623"},"modified":"2023-04-10T17:39:39","modified_gmt":"2023-04-10T20:39:39","slug":"el-pedido-del-frente-de-todos-a-alberto-fernandez-y-cristina-kirchner-si-no-no-nos-va-a-ir-bien","status":"publish","type":"post","link":"http:\/\/dsrmedios.com.ar\/diario\/archivos\/30623","title":{"rendered":"El pedido del Frente de Todos a Alberto Fern\u00e1ndez y Cristina Kirchner: \u00abSi no, no nos va a ir bien\u00bb"},"content":{"rendered":"\n<p>En el&nbsp;<strong><a href=\"https:\/\/elintransigente.com\/tag\/frente-de-todos\/\" target=\"_blank\" rel=\"noreferrer noopener\">Frente de Todos<\/a><\/strong>&nbsp;todav\u00eda no est\u00e1n definidas las listas para las elecciones presidenciales de octubre. Esto genera muchas dudas dentro del espacio oficialista y sus dirigentes de segunda l\u00ednea le piden a&nbsp;<strong><a href=\"https:\/\/elintransigente.com\/tag\/alberto-fernandez\/\" target=\"_blank\" rel=\"noreferrer noopener\">Alberto Fern\u00e1ndez<\/a><\/strong>&nbsp;y&nbsp;<strong><a href=\"https:\/\/www.cfkargentina.com\/\" target=\"_blank\" rel=\"noreferrer noopener\">Cristina Kirchner<\/a><\/strong>&nbsp;un conjunto de decisiones para poder marcar el rumbo del partido, a pesar de que ellos tengan un di\u00e1logo pr\u00e1cticamente nulo.<\/p>\n\n\n\n<p>En este marco, el diputado&nbsp;<strong>Eduardo Vald\u00e9s<\/strong>&nbsp;afirm\u00f3 que el oficialismo es \u00abcompetitivo\u00bb para el proceso electoral, aunque pidi\u00f3 \u00abun acuerdo pol\u00edtico entre Alberto, Cristina y el ministro de Econom\u00eda,&nbsp;<strong>Sergio Massa<\/strong>\u00ab. Adem\u00e1s, llam\u00f3 a que \u00abhaya un acuerdo entre todos los espacios del Frente de Todos, ya sea con un candidato unificado o con una primaria\u00bb pero que terminen con la incertidumbre.<\/p>\n\n\n\n<p>\u00abSin un acuerdo en esa mesa, no nos va a ir bien\u00bb, alert\u00f3 el dirigente, que reiter\u00f3 su pedido, seg\u00fan NA, para que el presidente se junte con los l\u00edderes del Frente Renovador y la titular del kirchnerismo: \u00abTiene que haber una mesa donde&nbsp;<strong>Alberto, Cristina y Massa<\/strong>&nbsp;definan qui\u00e9n nos va a representar en las elecciones\u00bb, sentenci\u00f3 el diputado.<\/p>\n\n\n\n<p>Tambi\u00e9n le envi\u00f3 un mensaje a Florencia y Cristina Kirchner, quienes fueron cuestionadas y criticadas por algunos medios de comunicaci\u00f3n. \u00abHay que ignorarlas, porque as\u00ed logran su objetivo: que se hable de ellas. Tienen el \u00e1nimo de herir. Toda mi solidaridad con<strong>&nbsp;Cristina y con Florencia<\/strong>&nbsp;y mi repudio absoluto a las expresiones vertidas sobre ellas\u00bb, agreg\u00f3.<\/p>\n\n\n\n<h3 id=\"h-el-tiempo-no-es-problema-para-el-frente-de-todos\">El tiempo no es problema para el Frente de Todos<\/h3>\n\n\n\n<p>Si bien faltan seis meses para las elecciones presidenciales, Eduardo Vald\u00e9s record\u00f3 que \u00aben 2019, a esta altura del a\u00f1o\u00bb, el peronismo estaba \u00abdesorientado\u00bb y finalmente terminaron ganando las elecciones. \u00abPero en mayo hubo se orden\u00f3 el panorama. Yo creo en mayo. El Frente de Todos es competitivo, hace falta un acuerdo pol\u00edtico\u00bb, insisti\u00f3.<\/p>\n\n\n\n<p>Fuente: El Intransigente<\/p>\n","protected":false},"excerpt":{"rendered":"<div class=\"mh-excerpt\"><p>En el&nbsp;Frente de Todos&nbsp;todav\u00eda no est\u00e1n definidas las listas para las elecciones presidenciales de octubre. Esto genera muchas dudas dentro del espacio oficialista y sus dirigentes de segunda l\u00ednea le piden a&nbsp;Alberto Fern\u00e1ndez&nbsp;y&nbsp;Cristina Kirchner&nbsp;un conjunto de decisiones para poder marcar el rumbo del partido, a pesar de que ellos tengan un di\u00e1logo pr\u00e1cticamente nulo. En este marco, el diputado&nbsp;Eduardo Vald\u00e9s&nbsp;afirm\u00f3 que el oficialismo es \u00abcompetitivo\u00bb para el proceso electoral, aunque pidi\u00f3 \u00abun acuerdo pol\u00edtico entre Alberto, Cristina y el ministro de Econom\u00eda,&nbsp;Sergio Massa\u00ab. Adem\u00e1s, llam\u00f3 a que \u00abhaya un acuerdo entre todos los espacios del Frente de Todos, ya sea <a class=\"mh-excerpt-more\" href=\"http:\/\/dsrmedios.com.ar\/diario\/archivos\/30623\" title=\"El pedido del Frente de Todos a Alberto Fern\u00e1ndez y Cristina Kirchner: \u00abSi no, no nos va a ir bien\u00bb\">[Leer m\u00e1s]<\/a><\/p>\n<\/div>","protected":false},"author":6,"featured_media":30530,"comment_status":"open","ping_status":"closed","sticky":false,"template":"","format":"standard","meta":{"_jetpack_newsletter_access":""},"categories":[6],"tags":[],"jetpack_featured_media_url":"http:\/\/dsrmedios.com.ar\/diario\/wp-content\/uploads\/2023\/04\/Frente-de-Todos-1009.webp","jetpack_sharing_enabled":true,"jetpack_shortlink":"https:\/\/wp.me\/p9fihK-7XV","_links":{"self":[{"href":"http:\/\/dsrmedios.com.ar\/diario\/wp-json\/wp\/v2\/posts\/30623"}],"collection":[{"href":"http:\/\/dsrmedios.com.ar\/diario\/wp-json\/wp\/v2\/posts"}],"about":[{"href":"http:\/\/dsrmedios.com.ar\/diario\/wp-json\/wp\/v2\/types\/post"}],"author":[{"embeddable":true,"href":"http:\/\/dsrmedios.com.ar\/diario\/wp-json\/wp\/v2\/users\/6"}],"replies":[{"embeddable":true,"href":"http:\/\/dsrmedios.com.ar\/diario\/wp-json\/wp\/v2\/comments?post=30623"}],"version-history":[{"count":1,"href":"http:\/\/dsrmedios.com.ar\/diario\/wp-json\/wp\/v2\/posts\/30623\/revisions"}],"predecessor-version":[{"id":30624,"href":"http:\/\/dsrmedios.com.ar\/diario\/wp-json\/wp\/v2\/posts\/30623\/revisions\/30624"}],"wp:featuredmedia":[{"embeddable":true,"href":"http:\/\/dsrmedios.com.ar\/diario\/wp-json\/wp\/v2\/media\/30530"}],"wp:attachment":[{"href":"http:\/\/dsrmedios.com.ar\/diario\/wp-json\/wp\/v2\/media?parent=30623"}],"wp:term":[{"taxonomy":"category","embeddable":true,"href":"http:\/\/dsrmedios.com.ar\/diario\/wp-json\/wp\/v2\/categories?post=30623"},{"taxonomy":"post_tag","embeddable":true,"href":"http:\/\/dsrmedios.com.ar\/diario\/wp-json\/wp\/v2\/tags?post=30623"}],"curies":[{"name":"wp","href":"https:\/\/api.w.org\/{rel}","templated":true}]}}