{"id":30619,"date":"2023-04-10T17:38:35","date_gmt":"2023-04-10T20:38:35","guid":{"rendered":"http:\/\/dsrmedios.com.ar\/diario\/?p=30619"},"modified":"2023-04-10T17:38:39","modified_gmt":"2023-04-10T20:38:39","slug":"lula-da-silva-reafirma-sus-promesas-de-campana-a-100-dias-de-asumir","status":"publish","type":"post","link":"http:\/\/dsrmedios.com.ar\/diario\/archivos\/30619","title":{"rendered":"Lula da Silva reafirma sus promesas de campa\u00f1a a 100 d\u00edas de asumir"},"content":{"rendered":"\n<p>Este lunes, el&nbsp;<strong>presidente de&nbsp;<a href=\"https:\/\/elintransigente.com\/tag\/brasil\/\" target=\"_blank\" rel=\"noreferrer noopener\">Brasil<\/a><\/strong>,&nbsp;<strong><a href=\"https:\/\/elintransigente.com\/tag\/lula-da-silva\/\" target=\"_blank\" rel=\"noreferrer noopener\">Lula da Silva<\/a><\/strong>, manifest\u00f3 que conf\u00eda en que el nuevo marco fiscal ser\u00e1 aprobado por el Congreso. Con motivo de sus&nbsp;<strong>100 d\u00edas en el cargo<\/strong>, expres\u00f3 que sigue pensando que las tasas de inter\u00e9s son \u00abdemasiado altas\u00bb. Adem\u00e1s de dificultar el crecimiento econ\u00f3mico. Pero agreg\u00f3 est\u00e1 seguro de que el Congreso aprobar\u00e1 el tan esperado nuevo marco fiscal.<\/p>\n\n\n\n<p>El l\u00edder izquierdista, que cumple su tercer mandato como presidente, tambi\u00e9n se refiri\u00f3 a los disturbios del 8 de enero. Cuando los partidarios de&nbsp;<strong>Jair Bolsonaro<\/strong>&nbsp;asaltaron edificios gubernamentales en Brasilia, buscando provocar un golpe militar pocos d\u00edas despu\u00e9s de su investidura. \u00abLa ultraderecha no quer\u00eda dejar el poder\u00bb, dijo Lula.<\/p>\n\n\n\n<p>\u00abEstamos construyendo un nuevo cap\u00edtulo en la historia de Brasil, mi optimismo no es exagerado\u00bb, agreg\u00f3. \u00abLos problemas heredados fueron tantos y en tantos frentes que el t\u00e9rmino \u2018reconstrucci\u00f3n\u2019 fue incorporado a la consigna del gobierno federal, precedido por otra palabra clave: \u2018uni\u00f3n\u2019. No hay dos Brasiles, el Brasil de los que votaron por m\u00ed y el Brasil de quien vot\u00f3 por otro candidato. Somos una naci\u00f3n\u00bb, afirm\u00f3.<\/p>\n\n\n\n<p>En el art\u00edculo publicado por el diario Correio Braziliense, titulado \u00abBrasil volvi\u00f3\u00bb, el mandatario cit\u00f3 varios programas sociales lanzados o relanzados en estos primeros tres meses. Entre ellos, el Programa de Adquisici\u00f3n de Alimentos (PAA). Un proyecto en el que el gobierno compra la producci\u00f3n de peque\u00f1os productores agr\u00edcolas para personas con la vulnerabilidad alimentaria, inform\u00f3 Reuters.<\/p>\n\n\n\n<p>La idea de la \u00abvuelta\u00bb de Brasil, fue replicada en cada p\u00e1rrafo. El mandatario destac\u00f3 los programas sociales que su gobierno relanz\u00f3, as\u00ed como el regreso de Brasil al mundo para dejar de ser un \u00abparia internacional\u00bb. Lula mencion\u00f3 que en este per\u00edodo, relanz\u00f3 el Bolsa Familia, uno de los programas emblema en sus anteriores mandatos y que retom\u00f3 en marzo.<\/p>\n\n\n\n<p>Fuente: El Intransigente<\/p>\n","protected":false},"excerpt":{"rendered":"<div class=\"mh-excerpt\"><p>Este lunes, el&nbsp;presidente de&nbsp;Brasil,&nbsp;Lula da Silva, manifest\u00f3 que conf\u00eda en que el nuevo marco fiscal ser\u00e1 aprobado por el Congreso. Con motivo de sus&nbsp;100 d\u00edas en el cargo, expres\u00f3 que sigue pensando que las tasas de inter\u00e9s son \u00abdemasiado altas\u00bb. Adem\u00e1s de dificultar el crecimiento econ\u00f3mico. Pero agreg\u00f3 est\u00e1 seguro de que el Congreso aprobar\u00e1 el tan esperado nuevo marco fiscal. El l\u00edder izquierdista, que cumple su tercer mandato como presidente, tambi\u00e9n se refiri\u00f3 a los disturbios del 8 de enero. Cuando los partidarios de&nbsp;Jair Bolsonaro&nbsp;asaltaron edificios gubernamentales en Brasilia, buscando provocar un golpe militar pocos d\u00edas despu\u00e9s de su <a class=\"mh-excerpt-more\" href=\"http:\/\/dsrmedios.com.ar\/diario\/archivos\/30619\" title=\"Lula da Silva reafirma sus promesas de campa\u00f1a a 100 d\u00edas de asumir\">[Leer m\u00e1s]<\/a><\/p>\n<\/div>","protected":false},"author":6,"featured_media":30620,"comment_status":"open","ping_status":"closed","sticky":false,"template":"","format":"standard","meta":{"_jetpack_newsletter_access":""},"categories":[6],"tags":[],"jetpack_featured_media_url":"http:\/\/dsrmedios.com.ar\/diario\/wp-content\/uploads\/2023\/04\/wjZrbGCM-_360x240__1.webp","jetpack_sharing_enabled":true,"jetpack_shortlink":"https:\/\/wp.me\/p9fihK-7XR","_links":{"self":[{"href":"http:\/\/dsrmedios.com.ar\/diario\/wp-json\/wp\/v2\/posts\/30619"}],"collection":[{"href":"http:\/\/dsrmedios.com.ar\/diario\/wp-json\/wp\/v2\/posts"}],"about":[{"href":"http:\/\/dsrmedios.com.ar\/diario\/wp-json\/wp\/v2\/types\/post"}],"author":[{"embeddable":true,"href":"http:\/\/dsrmedios.com.ar\/diario\/wp-json\/wp\/v2\/users\/6"}],"replies":[{"embeddable":true,"href":"http:\/\/dsrmedios.com.ar\/diario\/wp-json\/wp\/v2\/comments?post=30619"}],"version-history":[{"count":1,"href":"http:\/\/dsrmedios.com.ar\/diario\/wp-json\/wp\/v2\/posts\/30619\/revisions"}],"predecessor-version":[{"id":30621,"href":"http:\/\/dsrmedios.com.ar\/diario\/wp-json\/wp\/v2\/posts\/30619\/revisions\/30621"}],"wp:featuredmedia":[{"embeddable":true,"href":"http:\/\/dsrmedios.com.ar\/diario\/wp-json\/wp\/v2\/media\/30620"}],"wp:attachment":[{"href":"http:\/\/dsrmedios.com.ar\/diario\/wp-json\/wp\/v2\/media?parent=30619"}],"wp:term":[{"taxonomy":"category","embeddable":true,"href":"http:\/\/dsrmedios.com.ar\/diario\/wp-json\/wp\/v2\/categories?post=30619"},{"taxonomy":"post_tag","embeddable":true,"href":"http:\/\/dsrmedios.com.ar\/diario\/wp-json\/wp\/v2\/tags?post=30619"}],"curies":[{"name":"wp","href":"https:\/\/api.w.org\/{rel}","templated":true}]}}