{"id":30616,"date":"2023-04-10T17:31:58","date_gmt":"2023-04-10T20:31:58","guid":{"rendered":"http:\/\/dsrmedios.com.ar\/diario\/?p=30616"},"modified":"2023-04-10T17:32:02","modified_gmt":"2023-04-10T20:32:02","slug":"personal-domestico-como-son-las-nuevas-escalas-salariales-y-desde-cuando-se-aplicaran","status":"publish","type":"post","link":"http:\/\/dsrmedios.com.ar\/diario\/archivos\/30616","title":{"rendered":"Personal dom\u00e9stico:\u00a0c\u00f3mo son las nuevas escalas salariales y desde cu\u00e1ndo se aplicar\u00e1n"},"content":{"rendered":"\n<p>El Gobierno oficializ\u00f3 las&nbsp;<strong>nuevas escalas salariales para el personal dom\u00e9stico<\/strong>, las cuales contemplan un aumento del 27% para los pr\u00f3ximos tres meses y se llevar\u00e1 a cabo a partir desde mayo.<br><br>El acuerdo, formalizado a trav\u00e9s de la&nbsp;<strong>Resoluci\u00f3n 2\/2023<\/strong>&nbsp;de la&nbsp;<strong>Comisi\u00f3n Nacional de Trabajo en Casas Particulares<\/strong>, publicado este lunes en el&nbsp;<strong>Bolet\u00edn Oficial<\/strong>, define que se tratar\u00e1 de un aumento&nbsp;<strong>no acumulativo<\/strong>&nbsp;sobre los haberes de marzo, sino que ser\u00e1 el 14% a partir de abril, 7% en mayo y 6% a partir de junio.<br><br>Este incremento se acord\u00f3 en una&nbsp;<a href=\"https:\/\/www.canal26.com\/economia\/personal-domestico-definen-un-nuevo-aumento-salarial--338349\" target=\"_blank\" rel=\"noreferrer noopener\">reuni\u00f3n de la Comisi\u00f3n<\/a>&nbsp;que se llev\u00f3 a cabo el 28 de marzo, y ahora se oficializaron las remuneraciones horarias y mensuales m\u00ednimas para el personal comprendido en el R\u00e9gimen establecido por la Ley N\u00b0 26.844.<\/p>\n\n\n\n<p><img decoding=\"async\" src=\"https:\/\/www.canal26.com\/media\/image\/2021\/06\/25\/478966.jpg\" alt=\"Personal domestico\"><br><em><strong>El aumento del 27% ser\u00e1 no acumulativo.<\/strong><\/em><\/p>\n\n\n\n<h2>C\u00f3mo quedan definidos los salarios del personal dom\u00e9stico<\/h2>\n\n\n\n<p>Con los haberes de este mes, el\u00a0<strong>personal de tareas generales<\/strong>\u00a0<strong>con retiro<\/strong>\u00a0pasar\u00e1 a percibir<strong>\u00a0$697,5 por hora<\/strong>\u00a0o\u00a0<strong>$85.586 mensuales<\/strong>, mientras que durante cada uno de los\u00a0<strong>dos meses siguientes<\/strong>, los valores ser\u00e1n de\u00a0<strong>$740 y $777 por hora<\/strong>\u00a0y\u00a0<strong>$90.841 y $95.345,5 mensuales<\/strong>. Por su parte, los\u00a0<strong>sin retiro cobrar\u00e1n $752 por hora<\/strong>\u00a0o\u00a0<strong>$95.170,5<\/strong>\u00a0en el primer mes del acuerdo, y\u00a0<strong>$798 y $838 por hora<\/strong>\u00a0y\u00a0<strong>$101.014 y $106.023<\/strong>\u00a0<strong>durante mayo y junio<\/strong>.<br><br>En tanto, los ingresos de un\u00a0<strong>supervisor<\/strong>\u00a0<strong>con retiro<\/strong>\u00a0ser\u00e1n de\u00a0<strong>$841,5, $893 y $937 por hora<\/strong>, y de\u00a0<strong>$104.993, $111.440 y $116.966 mensual<\/strong>\u00a0en los tres meses contemplados en el acuerdo. Mientras que el haber\u00a0<strong>sin retiro<\/strong>\u00a0ser\u00e1 de\u00a0<strong>$921,5, $978 y $1026,5 por hora<\/strong>\u00a0y\u00a0<strong>$116.950, $124.131,5 y $130.287 por mes.<\/strong><br><br>Por otro lado, el Poder Ejecutivo comunic\u00f3 que se aplicar\u00e1 un adicional por zona desfavorable, el cual ser\u00e1 equivalente al 30% sobre los salarios m\u00ednimos establecidos para cada una de las categor\u00edas respecto del personal que preste tareas en las provincias de La Pampa, R\u00edo Negro, Chubut, Neuqu\u00e9n, Santa Cruz, Tierra del Fuego y en el partido de Patagones de la provincia de Buenos Aires.<\/p>\n\n\n\n<p>Fuente: DIARIO26<\/p>\n","protected":false},"excerpt":{"rendered":"<div class=\"mh-excerpt\"><p>El Gobierno oficializ\u00f3 las&nbsp;nuevas escalas salariales para el personal dom\u00e9stico, las cuales contemplan un aumento del 27% para los pr\u00f3ximos tres meses y se llevar\u00e1 a cabo a partir desde mayo. El acuerdo, formalizado a trav\u00e9s de la&nbsp;Resoluci\u00f3n 2\/2023&nbsp;de la&nbsp;Comisi\u00f3n Nacional de Trabajo en Casas Particulares, publicado este lunes en el&nbsp;Bolet\u00edn Oficial, define que se tratar\u00e1 de un aumento&nbsp;no acumulativo&nbsp;sobre los haberes de marzo, sino que ser\u00e1 el 14% a partir de abril, 7% en mayo y 6% a partir de junio. Este incremento se acord\u00f3 en una&nbsp;reuni\u00f3n de la Comisi\u00f3n&nbsp;que se llev\u00f3 a cabo el 28 de marzo, y <a class=\"mh-excerpt-more\" href=\"http:\/\/dsrmedios.com.ar\/diario\/archivos\/30616\" title=\"Personal dom\u00e9stico:\u00a0c\u00f3mo son las nuevas escalas salariales y desde cu\u00e1ndo se aplicar\u00e1n\">[Leer m\u00e1s]<\/a><\/p>\n<\/div>","protected":false},"author":6,"featured_media":30617,"comment_status":"open","ping_status":"closed","sticky":false,"template":"","format":"standard","meta":{"_jetpack_newsletter_access":""},"categories":[6],"tags":[],"jetpack_featured_media_url":"http:\/\/dsrmedios.com.ar\/diario\/wp-content\/uploads\/2023\/04\/478966.jpg","jetpack_sharing_enabled":true,"jetpack_shortlink":"https:\/\/wp.me\/p9fihK-7XO","_links":{"self":[{"href":"http:\/\/dsrmedios.com.ar\/diario\/wp-json\/wp\/v2\/posts\/30616"}],"collection":[{"href":"http:\/\/dsrmedios.com.ar\/diario\/wp-json\/wp\/v2\/posts"}],"about":[{"href":"http:\/\/dsrmedios.com.ar\/diario\/wp-json\/wp\/v2\/types\/post"}],"author":[{"embeddable":true,"href":"http:\/\/dsrmedios.com.ar\/diario\/wp-json\/wp\/v2\/users\/6"}],"replies":[{"embeddable":true,"href":"http:\/\/dsrmedios.com.ar\/diario\/wp-json\/wp\/v2\/comments?post=30616"}],"version-history":[{"count":1,"href":"http:\/\/dsrmedios.com.ar\/diario\/wp-json\/wp\/v2\/posts\/30616\/revisions"}],"predecessor-version":[{"id":30618,"href":"http:\/\/dsrmedios.com.ar\/diario\/wp-json\/wp\/v2\/posts\/30616\/revisions\/30618"}],"wp:featuredmedia":[{"embeddable":true,"href":"http:\/\/dsrmedios.com.ar\/diario\/wp-json\/wp\/v2\/media\/30617"}],"wp:attachment":[{"href":"http:\/\/dsrmedios.com.ar\/diario\/wp-json\/wp\/v2\/media?parent=30616"}],"wp:term":[{"taxonomy":"category","embeddable":true,"href":"http:\/\/dsrmedios.com.ar\/diario\/wp-json\/wp\/v2\/categories?post=30616"},{"taxonomy":"post_tag","embeddable":true,"href":"http:\/\/dsrmedios.com.ar\/diario\/wp-json\/wp\/v2\/tags?post=30616"}],"curies":[{"name":"wp","href":"https:\/\/api.w.org\/{rel}","templated":true}]}}