{"id":30611,"date":"2023-04-10T17:29:06","date_gmt":"2023-04-10T20:29:06","guid":{"rendered":"http:\/\/dsrmedios.com.ar\/diario\/?p=30611"},"modified":"2023-04-10T17:30:32","modified_gmt":"2023-04-10T20:30:32","slug":"boleta-unica-electronica-como-usarla-y-que-son-las-elecciones-concurrentes","status":"publish","type":"post","link":"http:\/\/dsrmedios.com.ar\/diario\/archivos\/30611","title":{"rendered":"Boleta \u00danica Electr\u00f3nica:\u00a0c\u00f3mo usarla y qu\u00e9 son las elecciones concurrentes"},"content":{"rendered":"\n<p><strong><a href=\"https:\/\/www.canal26.com\/politica\/rodriguez-larreta-oficializo-su-decision-de-desdoblar-las-elecciones-en-ciudad-de-buenos-aires--339734\" target=\"_blank\" rel=\"noreferrer noopener\">Horacio Rodr\u00edguez&nbsp;Larreta<\/a><\/strong>,&nbsp;Jefe de Gobierno de la Ciudad de Buenos Aires, anunci\u00f3 que la votaci\u00f3n de las&nbsp;<strong>PASO<\/strong>&nbsp;porte\u00f1as ser\u00e1n el&nbsp;<strong>13 de agosto<\/strong>, en la misma fecha que las&nbsp;<strong>elecciones nacionales.<\/strong>&nbsp;Sin embargo, explic\u00f3 que se realizar\u00e1n de forma&nbsp;<strong>concurrente<\/strong>, por lo que&nbsp;<strong>los ciudadanos deber\u00e1n votar dos veces el mismo d\u00eda&nbsp;<\/strong>y con&nbsp;<strong>Boleta \u00danica&nbsp;E<\/strong><strong>lectr\u00f3nica<\/strong>.&nbsp;<\/p>\n\n\n\n<p>\u201cComo jefe de Gobierno me toca la responsabilidad de decidir c\u00f3mo y cu\u00e1ndo se vota en la Ciudad\u201d, comenz\u00f3 expresando&nbsp;<strong>Larreta<\/strong>. Desde&nbsp;los distintos colores pol\u00edticos criticaron la selecci\u00f3n de este m\u00e9todo&nbsp;por el hecho de que&nbsp;<strong>ning\u00fan candidato de la ciudad estar\u00e1 en la misma boleta que su figura partidaria presidencial.&nbsp;<\/strong><\/p>\n\n\n\n<h2>\u00bfQu\u00e9 quiere decir que las elecciones son &#8220;concurrentes&#8221;?<\/h2>\n\n\n\n<p>Las elecciones concurrentes se refieren a un&nbsp;<strong>desdoblamiento de la votaci\u00f3n.<\/strong>&nbsp;Es decir, al acceder al establecimiento a votar, la persona se encontrar\u00e1 con&nbsp;<strong>dos urnas.<\/strong><\/p>\n\n\n\n<p>En una de ellas entrar\u00e1n los votos para&nbsp;<strong>presidente y diputados nacionales<\/strong>&nbsp;seleccionados en la cl\u00e1sica<strong>&nbsp;s\u00e1bana ubicada en el cuarto oscuro.<\/strong>&nbsp;Por otra parte, deber\u00e1 decidir qu\u00e9 candidato a&nbsp;<strong>Jefe de Gobierno<\/strong>&nbsp;prefiere, pero utilizando la&nbsp;<strong>Boleta \u00danica&nbsp;Electr\u00f3nica.&nbsp;<\/strong><\/p>\n\n\n\n<h2>\u00bfQu\u00e9 es la Boleta \u00danica&nbsp;Electr\u00f3nica?<\/h2>\n\n\n\n<p>La<strong>&nbsp;Boleta \u00danica&nbsp;Electr\u00f3nica<\/strong>&nbsp;permite elegir a los candidatos con una&nbsp;<strong>m\u00e1quina<\/strong>&nbsp;que tiene&nbsp;<strong>pantalla t\u00e1ctil<\/strong>&nbsp;y&nbsp;que&nbsp;<strong>imprime la boleta<\/strong>.&nbsp;De esta manera, se obtiene una boleta que contiene un&nbsp;<strong>chip<\/strong>&nbsp;con la informaci\u00f3n del voto que se ingresa posteriormente en la urna.&nbsp;<\/p>\n\n\n\n<p>Para usarla, los votantes deber\u00e1n entregar el&nbsp;<strong>DNI<\/strong>&nbsp;al presidente de mesa como hacen normalmente, solo que esta vez, la autoridad de mesa les dar\u00e1 una&nbsp;<strong>Boleta \u00danica&nbsp;Electr\u00f3nica<\/strong>. Despu\u00e9s, deben&nbsp;<strong>introducir el papel en la ranura de la m\u00e1quina<\/strong>&nbsp;para poder ver a los candidatos y votar.&nbsp;<\/p>\n\n\n\n<p>Fuente: Canal26<\/p>\n","protected":false},"excerpt":{"rendered":"<div class=\"mh-excerpt\"><p>Horacio Rodr\u00edguez&nbsp;Larreta,&nbsp;Jefe de Gobierno de la Ciudad de Buenos Aires, anunci\u00f3 que la votaci\u00f3n de las&nbsp;PASO&nbsp;porte\u00f1as ser\u00e1n el&nbsp;13 de agosto, en la misma fecha que las&nbsp;elecciones nacionales.&nbsp;Sin embargo, explic\u00f3 que se realizar\u00e1n de forma&nbsp;concurrente, por lo que&nbsp;los ciudadanos deber\u00e1n votar dos veces el mismo d\u00eda&nbsp;y con&nbsp;Boleta \u00danica&nbsp;Electr\u00f3nica.&nbsp; \u201cComo jefe de Gobierno me toca la responsabilidad de decidir c\u00f3mo y cu\u00e1ndo se vota en la Ciudad\u201d, comenz\u00f3 expresando&nbsp;Larreta. Desde&nbsp;los distintos colores pol\u00edticos criticaron la selecci\u00f3n de este m\u00e9todo&nbsp;por el hecho de que&nbsp;ning\u00fan candidato de la ciudad estar\u00e1 en la misma boleta que su figura partidaria presidencial.&nbsp; \u00bfQu\u00e9 quiere decir que las <a class=\"mh-excerpt-more\" href=\"http:\/\/dsrmedios.com.ar\/diario\/archivos\/30611\" title=\"Boleta \u00danica Electr\u00f3nica:\u00a0c\u00f3mo usarla y qu\u00e9 son las elecciones concurrentes\">[Leer m\u00e1s]<\/a><\/p>\n<\/div>","protected":false},"author":6,"featured_media":30612,"comment_status":"open","ping_status":"closed","sticky":false,"template":"","format":"standard","meta":{"_jetpack_newsletter_access":""},"categories":[6],"tags":[],"jetpack_featured_media_url":"http:\/\/dsrmedios.com.ar\/diario\/wp-content\/uploads\/2023\/04\/306017.jpg","jetpack_sharing_enabled":true,"jetpack_shortlink":"https:\/\/wp.me\/p9fihK-7XJ","_links":{"self":[{"href":"http:\/\/dsrmedios.com.ar\/diario\/wp-json\/wp\/v2\/posts\/30611"}],"collection":[{"href":"http:\/\/dsrmedios.com.ar\/diario\/wp-json\/wp\/v2\/posts"}],"about":[{"href":"http:\/\/dsrmedios.com.ar\/diario\/wp-json\/wp\/v2\/types\/post"}],"author":[{"embeddable":true,"href":"http:\/\/dsrmedios.com.ar\/diario\/wp-json\/wp\/v2\/users\/6"}],"replies":[{"embeddable":true,"href":"http:\/\/dsrmedios.com.ar\/diario\/wp-json\/wp\/v2\/comments?post=30611"}],"version-history":[{"count":3,"href":"http:\/\/dsrmedios.com.ar\/diario\/wp-json\/wp\/v2\/posts\/30611\/revisions"}],"predecessor-version":[{"id":30615,"href":"http:\/\/dsrmedios.com.ar\/diario\/wp-json\/wp\/v2\/posts\/30611\/revisions\/30615"}],"wp:featuredmedia":[{"embeddable":true,"href":"http:\/\/dsrmedios.com.ar\/diario\/wp-json\/wp\/v2\/media\/30612"}],"wp:attachment":[{"href":"http:\/\/dsrmedios.com.ar\/diario\/wp-json\/wp\/v2\/media?parent=30611"}],"wp:term":[{"taxonomy":"category","embeddable":true,"href":"http:\/\/dsrmedios.com.ar\/diario\/wp-json\/wp\/v2\/categories?post=30611"},{"taxonomy":"post_tag","embeddable":true,"href":"http:\/\/dsrmedios.com.ar\/diario\/wp-json\/wp\/v2\/tags?post=30611"}],"curies":[{"name":"wp","href":"https:\/\/api.w.org\/{rel}","templated":true}]}}