{"id":30606,"date":"2023-04-10T17:21:21","date_gmt":"2023-04-10T20:21:21","guid":{"rendered":"http:\/\/dsrmedios.com.ar\/diario\/?p=30606"},"modified":"2023-04-10T17:21:25","modified_gmt":"2023-04-10T20:21:25","slug":"bienes-personales-el-gobierno-avanza-con-el-revaluo-inmobiliario-que-acordo-con-el-fondo-monetario","status":"publish","type":"post","link":"http:\/\/dsrmedios.com.ar\/diario\/archivos\/30606","title":{"rendered":"Bienes Personales: el Gobierno avanza con el reval\u00fao inmobiliario que acord\u00f3 con el Fondo Monetario"},"content":{"rendered":"\n<p>El Gobierno avanz\u00f3 en los \u00faltimos meses en medidas para mejorar la<strong>&nbsp;recaudaci\u00f3n de<\/strong>&nbsp;<strong>Bienes Personales<\/strong>&nbsp;a trav\u00e9s de un rec\u00e1lculo de los&nbsp;<strong>valores de los inmuebles<\/strong>, algo sobre lo que avanzar\u00e1 en una primera instancia en el&nbsp;<strong>\u00c1rea Metropolitana de Buenos Aires (AMBA)<\/strong>, seg\u00fan dej\u00f3 saber el Poder Ejecutivo al Fondo Monetario Internacional.<\/p>\n\n\n\n<p>Uno de los compromisos que corren en paralelo a las metas condicionales &#8211;<strong>reservas, d\u00e9ficit fiscal y emisi\u00f3n monetaria<\/strong>&#8211; hay una hoja de ruta consensuada con el FMI para aplicar una serie de medidas de pol\u00edtica econ\u00f3mica que apunta, entre otros aspectos, a mejorar el cumplimiento del cobro de impuestos y a<strong>&nbsp;apuntalar Bienes Personales<\/strong>&nbsp;por la v\u00eda de una valuaci\u00f3n m\u00e1s precisa de los inmuebles en todo el pa\u00eds.<\/p>\n\n\n\n<p>En el \u00faltimo reporte de staff dado a conocer hace una semana el Poder Ejecutivo actualiz\u00f3 c\u00f3mo sigue la implementaci\u00f3n de esa decisi\u00f3n, que hab\u00eda sido planificada originalmente para fines de septiembre del a\u00f1o pasado, pero que fue postergada tras la salida de&nbsp;<strong>Mart\u00edn Guzm\u00e1n<\/strong>&nbsp;del Ministerio de Econom\u00eda.<\/p>\n\n\n\n<p>En ese plano, el informe del equipo t\u00e9cnico del organismo prev\u00e9 que para mejorar el ingreso por&nbsp;<strong>Bienes Personales<\/strong>&nbsp;ser\u00e1 necesario \u201cmejorar la base de datos de impuestos federales, al&nbsp;<strong>conectar los catastros<\/strong>&nbsp;provinciales y los registros de impuestos sobre la propiedad con los<strong>&nbsp;n\u00fameros de identificaci\u00f3n de contribuyentes<\/strong>&nbsp;federales (CUIT\/CUIL), comenzando con la regi\u00f3n AMBA\u201d, detall\u00f3.<\/p>\n\n\n\n<p><img decoding=\"async\" loading=\"lazy\" alt=\"Esta semana continuar\u00e1 la negociaci\u00f3n con el Fondo Monetario en Washington con presencia de funcionarios argentinos\" height=\"1080\" width=\"1920\" class=\"\" src=\"https:\/\/cloudfront-us-east-1.images.arcpublishing.com\/infobae\/I7AMID3GUZBDTMDMSULNOPINTM.jpg\" srcset=\"https:\/\/www.infobae.com\/new-resizer\/FU3pY89rRSFbbWUWSvSpGBS7q3o=\/420x236\/filters:format(webp):quality(85)\/cloudfront-us-east-1.images.arcpublishing.com\/infobae\/I7AMID3GUZBDTMDMSULNOPINTM.jpg 420w,https:\/\/www.infobae.com\/new-resizer\/7yEzm_nPjPS1NildH0Oizr5gfLc=\/768x432\/filters:format(webp):quality(85)\/cloudfront-us-east-1.images.arcpublishing.com\/infobae\/I7AMID3GUZBDTMDMSULNOPINTM.jpg 768w,https:\/\/www.infobae.com\/new-resizer\/TukBDu0Y59wB4VK30SRYqC122-A=\/992x558\/filters:format(webp):quality(85)\/cloudfront-us-east-1.images.arcpublishing.com\/infobae\/I7AMID3GUZBDTMDMSULNOPINTM.jpg 992w,https:\/\/www.infobae.com\/new-resizer\/yB7N1TU-mrzFizBbg_J8tbRsZTQ=\/1200x675\/filters:format(webp):quality(85)\/cloudfront-us-east-1.images.arcpublishing.com\/infobae\/I7AMID3GUZBDTMDMSULNOPINTM.jpg 1200w,https:\/\/www.infobae.com\/new-resizer\/1xtefSS3xQ6X3yO-_ruJEfl56TQ=\/1440x810\/filters:format(webp):quality(85)\/cloudfront-us-east-1.images.arcpublishing.com\/infobae\/I7AMID3GUZBDTMDMSULNOPINTM.jpg 1440w\">Esta semana continuar\u00e1 la negociaci\u00f3n con el Fondo Monetario en Washington con presencia de funcionarios argentinos<\/p>\n\n\n\n<p>En ese sentido, mencion\u00f3, tras las conversaciones con los funcionarios argentinos, que \u201cee est\u00e1n logrando avances importantes en esta \u00e1rea, con alrededor del&nbsp;<strong>75 por ciento de CUIT\/CUIL<\/strong>&nbsp;vinculados a la propiedad relevante en la&nbsp;<strong>regi\u00f3n AMBA<\/strong>&nbsp;a fines de enero\u201d, continu\u00f3.<\/p>\n\n\n\n<p>Fuentes de la Agencia de Recaudaci\u00f3n de Buenos Aires (ARBA) aseguraron a&nbsp;<strong>Infobae&nbsp;<\/strong>que el fisco provincial envi\u00f3 los datos a Naci\u00f3n para su procesamiento. \u201cLes compartimos la base de datos del&nbsp;<strong>catastro \u2018cuitificada\u2019&nbsp;<\/strong>y puede asociar propiedad con CUIT y&nbsp;<strong>ven si lo tiene declarado<\/strong>&nbsp;en Bienes Personales\u201d, explicaron.<\/p>\n\n\n\n<p>Habr\u00e1 una segunda etapa, a nivel federal, para poder recalcular la base impositiva de Bienes Personales por los inmuebles&nbsp;<strong>en todas las provincias<\/strong>, una tarea que requerir\u00e1 del trabajo de cada gobernaci\u00f3n con asistencia t\u00e9cnica del Organismo Federal de Valuaciones de Inmuebles (Ofevi), un ente cuya creaci\u00f3n se hab\u00eda discutido en acuerdos fiscales federales en a\u00f1os anteriores pero que fue oficializado en agosto pasado, cuando pas\u00f3 a estar bajo la \u00f3rbita del Ministerio de Econom\u00eda.<\/p>\n\n\n\n<p>La Ofevi, seg\u00fan report\u00f3 el FMI \u201cest\u00e1 desarrollando una&nbsp;<strong>metodolog\u00eda unificada<\/strong>&nbsp;para las valuaciones de propiedades, de modo que las valuaciones futuras (para efectos de Bienes Personales) se basen en la mayor de la valuaci\u00f3n provincial; o la valoraci\u00f3n de la metodolog\u00eda unificada de Ofevi\u201d, anticip\u00f3. En gobiernos provinciales consultados por&nbsp;<strong>Infobae<\/strong>&nbsp;aseguraron que&nbsp;<strong>no hubo trabajo t\u00e9cnico conjunto&nbsp;<\/strong>por el momento para poner en marcha un mecanismo de esa naturaleza.<\/p>\n\n\n\n<p>En la primera versi\u00f3n del programa con el FMI, el equipo econ\u00f3mico -todav\u00eda en manos de&nbsp;<strong>Guzm\u00e1n<\/strong>&#8211; hab\u00eda proyectado cu\u00e1ntos ingresos extra supondr\u00eda para el fisco y cu\u00e1ntos contribuyentes estar\u00edan alcanzados si se concretara una medida de esta naturaleza. \u201cLos rendimientos de esta iniciativa, descontada la coparticipaci\u00f3n, podr\u00edan ascender a 0,1% del PBI en el ejercicio fiscal 2022 y a un&nbsp;<strong>0,2% del PBI&nbsp;<\/strong>adicional en los pr\u00f3ximos a\u00f1os. Esperamos que este proceso pueda&nbsp;<strong>alcanzar 400.000 contribuyentes<\/strong>, o cerca de&nbsp;<strong>597.000 propiedades urbanas<\/strong>&nbsp;sujetas al impuesto anual sobre los bienes personales\u201d, hab\u00eda estimado el Poder Ejecutivo.<\/p>\n\n\n\n<p><img decoding=\"async\" loading=\"lazy\" alt=\"El Gobierno busca apuntalar la recaudaci\u00f3n de Bienes Personales por la v\u00eda de un reval\u00fao inmobiliario\" height=\"1080\" width=\"1920\" class=\"\" src=\"https:\/\/cloudfront-us-east-1.images.arcpublishing.com\/infobae\/AH6DAY6KPVEVDJ4TJK3OL7CWOU.jpg\" srcset=\"https:\/\/www.infobae.com\/new-resizer\/E1Z1cCSmLYhBwYr5RVLD-DWScGw=\/420x236\/filters:format(webp):quality(85)\/cloudfront-us-east-1.images.arcpublishing.com\/infobae\/AH6DAY6KPVEVDJ4TJK3OL7CWOU.jpg 420w,https:\/\/www.infobae.com\/new-resizer\/6d0koKj-Zm58NnKuVLRM4XkPbiI=\/768x432\/filters:format(webp):quality(85)\/cloudfront-us-east-1.images.arcpublishing.com\/infobae\/AH6DAY6KPVEVDJ4TJK3OL7CWOU.jpg 768w,https:\/\/www.infobae.com\/new-resizer\/08TY1pG11nTTNOyiR_V_vFiEz80=\/992x558\/filters:format(webp):quality(85)\/cloudfront-us-east-1.images.arcpublishing.com\/infobae\/AH6DAY6KPVEVDJ4TJK3OL7CWOU.jpg 992w,https:\/\/www.infobae.com\/new-resizer\/LKL4UbDeUJSdywQiQ29n4gwCHL8=\/1200x675\/filters:format(webp):quality(85)\/cloudfront-us-east-1.images.arcpublishing.com\/infobae\/AH6DAY6KPVEVDJ4TJK3OL7CWOU.jpg 1200w,https:\/\/www.infobae.com\/new-resizer\/K3cARwJyjFfpvX2cwK19a5evcK8=\/1440x810\/filters:format(webp):quality(85)\/cloudfront-us-east-1.images.arcpublishing.com\/infobae\/AH6DAY6KPVEVDJ4TJK3OL7CWOU.jpg 1440w\">El Gobierno busca apuntalar la recaudaci\u00f3n de Bienes Personales por la v\u00eda de un reval\u00fao inmobiliario<\/p>\n\n\n\n<p>El Ministerio de Econom\u00eda retomar\u00e1 esta semana con las conversaciones con el Fondo Monetario. Una primera delegaci\u00f3n del Palacio de Hacienda ya se encuentra en Washington, entre ellos el viceministro&nbsp;<strong>Gabriel Rubinstein<\/strong>&nbsp;y el vicepresidente del Banco Central&nbsp;<strong>Lisandro Cleri<\/strong>.<\/p>\n\n\n\n<p><strong>Sergio Massa&nbsp;<\/strong>participar\u00e1 de la reuni\u00f3n de primavera del Fondo Monetario y el Banco Mundial, y buscar\u00e1 acelerar el ingreso de desembolsos de&nbsp;<strong>organismos internacionales<\/strong>, una de las canillas de financiamiento en moneda dura que buscar\u00e1 explotar todo lo posible el equipo econ\u00f3mico.<\/p>\n\n\n\n<p>El indicio que dej\u00f3 saber el Fondo Monetario en su&nbsp;<em>staff report<\/em>&nbsp;sobre la necesidad de seguir rediscutiendo las metas del programa podr\u00eda derivar en una discusi\u00f3n t\u00e9cnica que tenga lugar desde las pr\u00f3ximas semanas, m\u00e1s all\u00e1 del contacto habitual que hay de manera virtual a distancia entre los dos lados de la mesa. El pr\u00f3ximo desembolso tiene fecha<strong>&nbsp;a fines de junio<\/strong>, antes de lo cual deber\u00e1 haber una revisi\u00f3n de metas del primer trimestre -las de reservas y la fiscal probablemente terminen con incumplimiento- y un nuevo debate en el directorio.<\/p>\n\n\n\n<p>De las cifras que componen la columna vertebral del EFF solo fue modificada la meta de<strong>\u00a0reservas<\/strong>: USD 1.900 millones a acopiar en el primer trimestre (un objetivo que fue incumplido), USD 6.800 millones para el segundo, USD 7.200 millones para el tercero y USD 8.000 millones a fin de a\u00f1o. Es, en definitiva, un rec\u00e1lculo de\u00a0<strong>USD 1.800 millones\u00a0<\/strong>respecto al horizonte original. No hubo, por el momento, cambios en las metas fiscales ni monetarias.<\/p>\n\n\n\n<p>Fuente: Infobae<\/p>\n","protected":false},"excerpt":{"rendered":"<div class=\"mh-excerpt\"><p>El Gobierno avanz\u00f3 en los \u00faltimos meses en medidas para mejorar la&nbsp;recaudaci\u00f3n de&nbsp;Bienes Personales&nbsp;a trav\u00e9s de un rec\u00e1lculo de los&nbsp;valores de los inmuebles, algo sobre lo que avanzar\u00e1 en una primera instancia en el&nbsp;\u00c1rea Metropolitana de Buenos Aires (AMBA), seg\u00fan dej\u00f3 saber el Poder Ejecutivo al Fondo Monetario Internacional. Uno de los compromisos que corren en paralelo a las metas condicionales &#8211;reservas, d\u00e9ficit fiscal y emisi\u00f3n monetaria&#8211; hay una hoja de ruta consensuada con el FMI para aplicar una serie de medidas de pol\u00edtica econ\u00f3mica que apunta, entre otros aspectos, a mejorar el cumplimiento del cobro de impuestos y a&nbsp;apuntalar <a class=\"mh-excerpt-more\" href=\"http:\/\/dsrmedios.com.ar\/diario\/archivos\/30606\" title=\"Bienes Personales: el Gobierno avanza con el reval\u00fao inmobiliario que acord\u00f3 con el Fondo Monetario\">[Leer m\u00e1s]<\/a><\/p>\n<\/div>","protected":false},"author":6,"featured_media":30607,"comment_status":"open","ping_status":"closed","sticky":false,"template":"","format":"standard","meta":{"_jetpack_newsletter_access":""},"categories":[6],"tags":[],"jetpack_featured_media_url":"http:\/\/dsrmedios.com.ar\/diario\/wp-content\/uploads\/2023\/04\/BQVM3ZTSABHYDNWPSCR2XXHTOI.jpg","jetpack_sharing_enabled":true,"jetpack_shortlink":"https:\/\/wp.me\/p9fihK-7XE","_links":{"self":[{"href":"http:\/\/dsrmedios.com.ar\/diario\/wp-json\/wp\/v2\/posts\/30606"}],"collection":[{"href":"http:\/\/dsrmedios.com.ar\/diario\/wp-json\/wp\/v2\/posts"}],"about":[{"href":"http:\/\/dsrmedios.com.ar\/diario\/wp-json\/wp\/v2\/types\/post"}],"author":[{"embeddable":true,"href":"http:\/\/dsrmedios.com.ar\/diario\/wp-json\/wp\/v2\/users\/6"}],"replies":[{"embeddable":true,"href":"http:\/\/dsrmedios.com.ar\/diario\/wp-json\/wp\/v2\/comments?post=30606"}],"version-history":[{"count":1,"href":"http:\/\/dsrmedios.com.ar\/diario\/wp-json\/wp\/v2\/posts\/30606\/revisions"}],"predecessor-version":[{"id":30608,"href":"http:\/\/dsrmedios.com.ar\/diario\/wp-json\/wp\/v2\/posts\/30606\/revisions\/30608"}],"wp:featuredmedia":[{"embeddable":true,"href":"http:\/\/dsrmedios.com.ar\/diario\/wp-json\/wp\/v2\/media\/30607"}],"wp:attachment":[{"href":"http:\/\/dsrmedios.com.ar\/diario\/wp-json\/wp\/v2\/media?parent=30606"}],"wp:term":[{"taxonomy":"category","embeddable":true,"href":"http:\/\/dsrmedios.com.ar\/diario\/wp-json\/wp\/v2\/categories?post=30606"},{"taxonomy":"post_tag","embeddable":true,"href":"http:\/\/dsrmedios.com.ar\/diario\/wp-json\/wp\/v2\/tags?post=30606"}],"curies":[{"name":"wp","href":"https:\/\/api.w.org\/{rel}","templated":true}]}}