{"id":30597,"date":"2023-04-10T17:14:52","date_gmt":"2023-04-10T20:14:52","guid":{"rendered":"http:\/\/dsrmedios.com.ar\/diario\/?p=30597"},"modified":"2023-04-10T17:14:56","modified_gmt":"2023-04-10T20:14:56","slug":"patricia-bullrich-tambien-cuestiono-a-rodriguez-larreta-manipulo-las-reglas-electorales-a-cuatro-meses-de-las-elecciones","status":"publish","type":"post","link":"http:\/\/dsrmedios.com.ar\/diario\/archivos\/30597","title":{"rendered":"Patricia Bullrich tambi\u00e9n cuestion\u00f3 a Rodr\u00edguez Larreta: \u201cManipul\u00f3 las reglas electorales a cuatro meses de las elecciones\u201d"},"content":{"rendered":"\n<p>\u201c<strong>Manipul\u00f3 las reglas electorales en la ciudad de Buenos Aires a cuatro meses de las elecciones<\/strong>\u201d. Con esa frase, la presidenta del PRO, Patricia Bullrich, cuestion\u00f3 la decisi\u00f3n del jefe de Gobierno porte\u00f1o, Horacio Rodr\u00edguez Larreta, de modificar el sistema y que la votaci\u00f3n de CABA sea desdoblada y con boleta \u00fanica electr\u00f3nica.<\/p>\n\n\n\n<p>La cr\u00edtica de Bullrich est\u00e1 en sinton\u00eda con el cuestionamiento del ex presidente&nbsp;<strong>Mauricio Macri<\/strong>&nbsp;y de la ex gobernadora bonaerense&nbsp;<strong>Mar\u00eda Eugenia Vidal<\/strong>, y la hizo a trav\u00e9s de las redes sociales en donde, adem\u00e1s, sum\u00f3 un video publicado por&nbsp;<strong>Infobae<\/strong>, en donde el propio Larreta se manifiesta en contra de modificar los sistemas de votaci\u00f3n en un a\u00f1o electoral.<\/p>\n\n\n\n<p>\u201cEs muy simple: la coherencia y la convicci\u00f3n son los valores que defendemos. Por eso: \u2018Est\u00e1 mal cambiar las reglas; es hacer trampa\u201d, como dijo Horacio Rodr\u00edguez Larreta. Hoy, \u00e9l manipul\u00f3 las reglas electorales en la ciudad de Buenos Aires a cuatro meses de las elecciones. Cuidemos el dinero de la gente.&nbsp;<strong>Esta decisi\u00f3n es un despilfarro<\/strong>. Nosotros seguimos por el camino de los valores. Conmigo, estas cosas no van a pasar\u201d, indic\u00f3 Bullrich.<\/p>\n\n\n\n<p>El mencionado video fue publicado en las redes por diversos dirigentes, entre ellos el legislador de La Libertad Avanza,&nbsp;<strong>Ramiro Marra<\/strong>.<\/p>\n\n\n\n<p><img decoding=\"async\" loading=\"lazy\" alt=\"De izquierda a derecha: el ex secretario general de la Presidencia, Fernando De Andreis; el jefe de Gobierno porte\u00f1o, Horacio Rodr\u00edguez Larreta; el ex presidente del PRO, Humberto Schiavonni; el ex presidente Mauricio Macri; y la ex ministra de Seguridad, Patricia Bullrich (Roberto Almeida)\" height=\"1180\" width=\"2098\" class=\"\" src=\"https:\/\/cloudfront-us-east-1.images.arcpublishing.com\/infobae\/NS5DPM4HSJFEZH7MTVKUDWI2EE.jpeg\" srcset=\"https:\/\/www.infobae.com\/new-resizer\/82lqboAHCPfQTXaQv7Ax-Sz6h98=\/420x236\/filters:format(webp):quality(85)\/cloudfront-us-east-1.images.arcpublishing.com\/infobae\/NS5DPM4HSJFEZH7MTVKUDWI2EE.jpeg 420w,https:\/\/www.infobae.com\/new-resizer\/i_ECcbZbO5_r0-I4Wr4Up-AK4ss=\/768x432\/filters:format(webp):quality(85)\/cloudfront-us-east-1.images.arcpublishing.com\/infobae\/NS5DPM4HSJFEZH7MTVKUDWI2EE.jpeg 768w,https:\/\/www.infobae.com\/new-resizer\/7Sn8oQE_HkOy7hqQvJSTukEEDnA=\/992x558\/filters:format(webp):quality(85)\/cloudfront-us-east-1.images.arcpublishing.com\/infobae\/NS5DPM4HSJFEZH7MTVKUDWI2EE.jpeg 992w,https:\/\/www.infobae.com\/new-resizer\/zyWsZqZJxA9zgGAG4oFvqyQC5G0=\/1200x675\/filters:format(webp):quality(85)\/cloudfront-us-east-1.images.arcpublishing.com\/infobae\/NS5DPM4HSJFEZH7MTVKUDWI2EE.jpeg 1200w,https:\/\/www.infobae.com\/new-resizer\/JHzEKYONgTU8l4zd3U8Zz1aeYP4=\/1440x810\/filters:format(webp):quality(85)\/cloudfront-us-east-1.images.arcpublishing.com\/infobae\/NS5DPM4HSJFEZH7MTVKUDWI2EE.jpeg 1440w\">De izquierda a derecha: el ex secretario general de la Presidencia, Fernando De Andreis; el jefe de Gobierno porte\u00f1o, Horacio Rodr\u00edguez Larreta; el ex presidente del PRO, Humberto Schiavonni; el ex presidente Mauricio Macri; y la ex ministra de Seguridad, Patricia Bullrich (Roberto Almeida)<\/p>\n\n\n\n<p><a href=\"https:\/\/www.infobae.com\/politica\/2023\/04\/10\/rodriguez-larreta-confirmo-que-desdoblara-las-elecciones-de-caba-se-votara-el-mismo-dia-que-la-presidencial-con-boleta-unica-electronica\/\">Rodr\u00edguez Larreta confirm\u00f3 este mediod\u00eda que los porte\u00f1os tendr\u00e1n elecciones concurrentes<\/a>. Esto significa que un mismo d\u00eda votar\u00e1n cargos nacionales -entre ellos Presidente- y locales -entre ellos jefe de Gobierno- con dos sistemas electorales diferentes. Los cargos nacionales se elegir\u00e1n con la boleta de papel tradicional y los representantes de la Ciudad con boleta \u00fanica electr\u00f3nica. La decisi\u00f3n implica adem\u00e1s que habr\u00e1 dos padrones y dos mesas de votaci\u00f3n distintas para los electores de CABA.<\/p>\n\n\n\n<p>Para Macri, la decisi\u00f3n de Larreta representa una \u201c<strong>profunda desilusi\u00f3n<\/strong>\u201d. Antes, Vidal tambi\u00e9n hab\u00eda usado sus redes para oponerse a la jugada del jefe de Gobierno porte\u00f1o. \u201cEl PRO y el JxC que le prometimos a los argentinos no es este\u201d, consider\u00f3, y ampli\u00f3: \u201cNo hay ambici\u00f3n personal que pueda estar por encima de nuestros valores y del equipo, somos el cambio o no somos nada\u201d.<\/p>\n\n\n\n<p>El anuncio gener\u00f3 cr\u00edticas tambi\u00e9n de otros dirigentes del PRO, aunque Larreta recibi\u00f3 el respaldo de los socios dentro de Juntos por el Cambio, la UCR y la Coalici\u00f3n C\u00edvica. Ayer, Macri busc\u00f3 presionar al Jefe de Gobierno para que su primo,&nbsp;<strong>Jorge Macri<\/strong>, sea candidato \u00fanico del PRO en CABA beneficiado por el arrastre de una boleta que lleve como candidato presidencial a Larreta o a<strong>&nbsp;Patricia Bullrich<\/strong>, en detrimento del postulante radical&nbsp;<strong>Mart\u00edn Lousteau<\/strong>.<\/p>\n\n\n\n<p>Desde el entorno del senador respaldaron la decisi\u00f3n de Larreta de instrumentar el desdoblamiento concurrente, una jugada que se explica en el acuerdo pol\u00edtico que mantienen el Jefe de Gobierno porte\u00f1o y el ex embajador en Estados Unidos.<\/p>\n\n\n\n<p>En su discurso, Larreta&nbsp;<strong>ratific\u00f3 que el PRO tendr\u00e1 un solo candidato para disputar las PASO<\/strong>. \u201cEn las pr\u00f3ximas semanas vamos a estar trabajando para definir cu\u00e1l es el mejor candidato para seguir con todas las transformaciones que empezamos con Mauricio y que continuamos hasta hoy\u201d, indic\u00f3. Hasta el momento, adem\u00e1s de Jorge Macri siguen en carrera para la sucesi\u00f3n los ministros de Salud y Educaci\u00f3n, Fern\u00e1n Quir\u00f3s y Soledad Acu\u00f1a.<\/p>\n\n\n\n<p>Y, en relaci\u00f3n a la boleta electr\u00f3nica, sostuvo: \u201cNos permite que la discusi\u00f3n de las propuestas y los proyectos de cada candidato se enfoque en los vecinos y en las oportunidades de cada barrio de la Ciudad\u201d.<\/p>\n\n\n\n<p>Por otro lado, desde la Coalici\u00f3n C\u00edvica recordaron que en CABA hay un \u201cc\u00f3digo electoral y el mejor sistema para la elecci\u00f3n de los representantes: Boleta \u00danica (defendida por todo JxC)\u201d. \u201cUsar este mecanismo de votaci\u00f3n es reafirmar nuestra autonom\u00eda. Desde 1996 todas las elecciones a Jefe de Gobierno fueron desdobladas y s\u00f3lo en 2019 hubo una excepci\u00f3n. Las reglas electorales est\u00e1n definidas por ley, son muy claras y deben ser cumplidas\u201d, sostuvo el presidente del partido,<strong>\u00a0Maximiliano Ferraro<\/strong>.<\/p>\n\n\n\n<p>Fuente: Infobae<\/p>\n","protected":false},"excerpt":{"rendered":"<div class=\"mh-excerpt\"><p>\u201cManipul\u00f3 las reglas electorales en la ciudad de Buenos Aires a cuatro meses de las elecciones\u201d. Con esa frase, la presidenta del PRO, Patricia Bullrich, cuestion\u00f3 la decisi\u00f3n del jefe de Gobierno porte\u00f1o, Horacio Rodr\u00edguez Larreta, de modificar el sistema y que la votaci\u00f3n de CABA sea desdoblada y con boleta \u00fanica electr\u00f3nica. La cr\u00edtica de Bullrich est\u00e1 en sinton\u00eda con el cuestionamiento del ex presidente&nbsp;Mauricio Macri&nbsp;y de la ex gobernadora bonaerense&nbsp;Mar\u00eda Eugenia Vidal, y la hizo a trav\u00e9s de las redes sociales en donde, adem\u00e1s, sum\u00f3 un video publicado por&nbsp;Infobae, en donde el propio Larreta se manifiesta en contra <a class=\"mh-excerpt-more\" href=\"http:\/\/dsrmedios.com.ar\/diario\/archivos\/30597\" title=\"Patricia Bullrich tambi\u00e9n cuestion\u00f3 a Rodr\u00edguez Larreta: \u201cManipul\u00f3 las reglas electorales a cuatro meses de las elecciones\u201d\">[Leer m\u00e1s]<\/a><\/p>\n<\/div>","protected":false},"author":6,"featured_media":30598,"comment_status":"open","ping_status":"closed","sticky":false,"template":"","format":"standard","meta":{"_jetpack_newsletter_access":""},"categories":[6],"tags":[],"jetpack_featured_media_url":"http:\/\/dsrmedios.com.ar\/diario\/wp-content\/uploads\/2023\/04\/550458.webp","jetpack_sharing_enabled":true,"jetpack_shortlink":"https:\/\/wp.me\/p9fihK-7Xv","_links":{"self":[{"href":"http:\/\/dsrmedios.com.ar\/diario\/wp-json\/wp\/v2\/posts\/30597"}],"collection":[{"href":"http:\/\/dsrmedios.com.ar\/diario\/wp-json\/wp\/v2\/posts"}],"about":[{"href":"http:\/\/dsrmedios.com.ar\/diario\/wp-json\/wp\/v2\/types\/post"}],"author":[{"embeddable":true,"href":"http:\/\/dsrmedios.com.ar\/diario\/wp-json\/wp\/v2\/users\/6"}],"replies":[{"embeddable":true,"href":"http:\/\/dsrmedios.com.ar\/diario\/wp-json\/wp\/v2\/comments?post=30597"}],"version-history":[{"count":1,"href":"http:\/\/dsrmedios.com.ar\/diario\/wp-json\/wp\/v2\/posts\/30597\/revisions"}],"predecessor-version":[{"id":30599,"href":"http:\/\/dsrmedios.com.ar\/diario\/wp-json\/wp\/v2\/posts\/30597\/revisions\/30599"}],"wp:featuredmedia":[{"embeddable":true,"href":"http:\/\/dsrmedios.com.ar\/diario\/wp-json\/wp\/v2\/media\/30598"}],"wp:attachment":[{"href":"http:\/\/dsrmedios.com.ar\/diario\/wp-json\/wp\/v2\/media?parent=30597"}],"wp:term":[{"taxonomy":"category","embeddable":true,"href":"http:\/\/dsrmedios.com.ar\/diario\/wp-json\/wp\/v2\/categories?post=30597"},{"taxonomy":"post_tag","embeddable":true,"href":"http:\/\/dsrmedios.com.ar\/diario\/wp-json\/wp\/v2\/tags?post=30597"}],"curies":[{"name":"wp","href":"https:\/\/api.w.org\/{rel}","templated":true}]}}