{"id":30591,"date":"2023-04-10T17:10:57","date_gmt":"2023-04-10T20:10:57","guid":{"rendered":"http:\/\/dsrmedios.com.ar\/diario\/?p=30591"},"modified":"2023-04-10T17:11:00","modified_gmt":"2023-04-10T20:11:00","slug":"rodriguez-larreta-jugo-a-todo-o-nada-para-no-convertirse-en-el-alberto-de-macri","status":"publish","type":"post","link":"http:\/\/dsrmedios.com.ar\/diario\/archivos\/30591","title":{"rendered":"Rodr\u00edguez Larreta jug\u00f3 a todo o nada para no convertirse en el Alberto de Macri"},"content":{"rendered":"\n<p>Nada es improvisado en el mundo Rodr\u00edguez Larreta. El martes 4 de abril, un rato antes del mediod\u00eda, grab\u00f3 el spot que este lunes iba a conmover el escenario pol\u00edtico argentino.&nbsp;<strong>Una semana antes de hacerlo p\u00fablico, ya ten\u00eda todo decidido.&nbsp;<\/strong>En el video se lo ve tranquilo, casi inconsciente del impacto que su anuncio iba a tener entre los dirigentes de la oposici\u00f3n. Contra la opini\u00f3n de Mauricio Macri, de Patricia Bullrich y de su \u00bfex? amiga Mar\u00eda Eugenia Vidal, puso en marcha el sistema de boleta \u00fanica electr\u00f3nica, un hist\u00f3rico reclamo institucional de la oposici\u00f3n.<\/p>\n\n\n\n<p><strong>Horas despu\u00e9s de grabar el video, Rodr\u00edguez Larreta se fue a Espa\u00f1a.<\/strong>&nbsp;Iba a visitar a su hija en Barcelona y pas\u00f3 el fin de semana por Madrid. Mientras tanto, la tormenta pol\u00edtica en la oposici\u00f3n iba creciendo y una pregunta recorr\u00eda a los equipos de campa\u00f1a de Patricia y hasta del propio Horacio. \u00bfSe va a animar a enfrentarlo a Mauricio? La mayor\u00eda de los dirigentes de la UCR, algunos de ellos sus posibles aliados, se mostraban esc\u00e9pticos. \u201cEl Pelado va a ir para atr\u00e1s\u201d. Como muchos, se equivocaban.<\/p>\n\n\n\n<p>Rodr\u00edguez Larreta segu\u00eda tranquilo mientras se reun\u00eda en el domingo de Pascua con Isabel D\u00edaz Ayuso, la presidenta de la Comunidad de Madrid. Es una de las personalidades pol\u00edticas m\u00e1s populares de Espa\u00f1a y en mayo competir\u00e1 por su reelecci\u00f3n para seguir presidiendo la ciudad que est\u00e1 de moda en Europa.<\/p>\n\n\n\n<p>D\u00edaz Ayuso es una mujer combativa. Bien lo saben sus rivales de la izquierda, y sobre todos los del Socialismo y Podemos a quienes ha borrado del mapa pol\u00edtico de la ciudad. Ella dice que ya no tiene rivales en Madrid y que su batalla es contra el presidente Pedro S\u00e1nchez. Eso le explic\u00f3 a Rodr\u00edguez Larreta, durante la hora y media en la que hablaron en el Vincci Soma, un hotel 4 estrellas del barrio de Salamanca donde par\u00f3 el porte\u00f1o.<\/p>\n\n\n\n<p>Para lograr su reelecci\u00f3n, y mantener la mayor\u00eda absoluta con la que gobierna Madrid,&nbsp;<strong>D\u00edaz Ayuso necesita votos de centro y hasta de izquierda.<\/strong>&nbsp;Por eso, incluye en su campa\u00f1a cuestiones de g\u00e9nero y de ecolog\u00eda. Isabel ha recibido la ayuda inesperada de la ministra de G\u00e9nero de Espa\u00f1a, Isabel Montero, quien lanz\u00f3 sin mayor planificaci\u00f3n legal la \u201cley del solo s\u00ed es s\u00ed\u201d (una legislaci\u00f3n para agravar las penas del sexo no consentido) con la que terminaron benefici\u00e1ndose cerca de 800 agresores sexuales.<\/p>\n\n\n\n<p><img decoding=\"async\" loading=\"lazy\" alt=\"Horacio Rodr\u00edguez Larreta y D\u00edaz Ayuso el fin de semana en Madrid\" height=\"1024\" width=\"1024\" class=\"\" src=\"https:\/\/cloudfront-us-east-1.images.arcpublishing.com\/infobae\/ROJG3FOKLJEQRPHECRIWBS5LPM.jfif\" srcset=\"https:\/\/www.infobae.com\/new-resizer\/VU9JG-WYeZ-jaOJ-mqgYcRRvFl8=\/420x420\/filters:format(webp):quality(85)\/cloudfront-us-east-1.images.arcpublishing.com\/infobae\/ROJG3FOKLJEQRPHECRIWBS5LPM.jfif 420w,https:\/\/www.infobae.com\/new-resizer\/Op9wlnvLt2ICNd1Au6yJt6rB0LE=\/768x768\/filters:format(webp):quality(85)\/cloudfront-us-east-1.images.arcpublishing.com\/infobae\/ROJG3FOKLJEQRPHECRIWBS5LPM.jfif 768w,https:\/\/www.infobae.com\/new-resizer\/y_sQXYLKaAHl3D5y9lIoHCxvDCY=\/992x992\/filters:format(webp):quality(85)\/cloudfront-us-east-1.images.arcpublishing.com\/infobae\/ROJG3FOKLJEQRPHECRIWBS5LPM.jfif 992w,https:\/\/www.infobae.com\/new-resizer\/d5xcyKzshfHWWR0-iW6qi0RN_ZU=\/1200x1200\/filters:format(webp):quality(85)\/cloudfront-us-east-1.images.arcpublishing.com\/infobae\/ROJG3FOKLJEQRPHECRIWBS5LPM.jfif 1200w,https:\/\/www.infobae.com\/new-resizer\/v4PK3tT8AcW52TFCV-UjbLun7wM=\/1440x1440\/filters:format(webp):quality(85)\/cloudfront-us-east-1.images.arcpublishing.com\/infobae\/ROJG3FOKLJEQRPHECRIWBS5LPM.jfif 1440w\">Horacio Rodr\u00edguez Larreta y D\u00edaz Ayuso el fin de semana en Madrid<\/p>\n\n\n\n<p><strong>El mismo desaf\u00edo para llegar a la Casa Rosada tienen Rodr\u00edguez Larreta y Patricia Bullrich<\/strong>, los dos presidenciables de Juntos mejor posicionados en las encuestas. La diferencia entre ellos es que el porte\u00f1o cree que debe buscar esos votos en el centro y en el peronismo, mientras la ex ministra de Seguridad cree que los hallar\u00e1 en la derecha m\u00e1s dura, donde compite con Javier Milei.<\/p>\n\n\n\n<p>D\u00edaz Ayuso, tal vez sin quererlo, qued\u00f3 en medio de la disputa entre Rodr\u00edguez Larreta y Mauricio Macri. Es que iba a estar en Buenos Aires para la cena de la Fundaci\u00f3n Internacional por la Libertad, en la que talla fuerte el ex presidente, y a la que no pudo asistir por compromisos de la campa\u00f1a. En cambio, s\u00ed se reuni\u00f3 ahora con el jefe del gobierno porte\u00f1o y precandidato presidencial, a quien ya hab\u00eda recibido en marzo del a\u00f1o pasado.<\/p>\n\n\n\n<p>Antes de que cayera el anochecer en Madrid,&nbsp;<strong>Rodr\u00edguez Larreta poste\u00f3 un tuit con una foto de la reuni\u00f3n con D\u00edaz Ayuso&nbsp;<\/strong>y enseguida comenzaron a lloverle cr\u00edticas a la madrile\u00f1a de tuiteros simpatizantes de Macri, de Patricia Bullrich y hasta de Javier Milei, todos tan admiradores de su trayectoria como desencantados con el encuentro. El Partido Popular de Espa\u00f1a tiene sus disputas internas (el gallego Alberto N\u00fa\u00f1ez Feij\u00f3o ser\u00e1 el candidato presidencial), pero est\u00e1 muy lejos de alcanzar el grado de confrontaci\u00f3n que atraviesa a Juntos por el Cambio.<\/p>\n\n\n\n<p>Luego de despedirse de D\u00edaz Ayuso y de Madrid,&nbsp;<strong>Rodr\u00edguez Larreta viaj\u00f3 a Buenos Aires con la decisi\u00f3n tomada que lo lleva a un choque inevitable con Macri.&nbsp;<\/strong>A las 11.30 del lunes, anunci\u00f3 las elecciones en la Ciudad de Buenos Aires se hagan bajo el sistema de boleta \u00fanica, y que sean concurrentes con las elecciones presidenciales. Justo lo que no quer\u00eda el macrismo.<\/p>\n\n\n\n<p>No se trata de una sorpresa electoral.&nbsp;<strong>Los porte\u00f1os ya votaron con Boleta \u00danica Electr\u00f3nica en julio de 2015<\/strong>, cuando Rodr\u00edguez Larreta venci\u00f3 en el ballotage por apenas m\u00e1s de tres puntos a Mart\u00edn Lousteau. En aquella ocasi\u00f3n, el objetivo pol\u00edtico del PRO y de Juntos por el Cambio era que la victoria en la Ciudad fuera un anticipo de la victoria de Macri en las inminentes elecciones presidenciales. Claro que el margen del triunfo fue tan estrecho que esa misma noche el candidato termin\u00f3 asegurando en un discurso que no iba a privatizar Aerol\u00edneas Argentinas ni YPF.<\/p>\n\n\n\n<p>Pero las cosas cambiaron en 2019.&nbsp;<strong>Macri, con crisis econ\u00f3mica y la inflaci\u00f3n superando el 50% anual, necesitaba el refuerzo de la elecci\u00f3n porte\u00f1a para sostener su proyecto de reelecci\u00f3n.<\/strong>&nbsp;Por primera vez, los comicios en la Ciudad se hicieron el mismo d\u00eda que las presidenciales y con boletas s\u00e1banas. Pero igual no alcanz\u00f3. Macri fue derrotado por Alberto Fern\u00e1ndez pese a que Rodr\u00edguez Larreta s\u00ed consigui\u00f3 su reelecci\u00f3n en la primera vuelta.<\/p>\n\n\n\n<p>Esta vez, las elecciones en la Ciudad ser\u00e1n en la misma fecha que las presidenciales (el 13 de agosto las PASO y el 22 de octubre la general), pero en comicios desdoblados. Es decir,&nbsp;<strong>una elecci\u00f3n concurrente con dos urnas: una para que se vota el Jefe de Gobierno y a los legisladores de la Ciudad con boleta \u00fanica de papel<\/strong>, y otra para que se voten los candidatos presidenciales con la tradicional boleta s\u00e1bana. Como lo fue en 2015 y luego en 2019,&nbsp;<strong>la discusi\u00f3n era t\u00e9cnica pero la definici\u00f3n fue pol\u00edtica.<\/strong><\/p>\n\n\n\n<p>Si algunos cre\u00edan que hab\u00eda un acuerdo entre el PRO, la UCR y la Coalici\u00f3n C\u00edvica para esa posibilidad, el domingo por la ma\u00f1ana qued\u00f3 en claro que Macri no estaba de acuerdo. \u201c<strong>No creo que Horacio haga eso; la mayor\u00eda del PRO est\u00e1 en desacuerdo\u201d<\/strong>, advirti\u00f3 el ex presidente en un reportaje por radio Rivadavia.<\/p>\n\n\n\n<p>Entre los argumentos que dio Macri, el m\u00e1s convincente es que se trata de una decisi\u00f3n tomada durante el a\u00f1o electoral y que siempre en la coalici\u00f3n opositora se plante\u00f3 evitar el cambio de reglas de juego tan cerca de las elecciones. \u201c<strong>Horacio tiene que consultarme esas cosas\u201d<\/strong>, es la frase que Macri les repite a sus colaboradores y a sus aliados. Y all\u00ed est\u00e1 el n\u00facleo del problema.<\/p>\n\n\n\n<p><img decoding=\"async\" loading=\"lazy\" alt=\"\u201cHoracio tiene que consultarme esas cosas\u201d, es la frase que Macri les repite a sus colaboradores y a sus aliados. Y all\u00ed est\u00e1 el n\u00facleo del problema.\" height=\"890\" width=\"694\" class=\"\" src=\"https:\/\/cloudfront-us-east-1.images.arcpublishing.com\/infobae\/O5QK6ZOINFFC7ER3Q2GMXV5DUY.JPG\" srcset=\"https:\/\/www.infobae.com\/new-resizer\/plR_ekF4yzWNHrdo5VN5f2Ausx4=\/420x560\/filters:format(webp):quality(85)\/cloudfront-us-east-1.images.arcpublishing.com\/infobae\/O5QK6ZOINFFC7ER3Q2GMXV5DUY.JPG 420w,https:\/\/www.infobae.com\/new-resizer\/aPhSa9WUgSzufBn8YY4IrEiijFI=\/768x1024\/filters:format(webp):quality(85)\/cloudfront-us-east-1.images.arcpublishing.com\/infobae\/O5QK6ZOINFFC7ER3Q2GMXV5DUY.JPG 768w,https:\/\/www.infobae.com\/new-resizer\/UjuwsH9ZeVKzrC877Oovf0ZoJkc=\/992x1323\/filters:format(webp):quality(85)\/cloudfront-us-east-1.images.arcpublishing.com\/infobae\/O5QK6ZOINFFC7ER3Q2GMXV5DUY.JPG 992w,https:\/\/www.infobae.com\/new-resizer\/W6PE-5v-oCBsNvVR2VTCPbzyRvg=\/1200x1600\/filters:format(webp):quality(85)\/cloudfront-us-east-1.images.arcpublishing.com\/infobae\/O5QK6ZOINFFC7ER3Q2GMXV5DUY.JPG 1200w\">\u201cHoracio tiene que consultarme esas cosas\u201d, es la frase que Macri les repite a sus colaboradores y a sus aliados. Y all\u00ed est\u00e1 el n\u00facleo del problema.<\/p>\n\n\n\n<p><strong>Rodr\u00edguez Larreta considera que se trata, simplemente, de una decisi\u00f3n del jefe de gobierno de la Ciudad Aut\u00f3noma.&nbsp;<\/strong>Que la elecci\u00f3n porte\u00f1a con boleta \u00fanica (sea de papel o electr\u00f3nica) y concurrente con las presidenciales es una atribuci\u00f3n por su cargo y que el C\u00f3digo Electoral (reformado en 2018) se lo permite.<\/p>\n\n\n\n<p>Detr\u00e1s de la pulseada por el sistema de la elecci\u00f3n porte\u00f1a, se encuentran las verdaderas motivaciones pol\u00edticas de los dos dirigentes, que compartieron la fundaci\u00f3n del PRO y llevan m\u00e1s de dos d\u00e9cadas trabajando juntos.&nbsp;<strong>Rodr\u00edguez Larreta le plantea a Macri el primer desaf\u00edo pol\u00edtico de envergadura por el liderazgo de la coalici\u00f3n opositora.&nbsp;<\/strong>Y esto es qui\u00e9n de ellos define la estrategia de cara a las elecciones en los principales distritos. \u201cQu\u00e9 profunda desilusi\u00f3n\u201d, fue el retuit de Macri a otro mucho m\u00e1s duro de Vidal escrito tres minutos despu\u00e9s del anuncio.&nbsp;<strong>La familia del PRO vive su peor batalla interna.<\/strong><\/p>\n\n\n\n<p>&#8211; Macri quer\u00eda que en la Ciudad hubiera un solo candidato del PRO a jefe de gobierno en las boletas de Rodr\u00edguez Larreta y de Bullrich (el prefiere a su primo, Jorge Macri). Y que Mart\u00edn Lousteau fuera solo en la boleta de la UCR. Y que todo se vote en las mismas fechas con listas s\u00e1banas.<\/p>\n\n\n\n<p>&#8211; Rodr\u00edguez Larreta plantea la elecci\u00f3n concurrente a nivel nacional y en la Ciudad, donde har\u00eda con boleta \u00fanica. En ese caso, Lousteau y el candidato del PRO competir\u00edan mano a mano para ver quien es el candidato a jefe de gobierno por Juntos en la Ciudad. Aceptar\u00eda a Jorge Macri como candidato si en las encuestas mide mejor que Fern\u00e1n Quir\u00f3s y Soledad Acu\u00f1a, quienes a\u00fan siguen en carrera. \u201cAhora hay que ver quien es el candidato del PRO\u201d, es la frase que recorre el edificio inteligente de la calle Uspallata.<\/p>\n\n\n\n<p>&#8211; Patricia Bullrich y Mar\u00eda Eugenia Vidal van detr\u00e1s de la estrategia de Macri. Mismas fechas y boletas s\u00e1banas.<\/p>\n\n\n\n<p>&#8211; La UCR y la Coalici\u00f3n C\u00edvica respaldaban las elecciones concurrentes y estaban expectantes sobre la decisi\u00f3n final que tomar\u00eda Rodr\u00edguez Larreta. Muchos de sus dirigentes, con Gerardo Morales y Elisa Carri\u00f3 a la cabeza, se oponen desde siempre a que Macri mantenga su liderazgo en el espectro opositor. Ahora se abre un nuevo panorama con la decisi\u00f3n del jefe de gobierno. Arde Juntos por el Cambio.<\/p>\n\n\n\n<p>&#8211; Macri cree que si la elecci\u00f3n en la Ciudad se hace con boleta \u00fanica, el candidato del PRO podr\u00eda ser derrotado por Lousteau y perder el gobierno porte\u00f1o que controlan desde hace 16 a\u00f1os. Acusa a Larreta de querer entregar CABA.<\/p>\n\n\n\n<p>&#8211; Rodr\u00edguez Larreta cree que cualquier candidato del PRO (Jorge Macri, Quir\u00f3s o Acu\u00f1a) pueden vencer a Lousteau. Y que la elecci\u00f3n con boleta \u00fanica le restar\u00e1 chances al candidato que presente Javier Milei en la Ciudad.<\/p>\n\n\n\n<p>El plazo de la Justicia Electoral establec\u00eda que Rodr\u00edguez Larreta deb\u00eda hacer p\u00fablica su decisi\u00f3n antes del viernes. El Jefe del Gobierno porte\u00f1o considera que sino puede imponer las condiciones en el distrito que gobierna, se convertir\u00eda en un candidato presidencial d\u00e9bil. \u201c<strong>Los argentinos no quieren un presidente dependiente de Macri como Alberto Fern\u00e1ndez lo es de Cristina Kirchner\u201d<\/strong>, es la definici\u00f3n que viene utilizando.<\/p>\n\n\n\n<p>Tambi\u00e9n sabe que&nbsp;<strong>con las elecciones con boleta \u00fanica en la Ciudad si el candidato del PRO pierde las internas con Lousteau, su candidatura presidencial recibir\u00eda un golpe demoledor.<\/strong>&nbsp;En definitiva, se trata de una demostraci\u00f3n de fuerza en la que Rodr\u00edguez Larreta est\u00e1 jugando su futuro pol\u00edtico a todo o nada.<\/p>\n\n\n\n<p>Del mismo modo, tambi\u00e9n Patricia Bullrich sigue atentamente los movimientos electorales en la Ciudad. Si bien respalda la estrategia porte\u00f1a de Macri y la mayor\u00eda de los dirigentes macristas se han integrado a sus equipos de campa\u00f1a, sabe que&nbsp;<strong>un excesivo protagonismo del ex presidente la podr\u00eda derivar hacia un segundo plano<\/strong>&nbsp;que de ninguna manera quiere ocupar.<\/p>\n\n\n\n<p><img decoding=\"async\" loading=\"lazy\" alt=\"El impacto que tuvo en la sociedad el asesinato del colectivero Pedro Barrientos en La Matanza es un costo pol\u00edtico que est\u00e1 pagando el kirchnerismo\" height=\"2456\" width=\"3696\" class=\"\" src=\"https:\/\/cloudfront-us-east-1.images.arcpublishing.com\/infobae\/3QHIERNQ4VGM7M5NT6A4BLEE6M.jpg\" srcset=\"https:\/\/www.infobae.com\/new-resizer\/d2CAyPTBm9GyBW1y4AvVNM-R1rs=\/420x280\/filters:format(webp):quality(85)\/cloudfront-us-east-1.images.arcpublishing.com\/infobae\/3QHIERNQ4VGM7M5NT6A4BLEE6M.jpg 420w,https:\/\/www.infobae.com\/new-resizer\/hOpK86i9Pu2JxofVBxt3brdf-9k=\/768x512\/filters:format(webp):quality(85)\/cloudfront-us-east-1.images.arcpublishing.com\/infobae\/3QHIERNQ4VGM7M5NT6A4BLEE6M.jpg 768w,https:\/\/www.infobae.com\/new-resizer\/lR9XrWZTyYXsfeyPwXi7_R4869o=\/992x661\/filters:format(webp):quality(85)\/cloudfront-us-east-1.images.arcpublishing.com\/infobae\/3QHIERNQ4VGM7M5NT6A4BLEE6M.jpg 992w,https:\/\/www.infobae.com\/new-resizer\/yuCoWx2HZwsOQJ7_9bEQtkRqtHE=\/1200x800\/filters:format(webp):quality(85)\/cloudfront-us-east-1.images.arcpublishing.com\/infobae\/3QHIERNQ4VGM7M5NT6A4BLEE6M.jpg 1200w,https:\/\/www.infobae.com\/new-resizer\/R2QdgB7uCpfiRZlc38NIHnScNoc=\/1440x960\/filters:format(webp):quality(85)\/cloudfront-us-east-1.images.arcpublishing.com\/infobae\/3QHIERNQ4VGM7M5NT6A4BLEE6M.jpg 1440w\">El impacto que tuvo en la sociedad el asesinato del colectivero Pedro Barrientos en La Matanza es un costo pol\u00edtico que est\u00e1 pagando el kirchnerismo<\/p>\n\n\n\n<p>Bullrich considera que el impacto que tuvo en la sociedad el asesinato del colectivero Pedro Barrientos en La Matanza y el costo pol\u00edtico que est\u00e1 pagando el kirchnerismo en las figuras de Axel Kicillof y Sergio Berni la favorec\u00eda ampliamente. Pero&nbsp;<strong>prefiere que la disputa en Juntos por el Cambio se centralice en su figura y en la de Rodr\u00edguez Larreta, y no en la de Macri.&nbsp;<\/strong>Si se convierte en la candidata presidencial opositora, ella tambi\u00e9n recortar\u00e1 su propio perfil y se despegar\u00e1 del ex presidente.<\/p>\n\n\n\n<p>El fantasma que persigue a los dirigentes de Juntos por el Cambio es&nbsp;<strong>qu\u00e9 suceder\u00e1 si la disputa por la elecci\u00f3n porte\u00f1a deriva en una ruptura dentro del PRO.<\/strong>&nbsp;Se sabe que Macri y Bullrich creen que es m\u00e1s factible la posibilidad de acordar con Milei, mientras que Rodr\u00edguez Larreta, la mayor\u00eda de los radicales y Carri\u00f3 consideran al diputado libertario un populista anti sistema con el que ser\u00eda imposible acordar pol\u00edticas de Estado.<\/p>\n\n\n\n<p>El s\u00e1bado, la ministra de Educaci\u00f3n y precandidata porte\u00f1a, Soledad Acu\u00f1a, fue clara al respecto. En declaraciones a CNN Radio dijo que \u201ccon Milei hay muchos principios y valores que nos distancian. Creo que es muy agresivo y violento en muchas circunstancias para hablar y para hacer pol\u00edtica, y que las pol\u00edticas que plantea no han tenido resultado en ning\u00fan lugar\u201d. Est\u00e1 claro que&nbsp;<strong>el PRO tiene un dilema irresuelto con Milei.<\/strong><\/p>\n\n\n\n<p>Lejos de las internas en Juntos por el Cambio, Alan Clutterbuck, presidente de la Red de Acci\u00f3n Pol\u00edtica (RAP), ha sido el m\u00e1s en\u00e9rgico defensor del sistema de boleta \u00fanica, tanto de papel como la electr\u00f3nica, y uno de sus difusores entre los dirigentes de la oposici\u00f3n. \u201cEstar\u00eda muy bueno que la Ciudad lo use; as\u00ed se sumar\u00eda a C\u00f3rdoba, a Santa Fe y Mendoza y tendr\u00edamos a una parte muy importante de la poblaci\u00f3n argentina votando en elecciones locales con el sistema de boleta \u00fanica\u201d, explica.<\/p>\n\n\n\n<p>Clutterbuck cree que, con m\u00e1s provincias votando con boleta \u00fanica, \u201c<strong>ayudar\u00edamos a que se apruebe el sistema a nivel nacional para las elecciones de 2025\u2033<\/strong>. Y mantiene sus argumentos aunque este episodio est\u00e9 cruzado por la pol\u00edtica.<\/p>\n\n\n\n<p>\u201cLos que impulsamos el sistema lo hacemos porque estamos convencidos de que garantiza el derecho a elegir y a ser elegido, cuesti\u00f3n que el sistema actual no hace. Es m\u00e1s econ\u00f3mico, m\u00e1s ecol\u00f3gico y tiene que ir m\u00e1s all\u00e1 de cualquier especulaci\u00f3n pol\u00edtica de conveniencia coyuntural\u201d, concluye Clutterbuck.<\/p>\n\n\n\n<p>Respaldados siempre por la mayor\u00eda de los dirigentes de Juntos por el Cambio, Alan Clutterbuck y los impulsores de la boleta \u00fanica jam\u00e1s pensaron que iba a quedar atrapados en el fragor interno de semejante estallido. Son tiempos de incertidumbre y confusi\u00f3n en la Argentina. Al drama de la inflaci\u00f3n, de la inseguridad y de la pobreza hay que sumarle la confrontaci\u00f3n extrema como desgracia de todos los d\u00edas.<\/p>\n\n\n\n<p>Fuente: Infocielo<\/p>\n","protected":false},"excerpt":{"rendered":"<div class=\"mh-excerpt\"><p>Nada es improvisado en el mundo Rodr\u00edguez Larreta. El martes 4 de abril, un rato antes del mediod\u00eda, grab\u00f3 el spot que este lunes iba a conmover el escenario pol\u00edtico argentino.&nbsp;Una semana antes de hacerlo p\u00fablico, ya ten\u00eda todo decidido.&nbsp;En el video se lo ve tranquilo, casi inconsciente del impacto que su anuncio iba a tener entre los dirigentes de la oposici\u00f3n. Contra la opini\u00f3n de Mauricio Macri, de Patricia Bullrich y de su \u00bfex? amiga Mar\u00eda Eugenia Vidal, puso en marcha el sistema de boleta \u00fanica electr\u00f3nica, un hist\u00f3rico reclamo institucional de la oposici\u00f3n. Horas despu\u00e9s de grabar el <a class=\"mh-excerpt-more\" href=\"http:\/\/dsrmedios.com.ar\/diario\/archivos\/30591\" title=\"Rodr\u00edguez Larreta jug\u00f3 a todo o nada para no convertirse en el Alberto de Macri\">[Leer m\u00e1s]<\/a><\/p>\n<\/div>","protected":false},"author":6,"featured_media":30592,"comment_status":"open","ping_status":"closed","sticky":false,"template":"","format":"standard","meta":{"_jetpack_newsletter_access":""},"categories":[6],"tags":[],"jetpack_featured_media_url":"http:\/\/dsrmedios.com.ar\/diario\/wp-content\/uploads\/2023\/04\/larreta.png","jetpack_sharing_enabled":true,"jetpack_shortlink":"https:\/\/wp.me\/p9fihK-7Xp","_links":{"self":[{"href":"http:\/\/dsrmedios.com.ar\/diario\/wp-json\/wp\/v2\/posts\/30591"}],"collection":[{"href":"http:\/\/dsrmedios.com.ar\/diario\/wp-json\/wp\/v2\/posts"}],"about":[{"href":"http:\/\/dsrmedios.com.ar\/diario\/wp-json\/wp\/v2\/types\/post"}],"author":[{"embeddable":true,"href":"http:\/\/dsrmedios.com.ar\/diario\/wp-json\/wp\/v2\/users\/6"}],"replies":[{"embeddable":true,"href":"http:\/\/dsrmedios.com.ar\/diario\/wp-json\/wp\/v2\/comments?post=30591"}],"version-history":[{"count":1,"href":"http:\/\/dsrmedios.com.ar\/diario\/wp-json\/wp\/v2\/posts\/30591\/revisions"}],"predecessor-version":[{"id":30593,"href":"http:\/\/dsrmedios.com.ar\/diario\/wp-json\/wp\/v2\/posts\/30591\/revisions\/30593"}],"wp:featuredmedia":[{"embeddable":true,"href":"http:\/\/dsrmedios.com.ar\/diario\/wp-json\/wp\/v2\/media\/30592"}],"wp:attachment":[{"href":"http:\/\/dsrmedios.com.ar\/diario\/wp-json\/wp\/v2\/media?parent=30591"}],"wp:term":[{"taxonomy":"category","embeddable":true,"href":"http:\/\/dsrmedios.com.ar\/diario\/wp-json\/wp\/v2\/categories?post=30591"},{"taxonomy":"post_tag","embeddable":true,"href":"http:\/\/dsrmedios.com.ar\/diario\/wp-json\/wp\/v2\/tags?post=30591"}],"curies":[{"name":"wp","href":"https:\/\/api.w.org\/{rel}","templated":true}]}}