{"id":30586,"date":"2023-04-10T15:30:45","date_gmt":"2023-04-10T18:30:45","guid":{"rendered":"http:\/\/dsrmedios.com.ar\/diario\/?p=30586"},"modified":"2023-04-10T15:30:47","modified_gmt":"2023-04-10T18:30:47","slug":"dia-de-la-actividad-fisica-en-el-frente-costero-de-carhue","status":"publish","type":"post","link":"http:\/\/dsrmedios.com.ar\/diario\/archivos\/30586","title":{"rendered":"<strong>D\u00eda de la actividad f\u00edsica en el Frente Costero de Carhu\u00e9<\/strong>"},"content":{"rendered":"\n<h2>El lunes 10 de abril&nbsp; la Direcci\u00f3n de Deportes del Municipio y el CEF N\u00b028 celebran el D\u00eda de la Actividad F\u00edsica en el frente costero de la ciudad de Carhu\u00e9.<\/h2>\n\n\n\n<h2>Por una vida m\u00e1s saludable y activa a las 18 hs. habr\u00e1 una Clase de Yoga con la profesora Eliana Hernandorena y&nbsp; a las 18:50 se dar\u00e1 una clase de Baile con Jos\u00e9 Montiel y Melisa Porta.<\/h2>\n\n\n\n<h2>La actividad f\u00edsica promueve las habilidades mentales, fortalece el estado del cuerpo, reduce los riesgos de depresi\u00f3n y ansiedad, ayuda a dormir mejor y colabora a entablar v\u00ednculos sociales, entre muchos otros beneficios que hacen a la buena calidad de vida.<\/h2>\n","protected":false},"excerpt":{"rendered":"<div class=\"mh-excerpt\"><p>El lunes 10 de abril&nbsp; la Direcci\u00f3n de Deportes del Municipio y el CEF N\u00b028 celebran el D\u00eda de la Actividad F\u00edsica en el frente costero de la ciudad de Carhu\u00e9. Por una vida m\u00e1s saludable y activa a las 18 hs. habr\u00e1 una Clase de Yoga con la profesora Eliana Hernandorena y&nbsp; a las 18:50 se dar\u00e1 una clase de Baile con Jos\u00e9 Montiel y Melisa Porta. La actividad f\u00edsica promueve las habilidades mentales, fortalece el estado del cuerpo, reduce los riesgos de depresi\u00f3n y ansiedad, ayuda a dormir mejor y colabora a entablar v\u00ednculos sociales, entre muchos otros <a class=\"mh-excerpt-more\" href=\"http:\/\/dsrmedios.com.ar\/diario\/archivos\/30586\" title=\"D\u00eda de la actividad f\u00edsica en el Frente Costero de Carhu\u00e9\">[Leer m\u00e1s]<\/a><\/p>\n<\/div>","protected":false},"author":6,"featured_media":30587,"comment_status":"open","ping_status":"closed","sticky":false,"template":"","format":"standard","meta":{"_jetpack_newsletter_access":""},"categories":[31],"tags":[],"jetpack_featured_media_url":"http:\/\/dsrmedios.com.ar\/diario\/wp-content\/uploads\/2023\/04\/WhatsApp-Image-2023-04-10-at-08.54.03.jpeg","jetpack_sharing_enabled":true,"jetpack_shortlink":"https:\/\/wp.me\/p9fihK-7Xk","_links":{"self":[{"href":"http:\/\/dsrmedios.com.ar\/diario\/wp-json\/wp\/v2\/posts\/30586"}],"collection":[{"href":"http:\/\/dsrmedios.com.ar\/diario\/wp-json\/wp\/v2\/posts"}],"about":[{"href":"http:\/\/dsrmedios.com.ar\/diario\/wp-json\/wp\/v2\/types\/post"}],"author":[{"embeddable":true,"href":"http:\/\/dsrmedios.com.ar\/diario\/wp-json\/wp\/v2\/users\/6"}],"replies":[{"embeddable":true,"href":"http:\/\/dsrmedios.com.ar\/diario\/wp-json\/wp\/v2\/comments?post=30586"}],"version-history":[{"count":1,"href":"http:\/\/dsrmedios.com.ar\/diario\/wp-json\/wp\/v2\/posts\/30586\/revisions"}],"predecessor-version":[{"id":30588,"href":"http:\/\/dsrmedios.com.ar\/diario\/wp-json\/wp\/v2\/posts\/30586\/revisions\/30588"}],"wp:featuredmedia":[{"embeddable":true,"href":"http:\/\/dsrmedios.com.ar\/diario\/wp-json\/wp\/v2\/media\/30587"}],"wp:attachment":[{"href":"http:\/\/dsrmedios.com.ar\/diario\/wp-json\/wp\/v2\/media?parent=30586"}],"wp:term":[{"taxonomy":"category","embeddable":true,"href":"http:\/\/dsrmedios.com.ar\/diario\/wp-json\/wp\/v2\/categories?post=30586"},{"taxonomy":"post_tag","embeddable":true,"href":"http:\/\/dsrmedios.com.ar\/diario\/wp-json\/wp\/v2\/tags?post=30586"}],"curies":[{"name":"wp","href":"https:\/\/api.w.org\/{rel}","templated":true}]}}