{"id":30567,"date":"2023-04-10T15:23:01","date_gmt":"2023-04-10T18:23:01","guid":{"rendered":"http:\/\/dsrmedios.com.ar\/diario\/?p=30567"},"modified":"2023-04-10T15:23:04","modified_gmt":"2023-04-10T18:23:04","slug":"todos-somos-parte-charla-con-eduardo-sotelo-en-carhue-2","status":"publish","type":"post","link":"http:\/\/dsrmedios.com.ar\/diario\/archivos\/30567","title":{"rendered":"<strong>Todos Somos Parte: charla con Eduardo Sotelo en Carhu\u00e9<\/strong>"},"content":{"rendered":"\n<h3>En el marco del Mes de Autismo, la Municipalidad de Adolfo Alsina, presenta una charla con Eduardo Sotelo, profesor de Educaci\u00f3n F\u00edsica muy comprometido con las infancias con desaf\u00edos en el desarrollo en ni\u00f1os y adolescentes.<br>&nbsp;<br><br>El jueves 13 de abril a las 19:00 en Casa de la Cultura, Mitre y Urquiza de Carhu\u00e9, Sotelo brindar\u00e1 una charla sobre&nbsp;<strong>\u201cInclusi\u00f3n y Escuela,<\/strong>&nbsp;<strong>por una escuela con m\u00e1s puentes y menos barreras para incluir a las infancias con autismo\u201d ,&nbsp;<\/strong>destinada a profesionales de la educaci\u00f3n, de la salud, de educaci\u00f3n f\u00edsica, acompa\u00f1antes terap\u00e9uticos, estudiantes de carreras afines, familiares de personas con desaf\u00edos en el desarrollo.<\/h3>\n","protected":false},"excerpt":{"rendered":"<div class=\"mh-excerpt\"><p>En el marco del Mes de Autismo, la Municipalidad de Adolfo Alsina, presenta una charla con Eduardo Sotelo, profesor de Educaci\u00f3n F\u00edsica muy comprometido con las infancias con desaf\u00edos en el desarrollo en ni\u00f1os y adolescentes.&nbsp; El jueves 13 de abril a las 19:00 en Casa de la Cultura, Mitre y Urquiza de Carhu\u00e9, Sotelo brindar\u00e1 una charla sobre&nbsp;\u201cInclusi\u00f3n y Escuela,&nbsp;por una escuela con m\u00e1s puentes y menos barreras para incluir a las infancias con autismo\u201d ,&nbsp;destinada a profesionales de la educaci\u00f3n, de la salud, de educaci\u00f3n f\u00edsica, acompa\u00f1antes terap\u00e9uticos, estudiantes de carreras afines, familiares de personas con desaf\u00edos en <a class=\"mh-excerpt-more\" href=\"http:\/\/dsrmedios.com.ar\/diario\/archivos\/30567\" title=\"Todos Somos Parte: charla con Eduardo Sotelo en Carhu\u00e9\">[Leer m\u00e1s]<\/a><\/p>\n<\/div>","protected":false},"author":6,"featured_media":0,"comment_status":"open","ping_status":"closed","sticky":false,"template":"","format":"standard","meta":{"_jetpack_newsletter_access":""},"categories":[31],"tags":[],"jetpack_featured_media_url":"","jetpack_sharing_enabled":true,"jetpack_shortlink":"https:\/\/wp.me\/p9fihK-7X1","_links":{"self":[{"href":"http:\/\/dsrmedios.com.ar\/diario\/wp-json\/wp\/v2\/posts\/30567"}],"collection":[{"href":"http:\/\/dsrmedios.com.ar\/diario\/wp-json\/wp\/v2\/posts"}],"about":[{"href":"http:\/\/dsrmedios.com.ar\/diario\/wp-json\/wp\/v2\/types\/post"}],"author":[{"embeddable":true,"href":"http:\/\/dsrmedios.com.ar\/diario\/wp-json\/wp\/v2\/users\/6"}],"replies":[{"embeddable":true,"href":"http:\/\/dsrmedios.com.ar\/diario\/wp-json\/wp\/v2\/comments?post=30567"}],"version-history":[{"count":1,"href":"http:\/\/dsrmedios.com.ar\/diario\/wp-json\/wp\/v2\/posts\/30567\/revisions"}],"predecessor-version":[{"id":30568,"href":"http:\/\/dsrmedios.com.ar\/diario\/wp-json\/wp\/v2\/posts\/30567\/revisions\/30568"}],"wp:attachment":[{"href":"http:\/\/dsrmedios.com.ar\/diario\/wp-json\/wp\/v2\/media?parent=30567"}],"wp:term":[{"taxonomy":"category","embeddable":true,"href":"http:\/\/dsrmedios.com.ar\/diario\/wp-json\/wp\/v2\/categories?post=30567"},{"taxonomy":"post_tag","embeddable":true,"href":"http:\/\/dsrmedios.com.ar\/diario\/wp-json\/wp\/v2\/tags?post=30567"}],"curies":[{"name":"wp","href":"https:\/\/api.w.org\/{rel}","templated":true}]}}