{"id":30544,"date":"2023-04-06T08:30:14","date_gmt":"2023-04-06T11:30:14","guid":{"rendered":"http:\/\/dsrmedios.com.ar\/diario\/?p=30544"},"modified":"2023-04-06T08:30:17","modified_gmt":"2023-04-06T11:30:17","slug":"el-gobierno-nego-recortes-en-planes-sociales-por-un-pedido-del-fmi-no-es-ajuste-es-transparencia","status":"publish","type":"post","link":"http:\/\/dsrmedios.com.ar\/diario\/archivos\/30544","title":{"rendered":"El Gobierno neg\u00f3 recortes en planes sociales por un pedido del FMI: \u201cNo es ajuste, es transparencia\u201d"},"content":{"rendered":"\n<p>Tras el pedido del&nbsp;<a href=\"https:\/\/tn.com.ar\/economia\/2023\/04\/05\/el-fmi-pidio-ponerle-un-tope-a-los-planes-sociales-y-que-la-asistencia-no-supere-un-salario-minimo-por-persona\/\" target=\"_blank\" rel=\"noreferrer noopener\"><strong>Fondo Monetario Internacional (FMI)<\/strong><\/a>&nbsp;para fijar l\u00edmites en los planes sociales, como anticip\u00f3&nbsp;<strong>TN,<\/strong>&nbsp;y una&nbsp;<a href=\"https:\/\/tn.com.ar\/sociedad\/2023\/04\/05\/en-la-previa-de-semana-santa-los-piqueteros-realizaran-nuevos-cortes-en-accesos-y-rutas-de-todo-el-pais\/\">nueva marcha piquetera en m\u00e1s de 128 puntos de todo el pa\u00eds<\/a>&nbsp;la ministra de Desarrollo Social,&nbsp;<a href=\"https:\/\/tn.com.ar\/politica\/2022\/11\/03\/victoria-tolosa-paz-hay-miembros-de-nuestro-gobierno-que-critican-como-si-estuviesen-afuera\/\" target=\"_blank\" rel=\"noreferrer noopener\"><strong>Victoria Tolosa Paz<\/strong><\/a><strong>,<\/strong>&nbsp;sali\u00f3 al cruce y rechaz\u00f3 que vaya a haber una nueva meta, \u201ccondicionamiento de ajuste del FMI\u201d o de otro \u201cactor del sistema financiero o de cr\u00e9dito sobre la pol\u00edtica social en Argentina\u201d. El mi\u00e9rcoles hubo&nbsp;<strong>m\u00faltiples protestas<\/strong>&nbsp;de organizaciones sociales por las bajas en el Potenciar Trabajo.<\/p>\n\n\n\n<p>Tolosa Paz cruz\u00f3 Twitter el pedido del organismo multilateral de cr\u00e9dito al Gobierno para poner un tope a los planes sociales por persona, de acuerdo al \u00faltimo staff report de la instituci\u00f3n, que aprob\u00f3 una\u00a0<a href=\"https:\/\/tn.com.ar\/economia\/2023\/04\/03\/el-fmi-modifico-la-meta-de-reservas-pero-pidio-mas-control-sobre-el-gasto-la-moratoria-y-los-subsidios\/\">flexibilizaci\u00f3n en la meta de reservas<\/a>\u00a0a ra\u00edz del impacto de una sequ\u00eda hist\u00f3rica. El foco est\u00e1 puesto en el\u00a0<a href=\"https:\/\/tn.com.ar\/economia\/2023\/04\/04\/potenciar-trabajo-los-beneficiarios-reciben-un-extra-en-abril-cuando-cobro\/\"><strong>Potenciar Trabajo<\/strong><\/a>, que tiene fondos anuales por\u00a0<strong>$585.000 millones,\u00a0<\/strong>la\u00a0<strong>mitad<\/strong>\u00a0de la totalidad del presupuesto del ministerio, que es de\u00a0<strong>$1,17 billones.<\/strong><\/p>\n\n\n\n<p>La ministra de Desarrollo Social plante\u00f3 en un hilo en Twitter, con cr\u00edticas a la prensa: \u201cQueremos aportar veracidad, tranquilidad y orden ante versiones infundadas publicadas en medios de comunicaci\u00f3n que citan como fuentes reportes del FMI con supuestos condicionamientos o nuevas metas fiscales que impactar\u00edan sobre la inversi\u00f3n en pol\u00edticas sociales\u201d.<\/p>\n\n\n\n<figure class=\"wp-block-image\"><img decoding=\"async\" src=\"https:\/\/tn.com.ar\/resizer\/9iKWOPMGy88B7manEmBgXWZBxYE=\/767x0\/smart\/filters:format(webp)\/cloudfront-us-east-1.images.arcpublishing.com\/artear\/64JWXYPRPBGGNDEQSPUE3O6FLY.jpg\" alt=\"La ministra de Desarrollo Social, Victoria Tolosa Paz, neg\u00f3 condicionamientos del FMI con los planes sociales (Foto: captura Twitter @vtolosapaz).\"\/><figcaption class=\"wp-element-caption\">La ministra de Desarrollo Social, Victoria Tolosa Paz, neg\u00f3 condicionamientos del FMI con los planes sociales (Foto: captura Twitter @vtolosapaz).<\/figcaption><\/figure>\n\n\n\n<p>Tolosa Paz dijo que \u201cno hay&nbsp;<strong>ninguna nueva meta&nbsp;<\/strong>ni condicionamiento de ajuste ni del FMI ni de ning\u00fan actor del sistema financiero o de cr\u00e9dito sobre la pol\u00edtica social en Argentina\u201d y que \u201cno es verdad que se haya solicitado o puesto como meta la reducci\u00f3n de la cantidad de titulares del Potenciar Trabajo\u201d.<\/p>\n\n\n\n<p>La ministra de Desarrollo Social rechaz\u00f3 adem\u00e1s que vaya a haber ajustes en otros programas a su cargo: \u201cIncrementamos la inversi\u00f3n social, ejecutando con eficiencia y a tiempo el presupuesto asignado, no hay ajuste y no habr\u00e1 ajuste en esta gesti\u00f3n, el 2022 arroj\u00f3 un incremento real del gasto del 6,9% respecto de 2021, es decir, no hubo ajuste. En el primer trimestre de 2023 se registraron variaciones nominales del 98% en enero, 103% en febrero y 122% en marzo respecto a 2022\u2033.<\/p>\n\n\n\n<p>Tolosa Paz habl\u00f3 de \u201cun sostenimiento del gasto real para los primeros dos meses del a\u00f1o y un incremento real del 9% para marzo\u201d, que \u201ctampoco hay ajuste en 2023, hay incremento de la inversi\u00f3n social\u201d, y que \u201cPotenciar Trabajo y Prestaci\u00f3n Alimentar tienen altos niveles de ejecuci\u00f3n (30 y 32%)\u201d.<\/p>\n\n\n\n<p>Fuente: TN<\/p>\n","protected":false},"excerpt":{"rendered":"<div class=\"mh-excerpt\"><p>Tras el pedido del&nbsp;Fondo Monetario Internacional (FMI)&nbsp;para fijar l\u00edmites en los planes sociales, como anticip\u00f3&nbsp;TN,&nbsp;y una&nbsp;nueva marcha piquetera en m\u00e1s de 128 puntos de todo el pa\u00eds&nbsp;la ministra de Desarrollo Social,&nbsp;Victoria Tolosa Paz,&nbsp;sali\u00f3 al cruce y rechaz\u00f3 que vaya a haber una nueva meta, \u201ccondicionamiento de ajuste del FMI\u201d o de otro \u201cactor del sistema financiero o de cr\u00e9dito sobre la pol\u00edtica social en Argentina\u201d. El mi\u00e9rcoles hubo&nbsp;m\u00faltiples protestas&nbsp;de organizaciones sociales por las bajas en el Potenciar Trabajo. Tolosa Paz cruz\u00f3 Twitter el pedido del organismo multilateral de cr\u00e9dito al Gobierno para poner un tope a los planes sociales por <a class=\"mh-excerpt-more\" href=\"http:\/\/dsrmedios.com.ar\/diario\/archivos\/30544\" title=\"El Gobierno neg\u00f3 recortes en planes sociales por un pedido del FMI: \u201cNo es ajuste, es transparencia\u201d\">[Leer m\u00e1s]<\/a><\/p>\n<\/div>","protected":false},"author":6,"featured_media":30545,"comment_status":"open","ping_status":"closed","sticky":false,"template":"","format":"standard","meta":{"_jetpack_newsletter_access":""},"categories":[6],"tags":[],"jetpack_featured_media_url":"http:\/\/dsrmedios.com.ar\/diario\/wp-content\/uploads\/2023\/04\/images-2.jpg","jetpack_sharing_enabled":true,"jetpack_shortlink":"https:\/\/wp.me\/p9fihK-7WE","_links":{"self":[{"href":"http:\/\/dsrmedios.com.ar\/diario\/wp-json\/wp\/v2\/posts\/30544"}],"collection":[{"href":"http:\/\/dsrmedios.com.ar\/diario\/wp-json\/wp\/v2\/posts"}],"about":[{"href":"http:\/\/dsrmedios.com.ar\/diario\/wp-json\/wp\/v2\/types\/post"}],"author":[{"embeddable":true,"href":"http:\/\/dsrmedios.com.ar\/diario\/wp-json\/wp\/v2\/users\/6"}],"replies":[{"embeddable":true,"href":"http:\/\/dsrmedios.com.ar\/diario\/wp-json\/wp\/v2\/comments?post=30544"}],"version-history":[{"count":1,"href":"http:\/\/dsrmedios.com.ar\/diario\/wp-json\/wp\/v2\/posts\/30544\/revisions"}],"predecessor-version":[{"id":30546,"href":"http:\/\/dsrmedios.com.ar\/diario\/wp-json\/wp\/v2\/posts\/30544\/revisions\/30546"}],"wp:featuredmedia":[{"embeddable":true,"href":"http:\/\/dsrmedios.com.ar\/diario\/wp-json\/wp\/v2\/media\/30545"}],"wp:attachment":[{"href":"http:\/\/dsrmedios.com.ar\/diario\/wp-json\/wp\/v2\/media?parent=30544"}],"wp:term":[{"taxonomy":"category","embeddable":true,"href":"http:\/\/dsrmedios.com.ar\/diario\/wp-json\/wp\/v2\/categories?post=30544"},{"taxonomy":"post_tag","embeddable":true,"href":"http:\/\/dsrmedios.com.ar\/diario\/wp-json\/wp\/v2\/tags?post=30544"}],"curies":[{"name":"wp","href":"https:\/\/api.w.org\/{rel}","templated":true}]}}