{"id":30538,"date":"2023-04-06T08:26:00","date_gmt":"2023-04-06T11:26:00","guid":{"rendered":"http:\/\/dsrmedios.com.ar\/diario\/?p=30538"},"modified":"2023-04-06T08:26:04","modified_gmt":"2023-04-06T11:26:04","slug":"el-gobierno-cruzo-a-la-mesa-de-enlace-por-sus-criticas-al-dolar-agro-y-elevo-la-tension-con-el-campo","status":"publish","type":"post","link":"http:\/\/dsrmedios.com.ar\/diario\/archivos\/30538","title":{"rendered":"El Gobierno cruz\u00f3 a la mesa de enlace por sus cr\u00edticas al d\u00f3lar agro y elev\u00f3 la tensi\u00f3n con el campo"},"content":{"rendered":"\n<p>La Casa Rosada cruz\u00f3 a la&nbsp;<a href=\"https:\/\/tn.com.ar\/campo\/2023\/04\/05\/la-mesa-de-enlace-rechazo-al-nuevo-dolar-agro-el-gobierno-tiene-una-sequia-de-ideas\/\" target=\"_blank\" rel=\"noreferrer noopener\"><strong>mesa de enlace<\/strong><\/a>&nbsp;por los fuertes cuestionamientos de las entidades del campo al nuevo&nbsp;<strong>d\u00f3lar agro,<\/strong>&nbsp;que lo calificaron como&nbsp;<strong>\u201cun parche\u201d<\/strong>&nbsp;y volvieron a advertir sobre la medida, que dijeron que provocar\u00e1&nbsp;<strong>distorsiones&nbsp;<\/strong>en el mercado, en una escalada de tensi\u00f3n entre el Ejecutivo y el sector.<\/p>\n\n\n\n<p>El jefe de Gabinete,\u00a0<a rel=\"noreferrer noopener\" href=\"https:\/\/tn.com.ar\/politica\/2023\/02\/15\/rossi-asume-como-jefe-de-gabinete-para-blindar-la-gestion-ante-los-ataques-internos-y-ordenar-a-los-ministros\/\" target=\"_blank\"><strong>Agust\u00edn Rossi<\/strong><\/a><strong>,\u00a0<\/strong>acus\u00f3 a las cuatro entidades de la mesa de enlace (CRA, Coninagro, SRA y FAA) de tener \u201cceguera ideol\u00f3gica\u201d e<strong>\u00a0\u201cidentificaci\u00f3n pol\u00edtica\/partidaria\u201d<\/strong>\u00a0con la oposici\u00f3n, despu\u00e9s de que volvieran a rechazar la medida anunciada por el ministro de Econom\u00eda,\u00a0<a rel=\"noreferrer noopener\" href=\"https:\/\/tn.com.ar\/economia\/2023\/04\/05\/en-medio-de-la-escasez-de-dolares-sergio-massa-lanza-el-dolar-agro-todos-los-detalles\/\" target=\"_blank\"><strong>Sergio Massa<\/strong><\/a><strong>.<\/strong><\/p>\n\n\n\n<p>Rossi consider\u00f3: \u201cHay una clara identificaci\u00f3n pol\u00edtica\/partidaria de los dirigentes de la mesa de enlace, por m\u00e1s decisiones que uno tome, claramente, porque las toma este Gobierno,&nbsp;<strong>est\u00e1n en contra\u201d.<\/strong><\/p>\n\n\n\n<h2>Chicanas a la mesa de enlace: \u201cCuando Mauricio Macri elimin\u00f3 el ministerio de Agricultura no dijeron nada\u201d<\/h2>\n\n\n\n<p>El coordinador de ministros chicane\u00f3 a la mesa de enlace, con menciones a pol\u00edticas del anterior gobierno de&nbsp;<a href=\"https:\/\/tn.com.ar\/politica\/2023\/04\/02\/mauricio-macri-busca-influir-mas-que-antes-la-experiencia-de-alfonsin-que-no-le-conviene-repetir\/\" target=\"_blank\" rel=\"noreferrer noopener\"><strong>Mauricio Macri<\/strong><\/a><strong>:&nbsp;<\/strong>\u201cCuando Macri anunci\u00f3 retenciones, elimin\u00f3 el ministerio de Agricultura y lo degrad\u00f3 a secretar\u00eda&nbsp;<strong>no dijeron absolutamente nada,<\/strong>&nbsp;son expresiones de ese sector desde un punto de vista pol\u00edtico\u201d.<\/p>\n\n\n\n<p>Rossi dijo, en este sentido: \u201cSi esta medida la hubiera tomado otro Gobierno de otro signo pol\u00edtico estar\u00edan&nbsp;<strong>tirando fuegos artificiales,<\/strong>&nbsp;pero las tomamos nosotros y est\u00e1n en contra\u201d, en declaraciones a&nbsp;<em>Radio 10.<\/em><\/p>\n\n\n\n<h2>Fuerte defensa del Gobierno al d\u00f3lar agro: \u201cEs un win-win, ganan todos\u201d<\/h2>\n\n\n\n<p>El jefe de Gabinete respald\u00f3 la nueva edici\u00f3n del d\u00f3lar agro, que dijo que es un \u201cwin-win\u201d porque \u201cganan todos\u201d: \u201cSe favorece la liquidaci\u00f3n de exportaciones con un tipo de cambio a $300 y al mismo tiempo el Banco Central fortalece sus reservas\u201d, y dijo que la mesa de enlace tendr\u00eda esa visi\u00f3n si no tuviera \u201cceguera ideol\u00f3gica\u201d.<\/p>\n\n\n\n<h2>Duras cr\u00edticas de la mesa de enlace al d\u00f3lar agro:\u201cUn nuevo parche en la econom\u00eda\u201d<\/h2>\n\n\n\n<p>Desde la mesa de enlace redoblaron las cr\u00edticas al d\u00f3lar agro, que tildaron de \u201cnuevo parche en la econom\u00eda\u201d con el objetivo \u201cmeramente recaudatorio de engrosar a las raqu\u00edticas reservas del Banco Central\u201d. En un comunicado conjunto, la&nbsp;Comisi\u00f3n de Enlace de Entidades Agropecuarias (CEEA)plante\u00f3 que&nbsp;\u201cel tipo de cambio de una econom\u00eda deber ser&nbsp;<strong>\u00fanico y libre\u201d.<\/strong><\/p>\n\n\n\n<p>Las entidades agrarias advirtieron que \u201cno sirven medidas transitorias que incluyen a algunos y no a todos, al feroz impacto de las inclemencias clim\u00e1ticas se suma el padecimiento de otra sequ\u00eda,&nbsp;la sequ\u00eda de ideas del Gobierno\u201d.<\/p>\n\n\n\n<h2>Las claves del nuevo d\u00f3lar agro que anunci\u00f3 Sergio Massa<\/h2>\n\n\n\n<p>Massa anunci\u00f3 el mi\u00e9rcoles la nueva edici\u00f3n del d\u00f3lar agro&nbsp;<strong>a $300<\/strong>&nbsp;para fortalecer las bajas reservas del Banco Central (BCRA): \u201cEl objetivo es que el campo que puede sostener exportaciones le d\u00e9 una mano al campo que perdi\u00f3 todo por la sequ\u00eda\u201d.<\/p>\n\n\n\n<ul>\n<li>El programa empezar\u00e1 el&nbsp;lunes 8 de abril y va a terminar el 31 de mayo para el caso del complejo sojero. Con eltipo de cambio fijo de $300 mejora el precio para el productor, apunta a incentivar las exportaciones y a fortalecer las reservas.<\/li>\n\n\n\n<li>En el caso de las<strong>\u00a0econom\u00edas regionales\u00a0<\/strong>se implementar\u00e1 un r\u00e9gimen que va a funcionar desde el 8 de abril hasta el 30 de agosto.En el Palacio de Hacienda aspiran a que cada una de las econom\u00edas ampl\u00ede las exportaciones y garantice precios en el mercado interno.<\/li>\n<\/ul>\n\n\n\n<p>Fuente: TN<\/p>\n","protected":false},"excerpt":{"rendered":"<div class=\"mh-excerpt\"><p>La Casa Rosada cruz\u00f3 a la&nbsp;mesa de enlace&nbsp;por los fuertes cuestionamientos de las entidades del campo al nuevo&nbsp;d\u00f3lar agro,&nbsp;que lo calificaron como&nbsp;\u201cun parche\u201d&nbsp;y volvieron a advertir sobre la medida, que dijeron que provocar\u00e1&nbsp;distorsiones&nbsp;en el mercado, en una escalada de tensi\u00f3n entre el Ejecutivo y el sector. El jefe de Gabinete,\u00a0Agust\u00edn Rossi,\u00a0acus\u00f3 a las cuatro entidades de la mesa de enlace (CRA, Coninagro, SRA y FAA) de tener \u201cceguera ideol\u00f3gica\u201d e\u00a0\u201cidentificaci\u00f3n pol\u00edtica\/partidaria\u201d\u00a0con la oposici\u00f3n, despu\u00e9s de que volvieran a rechazar la medida anunciada por el ministro de Econom\u00eda,\u00a0Sergio Massa. Rossi consider\u00f3: \u201cHay una clara identificaci\u00f3n pol\u00edtica\/partidaria de los dirigentes de la <a class=\"mh-excerpt-more\" href=\"http:\/\/dsrmedios.com.ar\/diario\/archivos\/30538\" title=\"El Gobierno cruz\u00f3 a la mesa de enlace por sus cr\u00edticas al d\u00f3lar agro y elev\u00f3 la tensi\u00f3n con el campo\">[Leer m\u00e1s]<\/a><\/p>\n<\/div>","protected":false},"author":6,"featured_media":30539,"comment_status":"open","ping_status":"closed","sticky":false,"template":"","format":"standard","meta":{"_jetpack_newsletter_access":""},"categories":[6],"tags":[],"jetpack_featured_media_url":"http:\/\/dsrmedios.com.ar\/diario\/wp-content\/uploads\/2023\/04\/EM_Li6-S_400x400.jpg","jetpack_sharing_enabled":true,"jetpack_shortlink":"https:\/\/wp.me\/p9fihK-7Wy","_links":{"self":[{"href":"http:\/\/dsrmedios.com.ar\/diario\/wp-json\/wp\/v2\/posts\/30538"}],"collection":[{"href":"http:\/\/dsrmedios.com.ar\/diario\/wp-json\/wp\/v2\/posts"}],"about":[{"href":"http:\/\/dsrmedios.com.ar\/diario\/wp-json\/wp\/v2\/types\/post"}],"author":[{"embeddable":true,"href":"http:\/\/dsrmedios.com.ar\/diario\/wp-json\/wp\/v2\/users\/6"}],"replies":[{"embeddable":true,"href":"http:\/\/dsrmedios.com.ar\/diario\/wp-json\/wp\/v2\/comments?post=30538"}],"version-history":[{"count":1,"href":"http:\/\/dsrmedios.com.ar\/diario\/wp-json\/wp\/v2\/posts\/30538\/revisions"}],"predecessor-version":[{"id":30540,"href":"http:\/\/dsrmedios.com.ar\/diario\/wp-json\/wp\/v2\/posts\/30538\/revisions\/30540"}],"wp:featuredmedia":[{"embeddable":true,"href":"http:\/\/dsrmedios.com.ar\/diario\/wp-json\/wp\/v2\/media\/30539"}],"wp:attachment":[{"href":"http:\/\/dsrmedios.com.ar\/diario\/wp-json\/wp\/v2\/media?parent=30538"}],"wp:term":[{"taxonomy":"category","embeddable":true,"href":"http:\/\/dsrmedios.com.ar\/diario\/wp-json\/wp\/v2\/categories?post=30538"},{"taxonomy":"post_tag","embeddable":true,"href":"http:\/\/dsrmedios.com.ar\/diario\/wp-json\/wp\/v2\/tags?post=30538"}],"curies":[{"name":"wp","href":"https:\/\/api.w.org\/{rel}","templated":true}]}}