{"id":30515,"date":"2023-04-06T08:02:31","date_gmt":"2023-04-06T11:02:31","guid":{"rendered":"http:\/\/dsrmedios.com.ar\/diario\/?p=30515"},"modified":"2023-04-06T08:02:35","modified_gmt":"2023-04-06T11:02:35","slug":"no-mas-retenciones-juan-manuel-urtubey-en-contra-de-la-ultima-medida-de-sergio-massa-para-el-campo","status":"publish","type":"post","link":"http:\/\/dsrmedios.com.ar\/diario\/archivos\/30515","title":{"rendered":"\u201cNo m\u00e1s retenciones\u201d: Juan Manuel Urtubey en contra de la \u00faltima medida de Sergio Massa para el Campo"},"content":{"rendered":"\n<p>El ministro de Econom\u00eda de la Naci\u00f3n,&nbsp;<strong><a href=\"https:\/\/elintransigente.com\/tag\/sergio-massa\/\" target=\"_blank\" rel=\"noreferrer noopener\">Sergio Massa<\/a><\/strong>, anunci\u00f3 este mi\u00e9rcoles el&nbsp;<a href=\"https:\/\/www.youtube.com\/watch?v=dsTcvBP6hUc\" target=\"_blank\" rel=\"noreferrer noopener\"><strong>Programa<\/strong>&nbsp;de&nbsp;<strong>Incremento Exportador<\/strong><\/a>&nbsp;destinado al complejo sojero y a las econom\u00edas regionales. A trav\u00e9s de la misma, el&nbsp;<strong>Gobierno<\/strong>&nbsp;busca aumentar las ventas al exterior y fortalecer las reservas. Sin embargo, el lineamiento no fue bien recibido por las entidades del agro y tampoco por la oposici\u00f3n.&nbsp;<strong><a href=\"https:\/\/elintransigente.com\/tag\/juan-manuel-urtubey\/\" target=\"_blank\" rel=\"noreferrer noopener\">Juan Manuel Urtubey<\/a><\/strong>,&nbsp;<strong>exgobernador<\/strong>&nbsp;de&nbsp;<strong>Salta<\/strong>&nbsp;y&nbsp;<strong>precandidato<\/strong>&nbsp;a&nbsp;<strong>presidente<\/strong>, fue uno de los que se manifest\u00f3 en contra al pedir&nbsp;<strong>que no haya \u201cm\u00e1s retenciones\u201d<\/strong>&nbsp;al&nbsp;<strong>Campo<\/strong>.<\/p>\n\n\n\n<p>Desde su cuenta de la red social Twitter, Urtubey se limit\u00f3 a objetar: \u201cNo m\u00e1s retenciones\u201d. Esa oraci\u00f3n la acompa\u00f1\u00f3 con una reciente entrevista que brind\u00f3 al portal Infobae. En la misma, ante la consulta sobre qu\u00e9 hacer con el tipo de cambio, explic\u00f3: \u201cSi uno tiene como eje generar 7% de crecimiento anual de la econom\u00eda y lograr que el crecimiento del gasto p\u00fablico no supere el 2% anual, te voy a poner en caja la econom\u00eda argentina en un per\u00edodo de transici\u00f3n de cuatro a\u00f1os, en el que se va a ordenar la econom\u00eda\u201d.<\/p>\n\n\n\n<p>\u201cLa discusi\u00f3n no es cu\u00e1l es el tipo de cambio y c\u00f3mo lo controlo, sino qu\u00e9 es lo que yo necesito para generar el desarrollo y el crecimiento econ\u00f3mico del 7% que necesito durante cinco a\u00f1os. Entonces el eje es diferente, no es tratar de ir acomodando las variables para ver c\u00f3mo consigo la guita para pagar los gastos del Estado, es al rev\u00e9s. Es c\u00f3mo acelero el Producto Bruto de la Argentina\u201d, ampli\u00f3 el dirigente salte\u00f1o.<\/p>\n\n\n\n<p>Asimismo, plante\u00f3 que el problema de la inflaci\u00f3n \u201cobviamente que es multicausal, pero esencialmente ten\u00e9s un problema de divisas, porque no logras exportar lo que estabas exportando y entonces dejas de alentar las exportaciones, haciendo al rev\u00e9s de lo que necesita el pa\u00eds\u201d. \u201cEn vez de meter tremendas retenciones para exportar una \u2018torta\u2019 peque\u00f1a, es mejor exportar una \u2018torta\u2019 mucho m\u00e1s grande sin retenciones y se podr\u00e1 tener m\u00e1s ingresos. Esto es b\u00e1sico\u201d, subray\u00f3.<\/p>\n\n\n\n<p>Urtubey afirm\u00f3 entonces que plantea eliminar las retenciones. Al respecto, puntualiz\u00f3: \u201cEn la Argentina lo que hay que hacer es generar una l\u00f3gica en donde los impuestos, los aranceles, en definitiva, sean herramientas de pol\u00edtica econ\u00f3mica, no mecanismos de haber de qu\u00e9 manera recaudo la guita que necesito\u201d. \u201cEntender un modelo de pa\u00eds, \u00bfhace cu\u00e1nto que abandonamos la l\u00f3gica de la planificaci\u00f3n en la Argentina? La Argentina necesita planificaci\u00f3n y lo que hay que saber es ad\u00f3nde ir y ad\u00f3nde quiere llevar el pa\u00eds\u201d, dijo.<\/p>\n\n\n\n<p>\u201cLo importante es determinar cu\u00e1l es la matriz que yo necesito para que la Argentina crezca y crezca con inclusi\u00f3n. Para eso, necesito primero crecer, porque si lo \u00fanico que pienso es en la inclusi\u00f3n y no en el crecimiento me pasa lo que me est\u00e1 pasando hoy\u201d, se explay\u00f3 el precandidato presidencial. Y sintetiz\u00f3: \u201cLo que yo tengo que pensar es qu\u00e9 herramientas, qu\u00e9 instrumentos voy a utilizar, en una Argentina en crecimiento\u201d.<\/p>\n\n\n\n<p>Por \u00faltimo, sobre si levantar\u00eda las restricciones cambiarias, el denominado cepo, Urtubey dijo: \u201cSi estoy diciendo que planteo un modelo de una Argentina exportadora, no puedo laburar con esa l\u00f3gica del cepo, es absurdo. \u00bfEsto se va a hacer de la noche a la ma\u00f1ana? No, es imposible, ser\u00eda un irresponsable si digo que lo voy a hacer. Pero la Argentina tiene que ir hacia all\u00ed\u201d, concluy\u00f3.<\/p>\n\n\n\n<p>Fuente: El Intransigente<\/p>\n","protected":false},"excerpt":{"rendered":"<div class=\"mh-excerpt\"><p>El ministro de Econom\u00eda de la Naci\u00f3n,&nbsp;Sergio Massa, anunci\u00f3 este mi\u00e9rcoles el&nbsp;Programa&nbsp;de&nbsp;Incremento Exportador&nbsp;destinado al complejo sojero y a las econom\u00edas regionales. A trav\u00e9s de la misma, el&nbsp;Gobierno&nbsp;busca aumentar las ventas al exterior y fortalecer las reservas. Sin embargo, el lineamiento no fue bien recibido por las entidades del agro y tampoco por la oposici\u00f3n.&nbsp;Juan Manuel Urtubey,&nbsp;exgobernador&nbsp;de&nbsp;Salta&nbsp;y&nbsp;precandidato&nbsp;a&nbsp;presidente, fue uno de los que se manifest\u00f3 en contra al pedir&nbsp;que no haya \u201cm\u00e1s retenciones\u201d&nbsp;al&nbsp;Campo. Desde su cuenta de la red social Twitter, Urtubey se limit\u00f3 a objetar: \u201cNo m\u00e1s retenciones\u201d. Esa oraci\u00f3n la acompa\u00f1\u00f3 con una reciente entrevista que brind\u00f3 al portal Infobae. <a class=\"mh-excerpt-more\" href=\"http:\/\/dsrmedios.com.ar\/diario\/archivos\/30515\" title=\"\u201cNo m\u00e1s retenciones\u201d: Juan Manuel Urtubey en contra de la \u00faltima medida de Sergio Massa para el Campo\">[Leer m\u00e1s]<\/a><\/p>\n<\/div>","protected":false},"author":6,"featured_media":30517,"comment_status":"open","ping_status":"closed","sticky":false,"template":"","format":"standard","meta":{"_jetpack_newsletter_access":""},"categories":[6],"tags":[],"jetpack_featured_media_url":"http:\/\/dsrmedios.com.ar\/diario\/wp-content\/uploads\/2023\/04\/Juan-Manuel-Urtubey-12.webp","jetpack_sharing_enabled":true,"jetpack_shortlink":"https:\/\/wp.me\/p9fihK-7Wb","_links":{"self":[{"href":"http:\/\/dsrmedios.com.ar\/diario\/wp-json\/wp\/v2\/posts\/30515"}],"collection":[{"href":"http:\/\/dsrmedios.com.ar\/diario\/wp-json\/wp\/v2\/posts"}],"about":[{"href":"http:\/\/dsrmedios.com.ar\/diario\/wp-json\/wp\/v2\/types\/post"}],"author":[{"embeddable":true,"href":"http:\/\/dsrmedios.com.ar\/diario\/wp-json\/wp\/v2\/users\/6"}],"replies":[{"embeddable":true,"href":"http:\/\/dsrmedios.com.ar\/diario\/wp-json\/wp\/v2\/comments?post=30515"}],"version-history":[{"count":1,"href":"http:\/\/dsrmedios.com.ar\/diario\/wp-json\/wp\/v2\/posts\/30515\/revisions"}],"predecessor-version":[{"id":30518,"href":"http:\/\/dsrmedios.com.ar\/diario\/wp-json\/wp\/v2\/posts\/30515\/revisions\/30518"}],"wp:featuredmedia":[{"embeddable":true,"href":"http:\/\/dsrmedios.com.ar\/diario\/wp-json\/wp\/v2\/media\/30517"}],"wp:attachment":[{"href":"http:\/\/dsrmedios.com.ar\/diario\/wp-json\/wp\/v2\/media?parent=30515"}],"wp:term":[{"taxonomy":"category","embeddable":true,"href":"http:\/\/dsrmedios.com.ar\/diario\/wp-json\/wp\/v2\/categories?post=30515"},{"taxonomy":"post_tag","embeddable":true,"href":"http:\/\/dsrmedios.com.ar\/diario\/wp-json\/wp\/v2\/tags?post=30515"}],"curies":[{"name":"wp","href":"https:\/\/api.w.org\/{rel}","templated":true}]}}