{"id":30502,"date":"2023-04-04T08:48:09","date_gmt":"2023-04-04T11:48:09","guid":{"rendered":"http:\/\/dsrmedios.com.ar\/diario\/?p=30502"},"modified":"2023-04-04T08:48:12","modified_gmt":"2023-04-04T11:48:12","slug":"se-acerca-la-semana-santa-y-genera-gran-expectativa-en-el-turismo-local-y-nacional","status":"publish","type":"post","link":"http:\/\/dsrmedios.com.ar\/diario\/archivos\/30502","title":{"rendered":"Se acerca la Semana Santa y genera gran expectativa en el turismo local y nacional"},"content":{"rendered":"\n<p>Fuente:www.perfil.com<\/p>\n\n\n\n<p>Los argentinos podr\u00e1n disfrutar de un nuevo feriado por Semana Santa 2023, la principal festividad del cristianismo, que conmemora la muerte y resurrecci\u00f3n de Jesucristo.<\/p>\n\n\n\n<p>Dentro de estos siete d\u00edas festivos, solo habr\u00e1 un d\u00eda feriado, que formar\u00e1 un nuevo fin de semana largo, el primero de los cuatro que habr\u00e1 en 2023.<\/p>\n\n\n\n<p>\u00bfQu\u00e9 d\u00eda no se trabaja en Argentina?<\/p>\n\n\n\n<p>Semana Santa 2023: cu\u00e1les son los destinos tur\u00edsticos m\u00e1s buscados por los argentinos<\/p>\n\n\n\n<p>Pascua 2023<br>Semana Santa 2023: cu\u00e1ndo cae y qu\u00e9 d\u00edas son feriados<br>Este a\u00f1o, Semana Santa cae en los primeros d\u00edas de abril. La fecha exacta de inicio es el Domingo de Ramos, que cae el 2 de abril.<\/p>\n\n\n\n<p>Domingo de Ramos: 2 de abril<br>Lunes, Martes y Mi\u00e9rcoles Santo: 3, 4 y 5 de abril<br>Jueves Santo: 6 de abril<br>Viernes Santo: 7 de abril<br>Domingo de Pascua: 9 de abril<br>En la Argentina, el jueves 6 de abril es considerado d\u00eda no laborable, mientras que el viernes 7 de abril es feriado. Seg\u00fan la Ley de Contrato de Trabajo, en los feriados rigen las normas legales sobre el descanso dominical, mientras que los d\u00edas no laborales son optativos para el empleador.<\/p>\n\n\n\n<p>Feriado de Semana Santa: \u00bfse trabaja el Jueves Santo? \u00bfC\u00f3mo se paga?<\/p>\n\n\n\n<p>Qu\u00e9 se celebra en Semana Santa<br>La Semana Santa\u200b\u200b es la conmemoraci\u00f3n cristiana anual de la entrada a Jerusal\u00e9n, la \u00faltima cena, el V\u00eda Crucis, la muerte y resurrecci\u00f3n de Jes\u00fas de Nazaret.<\/p>\n\n\n\n<p>Domingo de Ramos: da inicio a la Semana Santa y celebra la entrada de Jes\u00fas a Jerusal\u00e9n que fue recibido por una multitud que lo aclam\u00f3 con ramas de olivo.<br>Lunes, Martes y Mi\u00e9rcoles Santo: durante estos d\u00edas, se conmemoran las buenas obras y milagros que realiz\u00f3 Jes\u00fas.<br>Jueves Santo: se conmemora la \u00daltima Cena de Jes\u00fas con sus disc\u00edpulos. Adem\u00e1s, estableci\u00f3 la Eucarist\u00eda, al bendecir el pan y el vino, y decirle a sus ap\u00f3stoles que por medio de estos elementos recibir\u00edan su cuerpo y su sangre. Al finalizar, Jes\u00fas rez\u00f3 en el Huerto de los Olivos y luego fue aprehendido.<br>Viernes Santo: se recrea la Pasi\u00f3n de Cristo mediante un V\u00eda Crucis, que en lat\u00edn significa \u201cel camino de la cruz\u201d.<br>S\u00e1bado Santo: es un d\u00eda de silencio y reflexi\u00f3n en el que se recuerda que Jes\u00fas estuvo en el sepulcro antes de la resurrecci\u00f3n.<br>Domingo de Resurrecci\u00f3n: se recuerda que Jes\u00fas resucit\u00f3 y se celebra la Misa de Pascua.<\/p>\n\n\n\n<p>Feriados 2023: \u00bfcu\u00e1ntos quedan en el a\u00f1o?<br>Seg\u00fan el decreto 764 firmado por el presidente Alberto Fern\u00e1ndez en 2022, este a\u00f1o incluye 14 feriados inamovibles, 2 trasladables y 3 con fines tur\u00edsticos. En total, restan 16 jornadas no laborables para el 2023.<\/p>\n\n\n\n<p>En ese sentido, en lo que queda del a\u00f1o se podr\u00e1 disfrutar de los siguientes feriados:<\/p>\n\n\n\n<p>6 de abril: Jueves Santo<br>7 de abril: Viernes Santo<br>1\u00b0 de mayo (lunes): D\u00eda del Trabajador<br>25 de mayo (jueves): D\u00eda de la Revoluci\u00f3n de Mayo<br>26 de mayo (viernes): feriado con fines tur\u00edsticos<br>17 de junio (s\u00e1bado): Paso a la Inmortalidad del Gral. Don Mart\u00edn Miguel de G\u00fcemes<br>19 de junio (lunes): feriado con fines tur\u00edsticos<br>20 de junio (martes): Paso a la Inmortalidad del Gral. Manuel Belgrano<br>9 de julio (domingo): D\u00eda de la Independencia<br>21 de agosto (lunes): Paso a la Inmortalidad del Gral. Jos\u00e9 de San Mart\u00edn (se corri\u00f3 desde el 17\/08)<br>13 de octubre (viernes): feriado con fines tur\u00edsticos<br>16 de octubre (lunes): D\u00eda del Respeto a la Diversidad Cultural (se corri\u00f3 desde el 12\/10)<br>20 de noviembre (lunes): D\u00eda de la Soberan\u00eda Nacional<br>8 de diciembre (viernes): Inmaculada Concepci\u00f3n de Mar\u00eda<br>25 de diciembre (lunes): Navidad<\/p>\n","protected":false},"excerpt":{"rendered":"<div class=\"mh-excerpt\"><p>Fuente:www.perfil.com Los argentinos podr\u00e1n disfrutar de un nuevo feriado por Semana Santa 2023, la principal festividad del cristianismo, que conmemora la muerte y resurrecci\u00f3n de Jesucristo. Dentro de estos siete d\u00edas festivos, solo habr\u00e1 un d\u00eda feriado, que formar\u00e1 un nuevo fin de semana largo, el primero de los cuatro que habr\u00e1 en 2023. \u00bfQu\u00e9 d\u00eda no se trabaja en Argentina? Semana Santa 2023: cu\u00e1les son los destinos tur\u00edsticos m\u00e1s buscados por los argentinos Pascua 2023Semana Santa 2023: cu\u00e1ndo cae y qu\u00e9 d\u00edas son feriadosEste a\u00f1o, Semana Santa cae en los primeros d\u00edas de abril. La fecha exacta de inicio <a class=\"mh-excerpt-more\" href=\"http:\/\/dsrmedios.com.ar\/diario\/archivos\/30502\" title=\"Se acerca la Semana Santa y genera gran expectativa en el turismo local y nacional\">[Leer m\u00e1s]<\/a><\/p>\n<\/div>","protected":false},"author":5,"featured_media":30503,"comment_status":"open","ping_status":"closed","sticky":false,"template":"","format":"standard","meta":{"_jetpack_newsletter_access":""},"categories":[6,45],"tags":[],"jetpack_featured_media_url":"http:\/\/dsrmedios.com.ar\/diario\/wp-content\/uploads\/2023\/04\/pascuas.jpg","jetpack_sharing_enabled":true,"jetpack_shortlink":"https:\/\/wp.me\/p9fihK-7VY","_links":{"self":[{"href":"http:\/\/dsrmedios.com.ar\/diario\/wp-json\/wp\/v2\/posts\/30502"}],"collection":[{"href":"http:\/\/dsrmedios.com.ar\/diario\/wp-json\/wp\/v2\/posts"}],"about":[{"href":"http:\/\/dsrmedios.com.ar\/diario\/wp-json\/wp\/v2\/types\/post"}],"author":[{"embeddable":true,"href":"http:\/\/dsrmedios.com.ar\/diario\/wp-json\/wp\/v2\/users\/5"}],"replies":[{"embeddable":true,"href":"http:\/\/dsrmedios.com.ar\/diario\/wp-json\/wp\/v2\/comments?post=30502"}],"version-history":[{"count":1,"href":"http:\/\/dsrmedios.com.ar\/diario\/wp-json\/wp\/v2\/posts\/30502\/revisions"}],"predecessor-version":[{"id":30504,"href":"http:\/\/dsrmedios.com.ar\/diario\/wp-json\/wp\/v2\/posts\/30502\/revisions\/30504"}],"wp:featuredmedia":[{"embeddable":true,"href":"http:\/\/dsrmedios.com.ar\/diario\/wp-json\/wp\/v2\/media\/30503"}],"wp:attachment":[{"href":"http:\/\/dsrmedios.com.ar\/diario\/wp-json\/wp\/v2\/media?parent=30502"}],"wp:term":[{"taxonomy":"category","embeddable":true,"href":"http:\/\/dsrmedios.com.ar\/diario\/wp-json\/wp\/v2\/categories?post=30502"},{"taxonomy":"post_tag","embeddable":true,"href":"http:\/\/dsrmedios.com.ar\/diario\/wp-json\/wp\/v2\/tags?post=30502"}],"curies":[{"name":"wp","href":"https:\/\/api.w.org\/{rel}","templated":true}]}}