{"id":30481,"date":"2023-04-03T08:22:44","date_gmt":"2023-04-03T11:22:44","guid":{"rendered":"http:\/\/dsrmedios.com.ar\/diario\/?p=30481"},"modified":"2023-04-03T08:22:48","modified_gmt":"2023-04-03T11:22:48","slug":"actos-en-adolfo-alsina-a-41-anos-de-la-guerra-de-malvinas","status":"publish","type":"post","link":"http:\/\/dsrmedios.com.ar\/diario\/archivos\/30481","title":{"rendered":"Actos en Adolfo Alsina a 41 a\u00f1os de la Guerra de Malvinas"},"content":{"rendered":"\n<p>Adolfo Alsina conmemor\u00f3 a los Veteranos y Ca\u00eddos en la Guerra de Malvinas al cumplirse 41 a\u00f1os de la gesta. Lo hizo con actos en Carhu\u00e9, Rivera, San Miguel y Villa Maza.<\/p>\n\n\n\n<figure class=\"wp-block-image size-large\"><a href=\"http:\/\/dsrmedios.com.ar\/diario\/wp-content\/uploads\/2023\/04\/MALVI2.jpeg\"><img decoding=\"async\" loading=\"lazy\" width=\"1024\" height=\"677\" src=\"http:\/\/dsrmedios.com.ar\/diario\/wp-content\/uploads\/2023\/04\/MALVI2-1024x677.jpeg\" alt=\"\" class=\"wp-image-30482\" srcset=\"http:\/\/dsrmedios.com.ar\/diario\/wp-content\/uploads\/2023\/04\/MALVI2-1024x677.jpeg 1024w, http:\/\/dsrmedios.com.ar\/diario\/wp-content\/uploads\/2023\/04\/MALVI2-300x198.jpeg 300w, http:\/\/dsrmedios.com.ar\/diario\/wp-content\/uploads\/2023\/04\/MALVI2-768x508.jpeg 768w, http:\/\/dsrmedios.com.ar\/diario\/wp-content\/uploads\/2023\/04\/MALVI2.jpeg 1280w\" sizes=\"(max-width: 1024px) 100vw, 1024px\" \/><\/a><\/figure>\n\n\n\n<p>El domingo 2 de abril se realizaron actos por el D\u00eda de los Veteranos y Ca\u00eddos en la guerra de Malvinas con importante asistencia de p\u00fablico en todo el distrito.<\/p>\n\n\n\n<figure class=\"wp-block-image size-large\"><a href=\"http:\/\/dsrmedios.com.ar\/diario\/wp-content\/uploads\/2023\/04\/MALVI3.jpeg\"><img decoding=\"async\" loading=\"lazy\" width=\"1024\" height=\"768\" src=\"http:\/\/dsrmedios.com.ar\/diario\/wp-content\/uploads\/2023\/04\/MALVI3-1024x768.jpeg\" alt=\"\" class=\"wp-image-30483\" srcset=\"http:\/\/dsrmedios.com.ar\/diario\/wp-content\/uploads\/2023\/04\/MALVI3-1024x768.jpeg 1024w, http:\/\/dsrmedios.com.ar\/diario\/wp-content\/uploads\/2023\/04\/MALVI3-300x225.jpeg 300w, http:\/\/dsrmedios.com.ar\/diario\/wp-content\/uploads\/2023\/04\/MALVI3-768x576.jpeg 768w, http:\/\/dsrmedios.com.ar\/diario\/wp-content\/uploads\/2023\/04\/MALVI3-1536x1152.jpeg 1536w, http:\/\/dsrmedios.com.ar\/diario\/wp-content\/uploads\/2023\/04\/MALVI3-678x509.jpeg 678w, http:\/\/dsrmedios.com.ar\/diario\/wp-content\/uploads\/2023\/04\/MALVI3-326x245.jpeg 326w, http:\/\/dsrmedios.com.ar\/diario\/wp-content\/uploads\/2023\/04\/MALVI3-80x60.jpeg 80w, http:\/\/dsrmedios.com.ar\/diario\/wp-content\/uploads\/2023\/04\/MALVI3.jpeg 1600w\" sizes=\"(max-width: 1024px) 100vw, 1024px\" \/><\/a><\/figure>\n\n\n\n<p>El Intendente Javier Andres estuvo presente en Carhu\u00e9, en tanto que Concejales y delegados participaron en las otras localidades.<\/p>\n\n\n\n<figure class=\"wp-block-image size-full\"><a href=\"http:\/\/dsrmedios.com.ar\/diario\/wp-content\/uploads\/2023\/04\/MALVI4.jpeg\"><img decoding=\"async\" loading=\"lazy\" width=\"773\" height=\"568\" src=\"http:\/\/dsrmedios.com.ar\/diario\/wp-content\/uploads\/2023\/04\/MALVI4.jpeg\" alt=\"\" class=\"wp-image-30484\" srcset=\"http:\/\/dsrmedios.com.ar\/diario\/wp-content\/uploads\/2023\/04\/MALVI4.jpeg 773w, http:\/\/dsrmedios.com.ar\/diario\/wp-content\/uploads\/2023\/04\/MALVI4-300x220.jpeg 300w, http:\/\/dsrmedios.com.ar\/diario\/wp-content\/uploads\/2023\/04\/MALVI4-768x564.jpeg 768w, http:\/\/dsrmedios.com.ar\/diario\/wp-content\/uploads\/2023\/04\/MALVI4-80x60.jpeg 80w\" sizes=\"(max-width: 773px) 100vw, 773px\" \/><\/a><\/figure>\n","protected":false},"excerpt":{"rendered":"<div class=\"mh-excerpt\"><p>Adolfo Alsina conmemor\u00f3 a los Veteranos y Ca\u00eddos en la Guerra de Malvinas al cumplirse 41 a\u00f1os de la gesta. Lo hizo con actos en Carhu\u00e9, Rivera, San Miguel y Villa Maza. El domingo 2 de abril se realizaron actos por el D\u00eda de los Veteranos y Ca\u00eddos en la guerra de Malvinas con importante asistencia de p\u00fablico en todo el distrito. El Intendente Javier Andres estuvo presente en Carhu\u00e9, en tanto que Concejales y delegados participaron en las otras localidades.<\/p>\n<\/div>","protected":false},"author":5,"featured_media":30485,"comment_status":"open","ping_status":"closed","sticky":false,"template":"","format":"standard","meta":{"_jetpack_newsletter_access":""},"categories":[18,31],"tags":[],"jetpack_featured_media_url":"http:\/\/dsrmedios.com.ar\/diario\/wp-content\/uploads\/2023\/04\/MALVI1.jpg","jetpack_sharing_enabled":true,"jetpack_shortlink":"https:\/\/wp.me\/p9fihK-7VD","_links":{"self":[{"href":"http:\/\/dsrmedios.com.ar\/diario\/wp-json\/wp\/v2\/posts\/30481"}],"collection":[{"href":"http:\/\/dsrmedios.com.ar\/diario\/wp-json\/wp\/v2\/posts"}],"about":[{"href":"http:\/\/dsrmedios.com.ar\/diario\/wp-json\/wp\/v2\/types\/post"}],"author":[{"embeddable":true,"href":"http:\/\/dsrmedios.com.ar\/diario\/wp-json\/wp\/v2\/users\/5"}],"replies":[{"embeddable":true,"href":"http:\/\/dsrmedios.com.ar\/diario\/wp-json\/wp\/v2\/comments?post=30481"}],"version-history":[{"count":1,"href":"http:\/\/dsrmedios.com.ar\/diario\/wp-json\/wp\/v2\/posts\/30481\/revisions"}],"predecessor-version":[{"id":30486,"href":"http:\/\/dsrmedios.com.ar\/diario\/wp-json\/wp\/v2\/posts\/30481\/revisions\/30486"}],"wp:featuredmedia":[{"embeddable":true,"href":"http:\/\/dsrmedios.com.ar\/diario\/wp-json\/wp\/v2\/media\/30485"}],"wp:attachment":[{"href":"http:\/\/dsrmedios.com.ar\/diario\/wp-json\/wp\/v2\/media?parent=30481"}],"wp:term":[{"taxonomy":"category","embeddable":true,"href":"http:\/\/dsrmedios.com.ar\/diario\/wp-json\/wp\/v2\/categories?post=30481"},{"taxonomy":"post_tag","embeddable":true,"href":"http:\/\/dsrmedios.com.ar\/diario\/wp-json\/wp\/v2\/tags?post=30481"}],"curies":[{"name":"wp","href":"https:\/\/api.w.org\/{rel}","templated":true}]}}