{"id":30466,"date":"2023-03-31T07:59:01","date_gmt":"2023-03-31T10:59:01","guid":{"rendered":"http:\/\/dsrmedios.com.ar\/diario\/?p=30466"},"modified":"2023-03-31T08:02:29","modified_gmt":"2023-03-31T11:02:29","slug":"30466","status":"publish","type":"post","link":"http:\/\/dsrmedios.com.ar\/diario\/archivos\/30466","title":{"rendered":"Advierten que se endurecer\u00e1n las medidas del gremio municipal"},"content":{"rendered":"\n<p>El sindicato Fesimubo continuar\u00e1 con las medidas de fuerza y anuncia un cese total para los primeros d\u00edas de abril:<\/p>\n\n\n\n<p><strong>&#8220;Esta comisi\u00f3n directiva junto a su cuerpo de delegados le comunica a Ud. lo resuelto en asamblea informativa del d\u00eda 30 del corriente mes, el mandato es el siguiente, dar continuidad al cese de actividades de 3hs en los diferentes turnos, esperar al d\u00eda lunes 3 de abril del mismo a\u00f1o la confirmaci\u00f3n del pago de haberes, de no ser as\u00ed el d\u00eda martes 4 y mi\u00e9rcoles 5 el cese de actividades ser\u00e1 en turno completo, contar con la convocatoria a paritarias que restituya el pago del ajuste por inflaci\u00f3n correspondiente al primer trimestre(enero, febrero y marzo) dejando abril para el segundo trimestre correspondientemente, cubriendo en mayo la diferencia salarial de marzo por el ajuste paritario.<br>De no llegar a un acuerdo por lo anteriormente expuesto el d\u00eda 12 de abril daremos comienzo a paro general sin concurrencia a los lugares de trabajo incluyendo sectores de salud y por ultimo damos continuidad al estado de alerta, movilizaci\u00f3n y asamblea permanente por tiempo indeterminado.&#8221;<\/strong><\/p>\n","protected":false},"excerpt":{"rendered":"<div class=\"mh-excerpt\"><p>El sindicato Fesimubo continuar\u00e1 con las medidas de fuerza y anuncia un cese total para los primeros d\u00edas de abril: &#8220;Esta comisi\u00f3n directiva junto a su cuerpo de delegados le comunica a Ud. lo resuelto en asamblea informativa del d\u00eda 30 del corriente mes, el mandato es el siguiente, dar continuidad al cese de actividades de 3hs en los diferentes turnos, esperar al d\u00eda lunes 3 de abril del mismo a\u00f1o la confirmaci\u00f3n del pago de haberes, de no ser as\u00ed el d\u00eda martes 4 y mi\u00e9rcoles 5 el cese de actividades ser\u00e1 en turno completo, contar con la convocatoria <a class=\"mh-excerpt-more\" href=\"http:\/\/dsrmedios.com.ar\/diario\/archivos\/30466\" title=\"Advierten que se endurecer\u00e1n las medidas del gremio municipal\">[Leer m\u00e1s]<\/a><\/p>\n<\/div>","protected":false},"author":5,"featured_media":30467,"comment_status":"open","ping_status":"closed","sticky":false,"template":"","format":"standard","meta":{"_jetpack_newsletter_access":""},"categories":[18,8],"tags":[],"jetpack_featured_media_url":"http:\/\/dsrmedios.com.ar\/diario\/wp-content\/uploads\/2023\/03\/fesimubo4.jpg","jetpack_sharing_enabled":true,"jetpack_shortlink":"https:\/\/wp.me\/s9fihK-30466","_links":{"self":[{"href":"http:\/\/dsrmedios.com.ar\/diario\/wp-json\/wp\/v2\/posts\/30466"}],"collection":[{"href":"http:\/\/dsrmedios.com.ar\/diario\/wp-json\/wp\/v2\/posts"}],"about":[{"href":"http:\/\/dsrmedios.com.ar\/diario\/wp-json\/wp\/v2\/types\/post"}],"author":[{"embeddable":true,"href":"http:\/\/dsrmedios.com.ar\/diario\/wp-json\/wp\/v2\/users\/5"}],"replies":[{"embeddable":true,"href":"http:\/\/dsrmedios.com.ar\/diario\/wp-json\/wp\/v2\/comments?post=30466"}],"version-history":[{"count":3,"href":"http:\/\/dsrmedios.com.ar\/diario\/wp-json\/wp\/v2\/posts\/30466\/revisions"}],"predecessor-version":[{"id":30471,"href":"http:\/\/dsrmedios.com.ar\/diario\/wp-json\/wp\/v2\/posts\/30466\/revisions\/30471"}],"wp:featuredmedia":[{"embeddable":true,"href":"http:\/\/dsrmedios.com.ar\/diario\/wp-json\/wp\/v2\/media\/30467"}],"wp:attachment":[{"href":"http:\/\/dsrmedios.com.ar\/diario\/wp-json\/wp\/v2\/media?parent=30466"}],"wp:term":[{"taxonomy":"category","embeddable":true,"href":"http:\/\/dsrmedios.com.ar\/diario\/wp-json\/wp\/v2\/categories?post=30466"},{"taxonomy":"post_tag","embeddable":true,"href":"http:\/\/dsrmedios.com.ar\/diario\/wp-json\/wp\/v2\/tags?post=30466"}],"curies":[{"name":"wp","href":"https:\/\/api.w.org\/{rel}","templated":true}]}}