{"id":30463,"date":"2023-03-31T07:56:06","date_gmt":"2023-03-31T10:56:06","guid":{"rendered":"http:\/\/dsrmedios.com.ar\/diario\/?p=30463"},"modified":"2023-03-31T07:56:10","modified_gmt":"2023-03-31T10:56:10","slug":"el-hermano-de-una-de-las-maximas-figuras-del-tc-correra-en-midgets","status":"publish","type":"post","link":"http:\/\/dsrmedios.com.ar\/diario\/archivos\/30463","title":{"rendered":"El hermano de una de las m\u00e1ximas figuras del TC correr\u00e1 en midgets"},"content":{"rendered":"\n<p><br>Juan Ignacio Todino es el hermano de Germ\u00e1n. Se sumar\u00e1 al pr\u00f3ximo Invernal con la estructura Saldamando.<\/p>\n\n\n\n<p><strong>Por Leandro Grecco \/ www.labrujula24.ccom<\/strong><br>El joven piloto ser\u00e1 uno de los tantos en sumarse al pr\u00f3ximo Campeonato Invernal de midgets. Y lleva un apellido que se ha convertido en protagonista excluyente en el automovilismo nacional. Su nombre es Juan Ignacio Todino.<\/p>\n\n\n\n<p>Tiene 19 a\u00f1os y al igual que Germ\u00e1n (piloto de TC) es nacido en Rivera. Est\u00e1 estudiando en Bah\u00eda Blanca y convers\u00f3 con LA BR\u00daJULA 24 sobre este nuevo desaf\u00edo: \u201cUn d\u00eda fui a ver una carrera con mi pap\u00e1 y me gust\u00f3 mucho. Le insist\u00ed mucho para que me lleve a probar un auto hasta que lo consegu\u00ed\u201d.<\/p>\n\n\n\n<p>Y afirm\u00f3: \u201cUn amigo (Sebasti\u00e1n Gatti) averigu\u00f3 cu\u00e1l era la mejor opci\u00f3n y fuimos al taller de Fernando Saldamando, el cual est\u00e1 armando un chasis cero kil\u00f3metro y un motor. La idea es la pr\u00f3xima semana ir a probar al salitral con un auto que no ser\u00e1 el m\u00edo porque a\u00fan no est\u00e1 listo\u201d.<\/p>\n","protected":false},"excerpt":{"rendered":"<div class=\"mh-excerpt\"><p>Juan Ignacio Todino es el hermano de Germ\u00e1n. Se sumar\u00e1 al pr\u00f3ximo Invernal con la estructura Saldamando. Por Leandro Grecco \/ www.labrujula24.ccomEl joven piloto ser\u00e1 uno de los tantos en sumarse al pr\u00f3ximo Campeonato Invernal de midgets. Y lleva un apellido que se ha convertido en protagonista excluyente en el automovilismo nacional. Su nombre es Juan Ignacio Todino. Tiene 19 a\u00f1os y al igual que Germ\u00e1n (piloto de TC) es nacido en Rivera. Est\u00e1 estudiando en Bah\u00eda Blanca y convers\u00f3 con LA BR\u00daJULA 24 sobre este nuevo desaf\u00edo: \u201cUn d\u00eda fui a ver una carrera con mi pap\u00e1 y me <a class=\"mh-excerpt-more\" href=\"http:\/\/dsrmedios.com.ar\/diario\/archivos\/30463\" title=\"El hermano de una de las m\u00e1ximas figuras del TC correr\u00e1 en midgets\">[Leer m\u00e1s]<\/a><\/p>\n<\/div>","protected":false},"author":5,"featured_media":30464,"comment_status":"open","ping_status":"closed","sticky":false,"template":"","format":"standard","meta":{"_jetpack_newsletter_access":""},"categories":[2],"tags":[],"jetpack_featured_media_url":"http:\/\/dsrmedios.com.ar\/diario\/wp-content\/uploads\/2023\/03\/TODINO2.jpg","jetpack_sharing_enabled":true,"jetpack_shortlink":"https:\/\/wp.me\/p9fihK-7Vl","_links":{"self":[{"href":"http:\/\/dsrmedios.com.ar\/diario\/wp-json\/wp\/v2\/posts\/30463"}],"collection":[{"href":"http:\/\/dsrmedios.com.ar\/diario\/wp-json\/wp\/v2\/posts"}],"about":[{"href":"http:\/\/dsrmedios.com.ar\/diario\/wp-json\/wp\/v2\/types\/post"}],"author":[{"embeddable":true,"href":"http:\/\/dsrmedios.com.ar\/diario\/wp-json\/wp\/v2\/users\/5"}],"replies":[{"embeddable":true,"href":"http:\/\/dsrmedios.com.ar\/diario\/wp-json\/wp\/v2\/comments?post=30463"}],"version-history":[{"count":1,"href":"http:\/\/dsrmedios.com.ar\/diario\/wp-json\/wp\/v2\/posts\/30463\/revisions"}],"predecessor-version":[{"id":30465,"href":"http:\/\/dsrmedios.com.ar\/diario\/wp-json\/wp\/v2\/posts\/30463\/revisions\/30465"}],"wp:featuredmedia":[{"embeddable":true,"href":"http:\/\/dsrmedios.com.ar\/diario\/wp-json\/wp\/v2\/media\/30464"}],"wp:attachment":[{"href":"http:\/\/dsrmedios.com.ar\/diario\/wp-json\/wp\/v2\/media?parent=30463"}],"wp:term":[{"taxonomy":"category","embeddable":true,"href":"http:\/\/dsrmedios.com.ar\/diario\/wp-json\/wp\/v2\/categories?post=30463"},{"taxonomy":"post_tag","embeddable":true,"href":"http:\/\/dsrmedios.com.ar\/diario\/wp-json\/wp\/v2\/tags?post=30463"}],"curies":[{"name":"wp","href":"https:\/\/api.w.org\/{rel}","templated":true}]}}