{"id":30435,"date":"2023-03-30T09:00:07","date_gmt":"2023-03-30T12:00:07","guid":{"rendered":"http:\/\/dsrmedios.com.ar\/diario\/?p=30435"},"modified":"2023-03-30T09:00:11","modified_gmt":"2023-03-30T12:00:11","slug":"conclusiones-entrevista-al-concejal-facundo-montenegro-referente-de-evolucion","status":"publish","type":"post","link":"http:\/\/dsrmedios.com.ar\/diario\/archivos\/30435","title":{"rendered":"Conclusiones: Entrevista al Concejal Facundo Montenegro referente de Evoluci\u00f3n"},"content":{"rendered":"\n<p>El Contador Facundo Montenegro convers\u00f3 con nuestro medio y dej\u00f3 claro que el grupo pol\u00edtico que representa tiene planeado presentar lista en las pr\u00f3ximas elecciones, sin ratificar si volver\u00e1 a ser candidato a intendente.<\/p>\n\n\n\n<p class=\"has-text-align-center\"><strong>&#8220;Todav\u00eda podemos aportar, espero desde lo personal que me toque, si bien no tengo decidido que voy a ir en esta, si bien estoy a disposici\u00f3n del espacio, y ya avanzada la campa\u00f1a lo decidiremos; el espacio Evolucion va a presentar lista&#8221;<\/strong><\/p>\n\n\n\n<p class=\"has-text-align-center\">&#8220;Con el intendente en las ideas no estamos lejos, pero en la ejecuci\u00f3n hay un abismo, tal vez porque \u00e9l es licenciado en turismo y yo contador, lo vemos distinto, y como yo encarar\u00eda la administraci\u00f3n y la ejecuci\u00f3n de una de una gesti\u00f3n, por d\u00f3nde apuntar\u00eda una gesti\u00f3n; por el lado de la producci\u00f3n, de la integraci\u00f3n y el federalismo\u201d<\/p>\n\n\n\n<p class=\"has-text-align-center\">\u201cTengo di\u00e1logo con el Intendente, con cada uno de los concejales de juntos y de los otros concejales, Para m\u00ed la pol\u00edtica no es una cuesti\u00f3n personal, o sea, yo no estoy enojado absolutamente con nadie, simplemente pensamos distinto. Han ido sucediendo un mont\u00f3n de cuestiones a trav\u00e9s de los a\u00f1os que todos tenemos un poco de culpa. Yo no digo yo soy el mejor ni soy el peor, Y el di\u00e1logo siempre est\u00e1, o sea, no se cerr\u00f3 el di\u00e1logo, simplemente por ah\u00ed alguna de las dos partes tenemos que ver como ensamblamos, si es que se puede ensamblar, para lo que en un momento estuvimos juntos, Volver a estarlo\u201d<\/p>\n\n\n\n<p class=\"has-text-align-center\">\u201cyo le he estado en ese sill\u00f3n en cuatro oportunidades, interino, y amo\u2026 las dos son apasionantes, lo legislativo, va por lo pol\u00edtico y lo Ejecutivo es donde vos ten\u00e9s las herramientas para llevar soluciones concretas, y lograrlo o tratar de lograr los objetivos que te propusiste como intendente para una gesti\u00f3n y para todo el distrito son totalmente distintos y me gustar\u00eda.\u201d<\/p>\n\n\n\n<p class=\"has-text-align-center\">\u201cme encantar\u00eda afrontar los problemas y traer soluciones, y ojal\u00e1 si me toca que sea para bien de todo el distrito, o sea, como decimos los pol\u00edticos, no por el bronce, sino por lograr estas peque\u00f1as grandes cosas con la que sue\u00f1o para un distrito, pero yo creo que el espacio pol\u00edtico al que represento y el grupo de gente que me acompa\u00f1a lo podemos hacer distinto lo podemos hacer mejor y vamos a pedir desde nuestro espacio el acompa\u00f1amiento de la comunidad. S\u00ed, en el \u00ednterin logramos acuerdo y pasan cosas, tratar de aportar todo lo mejor sin duda, queremos lo mejor.\u201d<\/p>\n\n\n\n<figure class=\"wp-block-embed is-type-video is-provider-youtube wp-block-embed-youtube wp-embed-aspect-4-3 wp-has-aspect-ratio\"><div class=\"wp-block-embed__wrapper\">\n<span class=\"embed-youtube\" style=\"text-align:center; display: block;\"><iframe loading=\"lazy\" class=\"youtube-player\" width=\"640\" height=\"360\" src=\"https:\/\/www.youtube.com\/embed\/vCpIbtbMV6A?version=3&#038;rel=1&#038;showsearch=0&#038;showinfo=1&#038;iv_load_policy=1&#038;fs=1&#038;hl=es-ES&#038;autohide=2&#038;wmode=transparent\" allowfullscreen=\"true\" style=\"border:0;\" sandbox=\"allow-scripts allow-same-origin allow-popups allow-presentation\"><\/iframe><\/span>\n<\/div><\/figure>\n","protected":false},"excerpt":{"rendered":"<div class=\"mh-excerpt\"><p>El Contador Facundo Montenegro convers\u00f3 con nuestro medio y dej\u00f3 claro que el grupo pol\u00edtico que representa tiene planeado presentar lista en las pr\u00f3ximas elecciones, sin ratificar si volver\u00e1 a ser candidato a intendente. &#8220;Todav\u00eda podemos aportar, espero desde lo personal que me toque, si bien no tengo decidido que voy a ir en esta, si bien estoy a disposici\u00f3n del espacio, y ya avanzada la campa\u00f1a lo decidiremos; el espacio Evolucion va a presentar lista&#8221; &#8220;Con el intendente en las ideas no estamos lejos, pero en la ejecuci\u00f3n hay un abismo, tal vez porque \u00e9l es licenciado en turismo <a class=\"mh-excerpt-more\" href=\"http:\/\/dsrmedios.com.ar\/diario\/archivos\/30435\" title=\"Conclusiones: Entrevista al Concejal Facundo Montenegro referente de Evoluci\u00f3n\">[Leer m\u00e1s]<\/a><\/p>\n<\/div>","protected":false},"author":5,"featured_media":30450,"comment_status":"open","ping_status":"closed","sticky":false,"template":"","format":"standard","meta":{"_jetpack_newsletter_access":""},"categories":[32,45],"tags":[],"jetpack_featured_media_url":"http:\/\/dsrmedios.com.ar\/diario\/wp-content\/uploads\/2023\/03\/Facundo-Montenegro-29-marzo-2023.jpeg","jetpack_sharing_enabled":true,"jetpack_shortlink":"https:\/\/wp.me\/p9fihK-7UT","_links":{"self":[{"href":"http:\/\/dsrmedios.com.ar\/diario\/wp-json\/wp\/v2\/posts\/30435"}],"collection":[{"href":"http:\/\/dsrmedios.com.ar\/diario\/wp-json\/wp\/v2\/posts"}],"about":[{"href":"http:\/\/dsrmedios.com.ar\/diario\/wp-json\/wp\/v2\/types\/post"}],"author":[{"embeddable":true,"href":"http:\/\/dsrmedios.com.ar\/diario\/wp-json\/wp\/v2\/users\/5"}],"replies":[{"embeddable":true,"href":"http:\/\/dsrmedios.com.ar\/diario\/wp-json\/wp\/v2\/comments?post=30435"}],"version-history":[{"count":3,"href":"http:\/\/dsrmedios.com.ar\/diario\/wp-json\/wp\/v2\/posts\/30435\/revisions"}],"predecessor-version":[{"id":30453,"href":"http:\/\/dsrmedios.com.ar\/diario\/wp-json\/wp\/v2\/posts\/30435\/revisions\/30453"}],"wp:featuredmedia":[{"embeddable":true,"href":"http:\/\/dsrmedios.com.ar\/diario\/wp-json\/wp\/v2\/media\/30450"}],"wp:attachment":[{"href":"http:\/\/dsrmedios.com.ar\/diario\/wp-json\/wp\/v2\/media?parent=30435"}],"wp:term":[{"taxonomy":"category","embeddable":true,"href":"http:\/\/dsrmedios.com.ar\/diario\/wp-json\/wp\/v2\/categories?post=30435"},{"taxonomy":"post_tag","embeddable":true,"href":"http:\/\/dsrmedios.com.ar\/diario\/wp-json\/wp\/v2\/tags?post=30435"}],"curies":[{"name":"wp","href":"https:\/\/api.w.org\/{rel}","templated":true}]}}