{"id":30423,"date":"2023-03-29T09:27:20","date_gmt":"2023-03-29T12:27:20","guid":{"rendered":"http:\/\/dsrmedios.com.ar\/diario\/?p=30423"},"modified":"2023-03-29T09:27:23","modified_gmt":"2023-03-29T12:27:23","slug":"andres-participo-del-acto-por-el-dia-de-la-memoria-por-la-verdad-y-la-justicia","status":"publish","type":"post","link":"http:\/\/dsrmedios.com.ar\/diario\/archivos\/30423","title":{"rendered":"Andres particip\u00f3 del acto por el D\u00eda de la Memoria por la Verdad y la Justicia"},"content":{"rendered":"\n<p>El Intendente de Adolfo Alsina, Javier Andres, particip\u00f3 del Acto por el D\u00eda de la Memoria organizado por la Comisi\u00f3n de la Memoria Adolfo Alsina.<\/p>\n\n\n\n<p>El acto se llev\u00f3 a cabo el pasado viernes 24 de marzo en la Plaza de la Memoria por la Verdad y la Justicia de Carhu\u00e9. Participaron junto al Intendente la Presidente del Honorable Concejo Deliberante de Adolfo Alsina, Mar\u00eda de los \u00c1ngeles Fern\u00e1ndez, la Concejal Ana Clara Uribe Echevarr\u00eda, y la Secretaria de Cultura y Educaci\u00f3n, Gisele Caussanel.<\/p>\n","protected":false},"excerpt":{"rendered":"<div class=\"mh-excerpt\"><p>El Intendente de Adolfo Alsina, Javier Andres, particip\u00f3 del Acto por el D\u00eda de la Memoria organizado por la Comisi\u00f3n de la Memoria Adolfo Alsina. El acto se llev\u00f3 a cabo el pasado viernes 24 de marzo en la Plaza de la Memoria por la Verdad y la Justicia de Carhu\u00e9. Participaron junto al Intendente la Presidente del Honorable Concejo Deliberante de Adolfo Alsina, Mar\u00eda de los \u00c1ngeles Fern\u00e1ndez, la Concejal Ana Clara Uribe Echevarr\u00eda, y la Secretaria de Cultura y Educaci\u00f3n, Gisele Caussanel.<\/p>\n<\/div>","protected":false},"author":5,"featured_media":30424,"comment_status":"open","ping_status":"closed","sticky":false,"template":"","format":"standard","meta":{"_jetpack_newsletter_access":""},"categories":[5],"tags":[],"jetpack_featured_media_url":"http:\/\/dsrmedios.com.ar\/diario\/wp-content\/uploads\/2023\/03\/memoria.jpeg","jetpack_sharing_enabled":true,"jetpack_shortlink":"https:\/\/wp.me\/p9fihK-7UH","_links":{"self":[{"href":"http:\/\/dsrmedios.com.ar\/diario\/wp-json\/wp\/v2\/posts\/30423"}],"collection":[{"href":"http:\/\/dsrmedios.com.ar\/diario\/wp-json\/wp\/v2\/posts"}],"about":[{"href":"http:\/\/dsrmedios.com.ar\/diario\/wp-json\/wp\/v2\/types\/post"}],"author":[{"embeddable":true,"href":"http:\/\/dsrmedios.com.ar\/diario\/wp-json\/wp\/v2\/users\/5"}],"replies":[{"embeddable":true,"href":"http:\/\/dsrmedios.com.ar\/diario\/wp-json\/wp\/v2\/comments?post=30423"}],"version-history":[{"count":1,"href":"http:\/\/dsrmedios.com.ar\/diario\/wp-json\/wp\/v2\/posts\/30423\/revisions"}],"predecessor-version":[{"id":30425,"href":"http:\/\/dsrmedios.com.ar\/diario\/wp-json\/wp\/v2\/posts\/30423\/revisions\/30425"}],"wp:featuredmedia":[{"embeddable":true,"href":"http:\/\/dsrmedios.com.ar\/diario\/wp-json\/wp\/v2\/media\/30424"}],"wp:attachment":[{"href":"http:\/\/dsrmedios.com.ar\/diario\/wp-json\/wp\/v2\/media?parent=30423"}],"wp:term":[{"taxonomy":"category","embeddable":true,"href":"http:\/\/dsrmedios.com.ar\/diario\/wp-json\/wp\/v2\/categories?post=30423"},{"taxonomy":"post_tag","embeddable":true,"href":"http:\/\/dsrmedios.com.ar\/diario\/wp-json\/wp\/v2\/tags?post=30423"}],"curies":[{"name":"wp","href":"https:\/\/api.w.org\/{rel}","templated":true}]}}